{"id":251,"date":"2010-04-15T21:20:00","date_gmt":"2010-04-15T21:20:00","guid":{"rendered":"\/Blogg\/post\/host-host.aspx"},"modified":"2024-03-29T11:54:05","modified_gmt":"2024-03-29T10:54:05","slug":"host-host","status":"publish","type":"post","link":"https:\/\/blogg.fumei.se\/?p=251","title":{"rendered":"*host host*"},"content":{"rendered":"<p>Att jag aldrig l\u00e4r mig! Nu har jag gjort samma misstag i \u00e5r igen, som jag g\u00f6r varje \u00e5r. H\u00e4ngt in vinterjackan i garderoben och bara k\u00f6rt tjocktr\u00f6ja n\u00e4r det varit soligt och fint. Men det bl\u00e5ser ju! S\u00e5 nu har jag f\u00e5tt raspig hals och lite hosta. F\u00e5r kl\u00e4 p\u00e5 mig lite b\u00e4ttre och hoppas att det onda f\u00f6rsvinner innan jag hinner bli f\u00f6rkyld ordentligt. Har verkligen inte tid, ork eller lust med s\u00e5nt. F\u00f6r att inte tala om r\u00e5d. Idag har jag varit p\u00e5 utbildning. Det var jag, Micaela och Ulla p\u00e5 jobbet som var d\u00e4r, och det var egentligen rena turen att vi fick g\u00e5, f\u00f6r v\u00e5r chef hade inte h\u00f6rt ett ord om den h\u00e4r utbildningen, trots att den riktade sig till undersk\u00f6terskor som har hand om sjuka barn. Och det kan man v\u00e4l p\u00e5 s\u00e4tt och vis s\u00e4ga att vi har? Vi har i alla fall hand om deras mammor ganska ofta.<br \/>\nI vilket fall s\u00e5 handlade dagen om infektionshygien, om hur man arbetar p\u00e5 barn-IVA och om professionellt bem\u00f6tande av familjer med sjuka barn. Vi fick f\u00f6rel\u00e4sningar om det ifr\u00e5n b\u00e5de personal- och anh\u00f6rigsynpunkt, vilket \u00e4r bra f\u00f6r att vi ska kunna f\u00f6rst\u00e5 b\u00e4ttre hur v\u00e5ra patienter m\u00e5r.<br \/>\nS\u00e5 nu har jag lite anteckningar att ta med och visa chefen n\u00e4sta g\u00e5ng jag tr\u00e4ffar henne.<br \/>\nInnan jag for hem hann jag fixa lite med f\u00e5rr\u00e4det som jag inte hann ig\u00e5r, s\u00e5 slipper jag stressa med det imorgon innan jag b\u00f6rjar mitt pass. Det blev snabbmat \u00e1 la Fumei idag: pasta med korvfr\u00e4s (&#8221;slantar&#8221; av grillkorv stekt med l\u00f6k och kryddor) f\u00f6r egentligen hade jag skrivit k\u00e5lpudding p\u00e5 matlistan (ja jag har varit s\u00e5 pr\u00e4ktig och f\u00f6ljt en matlista&#8230;) men vem orkade v\u00e4nta\u00a0tv\u00e5 timmar p\u00e5 att middagen skulle bli klar, d\u00e5? Inte vi. S\u00e5 det f\u00e5r bli k\u00e5lpudding en annan dag ist\u00e4llet.<br \/>\nRingde och grattade modern och fadern p\u00e5 f\u00f6delsedagen ocks\u00e5. De fyller ju samma dag, det \u00e4r s\u00e5 smidigt \ud83d\ude42 men vilka problem man hade n\u00e4r man var liten att fatta hur de kunde fylla samma dag n\u00e4r ingen annans mamma och pappa gjorde det?!? hahahaha.<\/p>\n<p>Vi ska fira dem lite grand n\u00e4sta s\u00f6ndag n\u00e4r vi \u00e4ven ska fira Robin som fyller 14 d\u00e5. Huvva, vad de v\u00e4xer! Ja, Robin allts\u00e5, inte mor och far&#8230; Nu ska jag strax l\u00e4gga mig, det f\u00e5r bli pyjamas p\u00e5 inatt s\u00e5 jag inte fryser, och s\u00e5 ska jag l\u00e4sa ut &#8221;Under stj\u00e4rnor av glas&#8221; av Barbara Ewing och kanske tom hinna b\u00f6rja p\u00e5 &#8221;M\u00e4nniskohamn&#8221; av John Ajvide Lindqvist.<br \/>\nJag har en del recensioner jag vill skriva ocks\u00e5&#8230;m\u00e5ste ta tag i skrivandet snart igen&#8230;k\u00e4nner att det g\u00e5r f\u00f6r l\u00e5ng tid mellan g\u00e5ngerna och att jag dessutom slackar p\u00e5 l\u00e4sfronten. F\u00f6rhoppningsvis blir det b\u00e4ttre nu n\u00e4r ljuset kommer&#8230;<\/p>\n","protected":false},"excerpt":{"rendered":"<p>Att jag aldrig l\u00e4r mig! Nu har jag gjort samma misstag i \u00e5r igen, som jag g\u00f6r varje \u00e5r. H\u00e4ngt in vinterjackan i garderoben och bara k\u00f6rt tjocktr\u00f6ja n\u00e4r det varit soligt och fint. Men det bl\u00e5ser ju! S\u00e5 nu har jag f\u00e5tt raspig hals och lite hosta. F\u00e5r kl\u00e4 p\u00e5 mig lite b\u00e4ttre och&#8230;<\/p>\n","protected":false},"author":1,"featured_media":0,"comment_status":"open","ping_status":"open","sticky":false,"template":"","format":"standard","meta":{"jetpack_post_was_ever_published":false,"_jetpack_newsletter_access":"","_jetpack_dont_email_post_to_subs":false,"_jetpack_newsletter_tier_id":0,"_jetpack_memberships_contains_paywalled_content":false,"_jetpack_memberships_contains_paid_content":false,"footnotes":"","jetpack_publicize_message":"","jetpack_publicize_feature_enabled":true,"jetpack_social_post_already_shared":false,"jetpack_social_options":{"image_generator_settings":{"template":"highway","default_image_id":0,"font":"","enabled":false},"version":2}},"categories":[47],"tags":[],"class_list":["post-251","post","type-post","status-publish","format-standard","hentry","category-vardagsliv"],"jetpack_publicize_connections":[],"jetpack_featured_media_url":"","jetpack_shortlink":"https:\/\/wp.me\/p3qko4-43","jetpack_sharing_enabled":true,"jetpack_likes_enabled":true,"jetpack-related-posts":[{"id":2431,"url":"https:\/\/blogg.fumei.se\/?p=2431","url_meta":{"origin":251,"position":0},"title":"Skolavslutning","author":"M :)","date":"2012-06-17","format":false,"excerpt":"I fredags var det dags f\u00f6r Robin att sluta nian. Fattar inte vart tiden tar v\u00e4gen, det \u00e4r ju inte alls l\u00e4ngesedan jag hade tv\u00e5 sm\u00e5 husmonster som sprang omkring med dockvagnar, Barbie och lego!?! Till allas gl\u00e4dje bj\u00f6d fredagen p\u00e5 sol och n\u00e4stan helt bl\u00e5 himmel dagen till \u00e4ra,\u2026","rel":"","context":"I \u201dVardagsliv\u201d","block_context":{"text":"Vardagsliv","link":"https:\/\/blogg.fumei.se\/?cat=47"},"img":{"alt_text":"","src":"https:\/\/i0.wp.com\/blogg.fumei.se\/wp-content\/uploads\/2012\/06\/1.jpg?resize=350%2C200","width":350,"height":200},"classes":[]},{"id":252,"url":"https:\/\/blogg.fumei.se\/?p=252","url_meta":{"origin":251,"position":1},"title":"Sn\u00e5lbl\u00e5st","author":"M :)","date":"2010-04-13","format":false,"excerpt":"Solen sken idag ocks\u00e5, men det bl\u00e5ste fasligt kallt, s\u00e5 det var n\u00e4stan l\u00e4ge f\u00f6r jacka igen, men jag h\u00e4rdar ut! Har ingen lust att kr\u00e4nga p\u00e5 mig en vinterjacka igen, n\u00e4r jag nu har h\u00e4ngt undan den f\u00f6r i \u00e5r, och n\u00e5gon v\u00e5rjacka har jag inte hunnit inf\u00f6rskaffa, s\u00e5\u2026","rel":"","context":"I \u201dVardagsliv\u201d","block_context":{"text":"Vardagsliv","link":"https:\/\/blogg.fumei.se\/?cat=47"},"img":{"alt_text":"","src":"","width":0,"height":0},"classes":[]},{"id":3094,"url":"https:\/\/blogg.fumei.se\/?p=3094","url_meta":{"origin":251,"position":2},"title":"Pluggh\u00e4st","author":"M :)","date":"2013-07-18","format":false,"excerpt":"Japp, det \u00e4r jag, det! Snart i alla fall. Jag s\u00f6kte n\u00e4mligen en utbildning till specialistundersk\u00f6terska, och f\u00f6r n\u00e5gra veckor sedan fick jag veta att jag kommit in! Men jag ville inte g\u00e5 ut med det till alla f\u00f6rr\u00e4n jag var s\u00e4ker p\u00e5 att det skulle ordna sig med det\u2026","rel":"","context":"I \u201dVardagsliv\u201d","block_context":{"text":"Vardagsliv","link":"https:\/\/blogg.fumei.se\/?cat=47"},"img":{"alt_text":"specusk","src":"https:\/\/i0.wp.com\/blogg.fumei.se\/wp-content\/uploads\/2013\/07\/specusk-300x167.jpg?resize=350%2C200","width":350,"height":200},"classes":[]},{"id":241,"url":"https:\/\/blogg.fumei.se\/?p=241","url_meta":{"origin":251,"position":3},"title":"Tjej&#038;Killsnack vecka 18","author":"M :)","date":"2010-05-04","format":false,"excerpt":"Veckans fr\u00e5gor. L\u00e4s mer om vad TJEJ&KILLSNACK \u00e4r\/hitta alla fr\u00e5gor h\u00e4r \u00a0J\u00e4mlikhet 1. Tycker du att alla ska ha samma l\u00f6n f\u00f6r samma jobb?Nja, vissa skillnader inom yrkena m\u00e5ste det finnas, tex s\u00e5 \u00e4r det ju inte riktigt r\u00e4ttvist om jag som \"bara\" arbetat 8 \u00e5r som undersk\u00f6terska skulle tj\u00e4na\u2026","rel":"","context":"I \u201dVardagsliv\u201d","block_context":{"text":"Vardagsliv","link":"https:\/\/blogg.fumei.se\/?cat=47"},"img":{"alt_text":"","src":"","width":0,"height":0},"classes":[]},{"id":264,"url":"https:\/\/blogg.fumei.se\/?p=264","url_meta":{"origin":251,"position":4},"title":"H\u00e4nder i veckan","author":"M :)","date":"2010-03-23","format":false,"excerpt":"Jag t\u00e4nkte att det kunde vara en kategori. Alltid \u00e4r det n\u00e5got man ser fram emot eller m\u00e5ste ta tag i varje vecka. Nu \u00e4r det visserligen redan tisdag kv\u00e4ll, men \u00e4nd\u00e5. I m\u00e5ndags var ju Robin ch jag iv\u00e4g till barnhabiliteringen f\u00f6r hans \u00e5rliga \"besiktning\". Sjukgymnasten m\u00e4ter och vrider\u2026","rel":"","context":"I \u201dVardagsliv\u201d","block_context":{"text":"Vardagsliv","link":"https:\/\/blogg.fumei.se\/?cat=47"},"img":{"alt_text":"","src":"","width":0,"height":0},"classes":[]},{"id":1183,"url":"https:\/\/blogg.fumei.se\/?p=1183","url_meta":{"origin":251,"position":5},"title":"Quality time","author":"M :)","date":"2009-11-28","format":false,"excerpt":"Egentid. Bra-att-ha f\u00f6r stressade, heltidsarbetande, ensamst\u00e5ende ton\u00e5rsmorsor. Jag f\u00e5r visserligen lite egentid varje vecka genom lediga dagar n\u00e4r barnen \u00e4r i skolan, men jag utnyttjar dem p\u00e5 fel s\u00e4tt. Jag st\u00e4dar och fixar alla \"m\u00e5sten\" ist\u00e4llet f\u00f6r att bara ta vara p\u00e5 tiden och njuta av att vara ledig och\u2026","rel":"","context":"I \u201dVardagsliv\u201d","block_context":{"text":"Vardagsliv","link":"https:\/\/blogg.fumei.se\/?cat=47"},"img":{"alt_text":"","src":"","width":0,"height":0},"classes":[]}],"_links":{"self":[{"href":"https:\/\/blogg.fumei.se\/index.php?rest_route=\/wp\/v2\/posts\/251","targetHints":{"allow":["GET"]}}],"collection":[{"href":"https:\/\/blogg.fumei.se\/index.php?rest_route=\/wp\/v2\/posts"}],"about":[{"href":"https:\/\/blogg.fumei.se\/index.php?rest_route=\/wp\/v2\/types\/post"}],"author":[{"embeddable":true,"href":"https:\/\/blogg.fumei.se\/index.php?rest_route=\/wp\/v2\/users\/1"}],"replies":[{"embeddable":true,"href":"https:\/\/blogg.fumei.se\/index.php?rest_route=%2Fwp%2Fv2%2Fcomments&post=251"}],"version-history":[{"count":2,"href":"https:\/\/blogg.fumei.se\/index.php?rest_route=\/wp\/v2\/posts\/251\/revisions"}],"predecessor-version":[{"id":6719,"href":"https:\/\/blogg.fumei.se\/index.php?rest_route=\/wp\/v2\/posts\/251\/revisions\/6719"}],"wp:attachment":[{"href":"https:\/\/blogg.fumei.se\/index.php?rest_route=%2Fwp%2Fv2%2Fmedia&parent=251"}],"wp:term":[{"taxonomy":"category","embeddable":true,"href":"https:\/\/blogg.fumei.se\/index.php?rest_route=%2Fwp%2Fv2%2Fcategories&post=251"},{"taxonomy":"post_tag","embeddable":true,"href":"https:\/\/blogg.fumei.se\/index.php?rest_route=%2Fwp%2Fv2%2Ftags&post=251"}],"curies":[{"name":"wp","href":"https:\/\/api.w.org\/{rel}","templated":true}]}}