{"id":252,"date":"2010-04-13T21:36:00","date_gmt":"2010-04-13T21:36:00","guid":{"rendered":"\/Blogg\/post\/Snalblast.aspx"},"modified":"2010-04-13T21:36:00","modified_gmt":"2010-04-13T21:36:00","slug":"snalblast","status":"publish","type":"post","link":"https:\/\/blogg.fumei.se\/?p=252","title":{"rendered":"Sn\u00e5lbl\u00e5st"},"content":{"rendered":"<p>Solen sken idag ocks&aring;, men det bl&aring;ste fasligt kallt, s&aring; det var n&auml;stan l&auml;ge f&ouml;r jacka igen, men jag h&auml;rdar ut! Har ingen lust att kr&auml;nga p&aring; mig en vinterjacka igen, n&auml;r jag nu har h&auml;ngt undan den f&ouml;r i &aring;r, och n&aring;gon v&aring;rjacka har jag inte hunnit inf&ouml;rskaffa, s&aring; det &auml;r kofta som g&auml;ller. I mitt fall en tjock, gosig kofta med h&ouml;g krage.<\/p>\n<p>Var till Sk&ouml;vde och IT-gymnasiet idag, f&ouml;r v&aring;rterminens utvecklingssamtal med och f&ouml;r Sophia. Man kan v&auml;l s&auml;ga som s&aring; att det var b&auml;ttre st&auml;mning i rummet den h&auml;r g&aring;ngen &auml;n f&ouml;rra samtalet, och vi var klara p&aring; 20 minuter. Vi gick igenom alla &auml;mnen hon har p&aring; schemat, och s&aring; best&auml;mde vi gemensamt att hon ska satsa fullt ut p&aring; k&auml;rn&auml;mnena och bara h&aring;lla sig flytande i alla andra &auml;mnen, sk&ouml;ta n&auml;rvaron och s&aring;, s&aring; att hon kan f&aring; tillbaka sitt studiebidrag.<br \/>I veckan ska Fia l&auml;mna in ans&ouml;kningsblanketten f&ouml;r (om)val till gymnasiet, men f&ouml;rst m&aring;ste hon komma p&aring; vilka program hon vill ha som andra- och tredjehandsval. Hon s&auml;ger sj&auml;lv Barn- och fritid p&aring; f&ouml;rsta plats, med samh&auml;ll p&aring; andra plats, men det ska ju vara tre val. Vi f&aring;r se vad hon kommer fram till. Hon verkar ha insett vad som g&auml;ller f&ouml;r gymnasiet nu i alla fall, och fattat att det m&aring;ste vara en utbildning som ger henne n&aring;got hon har nytta och gl&auml;dje av i resten av sitt liv.<br \/>Synd bara att hon inte har f&ouml;rst&aring;tt &auml;nnu att det g&auml;ller med resten av tillvaron ocks&aring;, och med pengar.<\/p>\n<p>Den d&auml;r GI-kosten jag skulle &auml;ta&#8230;.ja den f&ouml;ll lite platt ig&aring;r. Jag hade lagt med potatis med kalopsen och ville inte kasta mat, s&aring; jag k&ouml;rde halvt GI bara. Sen stod det en sk&aring;l med chokladbitar p&aring; bordet p&aring; avdelningen, och jag stoppade en i munnen och sen kom jag p&aring; mig sj&auml;lv. J&auml;vlar, var min enkla tanke&#8230;<br \/>Idag hade jag inga &auml;gg, s&aring; jag best&auml;mde att den h&auml;r veckan f&aring;r bli lite haltande GI, s&aring; k&ouml;r jag p&aring; full fart n&auml;sta vecka ist&auml;llet.<\/p>\n<p>Kv&auml;llen har tillbringats i tv-soffanmed barnen. Vi s&aring;g p&aring; film. Stay Alive. Eller &#8211; Sophia drog in p&aring; sitt rum efter en tredjedel av filmen, f&ouml;r hon har sett den innan. Det har Robin ocks&aring;, men han gillar den. Jag tyckte v&auml;l att den var lite halvbra. Skulle vara en skr&auml;ckis, men sannolikheten att det kan h&auml;nda k&auml;ndes l&aring;ngs&ouml;kt, s&aring; jag blev inte direkt r&auml;dd. Lustigt, jag som aldrig ser skr&auml;ckisar annars.<br \/>Intressant &auml;r att min k&auml;ra son vet massor om Elisabet B&aacute;thory (som &auml;r det onda i filmen). Han har tom skrivit en uppsats om henne i skolan (hon var en <a href=\"http:\/\/sv.wikipedia.org\/wiki\/Elisabet_B%C3%A1thory\" target=\"_blank\">ungersk grevinna som levde p&aring; 1500-talet<\/a>, hon d&ouml;dade unga flickor och badade i deras blod f&ouml;r att hon trodde att hon kunde h&aring;lla sig ung p&aring; det s&auml;ttet). Blodt&ouml;rstig son jag har, m&aring; jag s&auml;ga.<\/p>\n<p>Aprop&aring; skolan s&aring; sitter Fia just i detta nu och h&aring;rdpluggar skelettets olika delar med god hj&auml;lp av min bok i medicinsk grundkurs. Den har kommit till anv&auml;ndning flera g&aring;nger efter avslutad utbildning. Bla n&auml;r ungarna var sm&aring; och ville veta hur det ser ut <em>inuti<\/em> mamman och var bebisarna kommer ifr&aring;n. Eller, Fia ville veta, men Robin ville hemskt g&auml;rna vara med och se, f&ouml;r t&auml;nk om han missade n&aring;t kul hihi.<\/p>\n<p>Nu &auml;r det l&auml;ggdags. Imorgon &auml;r det lyfta-kartonger-dag p&aring; jobbet, sen f&ouml;ljer en utbildningsdag och 2 kv&auml;llspass innan jag f&aring;r vila igen p&aring; s&ouml;ndag. Och sen, p&aring; m&aring;ndag, n&auml;r det nya schemat b&ouml;rjar g&auml;lla, d&aring; slutar jag 14.30 varje dagpass! Sk&ouml;nt! Men nu allts&aring;, s&auml;ngen!<\/p>\n","protected":false},"excerpt":{"rendered":"<p>Solen sken idag ocks&aring;, men det bl&aring;ste fasligt kallt, s&aring; det var n&auml;stan l&auml;ge f&ouml;r jacka igen, men jag h&auml;rdar ut! Har ingen lust att kr&auml;nga p&aring; mig en vinterjacka igen, n&auml;r jag nu har h&auml;ngt undan den f&ouml;r i &aring;r, och n&aring;gon v&aring;rjacka har jag inte hunnit inf&ouml;rskaffa, s&aring; det &auml;r kofta som g&auml;ller&#8230;.<\/p>\n","protected":false},"author":1,"featured_media":0,"comment_status":"open","ping_status":"open","sticky":false,"template":"","format":"standard","meta":{"jetpack_post_was_ever_published":false,"_jetpack_newsletter_access":"","_jetpack_dont_email_post_to_subs":false,"_jetpack_newsletter_tier_id":0,"_jetpack_memberships_contains_paywalled_content":false,"_jetpack_memberships_contains_paid_content":false,"footnotes":"","jetpack_publicize_message":"","jetpack_publicize_feature_enabled":true,"jetpack_social_post_already_shared":false,"jetpack_social_options":{"image_generator_settings":{"template":"highway","default_image_id":0,"font":"","enabled":false},"version":2}},"categories":[47],"tags":[],"class_list":["post-252","post","type-post","status-publish","format-standard","hentry","category-vardagsliv"],"jetpack_publicize_connections":[],"jetpack_featured_media_url":"","jetpack_shortlink":"https:\/\/wp.me\/p3qko4-44","jetpack_sharing_enabled":true,"jetpack_likes_enabled":true,"jetpack-related-posts":[{"id":1842,"url":"https:\/\/blogg.fumei.se\/?p=1842","url_meta":{"origin":252,"position":0},"title":"Vi k\u00f6r p\u00e5 ett tag till, d\u00e5&#8230;","author":"M :)","date":"2011-12-08","format":false,"excerpt":"I m\u00e5ndags efter jobbet m\u00f6tte jag upp J p\u00e5 centralen i Gbg, och s\u00e5 tog vi t\u00e5get till V\u00e4xj\u00f6. V\u00e4l d\u00e4r inkvarterade vi oss hos Emma, Silvio och knattarna och fikade och tj\u00f4tade en hel l\u00e5ng kv\u00e4ll innan vi kr\u00f6p ner f\u00f6r att f\u00e5 n\u00e5gra timmars s\u00f6mn innan tisdagens stora\u2026","rel":"","context":"I \u201dFamiljen\u201d","block_context":{"text":"Familjen","link":"https:\/\/blogg.fumei.se\/?cat=34"},"img":{"alt_text":"","src":"","width":0,"height":0},"classes":[]},{"id":619,"url":"https:\/\/blogg.fumei.se\/?p=619","url_meta":{"origin":252,"position":1},"title":"Sp\u00e4ckad helg","author":"M :)","date":"2008-10-12","format":false,"excerpt":"H\u00e4r har det varit full rulle hela helgen. I l\u00f6rdags st\u00e4dade vi, och jag gjorde storkok av k\u00f6ttf\u00e4rss\u00e5s och k\u00e5lpudding. Ilse, Magnus, Frida och Tyra ramlade in vid 15-tiden och s\u00e5g ut som om de skulle flytta in. Efter kaffe, fruktstund, vilopaus f\u00f6r k\u00f6rande pappor och middag f\u00f6r sm\u00e5 flickor,\u2026","rel":"","context":"I \u201dVardagsliv\u201d","block_context":{"text":"Vardagsliv","link":"https:\/\/blogg.fumei.se\/?cat=47"},"img":{"alt_text":"","src":"","width":0,"height":0},"classes":[]},{"id":3550,"url":"https:\/\/blogg.fumei.se\/?p=3550","url_meta":{"origin":252,"position":2},"title":"Fototriss nr 6","author":"M :)","date":"2015-03-14","format":false,"excerpt":"Helena ger ett nytt \u00e4mne varje l\u00f6rdag, och s\u00e5 fotar man och postar. Enkelt och kul! Veckans \u00e4mne var \"motljus\". H\u00e4romdagen n\u00e4r jag skulle ge mig ut p\u00e5 min dagliga promenad k\u00e4nde jag inte f\u00f6r att bara traska runt i n\u00e4romr\u00e5det som vanligt, s\u00e5 jag tog sp\u00e5rvagnen till andra \u00e4nden\u2026","rel":"","context":"I \u201dVardagsliv\u201d","block_context":{"text":"Vardagsliv","link":"https:\/\/blogg.fumei.se\/?cat=47"},"img":{"alt_text":"kartaklippan","src":"https:\/\/i0.wp.com\/blogg.fumei.se\/wp-content\/uploads\/2015\/03\/kartaklippan-300x250.jpg?resize=350%2C200","width":350,"height":200},"classes":[]},{"id":294,"url":"https:\/\/blogg.fumei.se\/?p=294","url_meta":{"origin":252,"position":3},"title":"Bleurgh","author":"M :)","date":"2010-02-19","format":false,"excerpt":"Har varit sjuk. Inte s\u00e5 mycket, men tillr\u00e4ckligt f\u00f6r att g\u00e5 hem tidigare och stanna hemma en dag. Det b\u00f6rjade med att jag hade lite huvudv\u00e4rk ig\u00e5r morse, men jag avf\u00e4rdade det med att jag var tr\u00f6tt. Klockan var ju trots allt bara 4.45 p\u00e5 morgonen. Kom till jobbet, tog\u2026","rel":"","context":"I \u201dVardagsliv\u201d","block_context":{"text":"Vardagsliv","link":"https:\/\/blogg.fumei.se\/?cat=47"},"img":{"alt_text":"","src":"","width":0,"height":0},"classes":[]},{"id":1204,"url":"https:\/\/blogg.fumei.se\/?p=1204","url_meta":{"origin":252,"position":4},"title":"Slutlista","author":"M :)","date":"2009-12-31","format":false,"excerpt":"Gjorde du n\u00e5got i \u00e5r som du aldrig gjort f\u00f6rut? Inget som jag kan komma p\u00e5 just nu.H\u00f6ll du n\u00e5gra av dina ny\u00e5rsl\u00f6ften? Om man inte ger n\u00e5gra beh\u00f6ver man inte bekymra sig \u00f6ver att bryta n\u00e5gra heller.Vilka l\u00e4nder bes\u00f6kte du? Finland.\u00c4r det n\u00e5got du saknar \u00e5r 2009 som du\u2026","rel":"","context":"I \u201dVardagsliv\u201d","block_context":{"text":"Vardagsliv","link":"https:\/\/blogg.fumei.se\/?cat=47"},"img":{"alt_text":"","src":"","width":0,"height":0},"classes":[]},{"id":3529,"url":"https:\/\/blogg.fumei.se\/?p=3529","url_meta":{"origin":252,"position":5},"title":"Fototriss nr 5, 2015","author":"M :)","date":"2015-02-26","format":false,"excerpt":"Helena ger ett nytt \u00e4mne varje l\u00f6rdag, och s\u00e5 fotar man och postar. Enkelt och kul! Veckans \u00e4mne var \"se upp\". Kan tolkas p\u00e5 m\u00e5nga s\u00e4tt. Jag valde det bokstavligen, och s\u00e5g m\u00e5nga vackra gamla hus p\u00e5 min promenad genom Haga i G\u00f6teborg idag. och s\u00e5 bjuder jag p\u00e5 en\u2026","rel":"","context":"I \u201dVardagsliv\u201d","block_context":{"text":"Vardagsliv","link":"https:\/\/blogg.fumei.se\/?cat=47"},"img":{"alt_text":"","src":"","width":0,"height":0},"classes":[]}],"_links":{"self":[{"href":"https:\/\/blogg.fumei.se\/index.php?rest_route=\/wp\/v2\/posts\/252","targetHints":{"allow":["GET"]}}],"collection":[{"href":"https:\/\/blogg.fumei.se\/index.php?rest_route=\/wp\/v2\/posts"}],"about":[{"href":"https:\/\/blogg.fumei.se\/index.php?rest_route=\/wp\/v2\/types\/post"}],"author":[{"embeddable":true,"href":"https:\/\/blogg.fumei.se\/index.php?rest_route=\/wp\/v2\/users\/1"}],"replies":[{"embeddable":true,"href":"https:\/\/blogg.fumei.se\/index.php?rest_route=%2Fwp%2Fv2%2Fcomments&post=252"}],"version-history":[{"count":0,"href":"https:\/\/blogg.fumei.se\/index.php?rest_route=\/wp\/v2\/posts\/252\/revisions"}],"wp:attachment":[{"href":"https:\/\/blogg.fumei.se\/index.php?rest_route=%2Fwp%2Fv2%2Fmedia&parent=252"}],"wp:term":[{"taxonomy":"category","embeddable":true,"href":"https:\/\/blogg.fumei.se\/index.php?rest_route=%2Fwp%2Fv2%2Fcategories&post=252"},{"taxonomy":"post_tag","embeddable":true,"href":"https:\/\/blogg.fumei.se\/index.php?rest_route=%2Fwp%2Fv2%2Ftags&post=252"}],"curies":[{"name":"wp","href":"https:\/\/api.w.org\/{rel}","templated":true}]}}