{"id":257,"date":"2010-04-04T17:00:00","date_gmt":"2010-04-04T17:00:00","guid":{"rendered":"\/Blogg\/post\/Glad-pask.aspx"},"modified":"2010-04-04T17:00:00","modified_gmt":"2010-04-04T17:00:00","slug":"glad-pask","status":"publish","type":"post","link":"https:\/\/blogg.fumei.se\/?p=257","title":{"rendered":"Glad p\u00e5sk"},"content":{"rendered":"<p>&Auml;ven om den snart &auml;r &ouml;ver&#8230;<br \/>Jag har tillbringat g&aring;rdagen och dagen p&aring; jobbet. Det var v&auml;ldigt trevligt, massor med god mat och trevliga arbetskamrater. Nu jobbade jag ju inte med mitt eget lag, men det var s&aring; bra &auml;nd&aring;! Vi brukar ta med oss mat och ordna som lite buff&egrave; n&auml;r det &auml;r storhelger, s&aring; att man &auml;nd&aring; f&aring;r lite firande trots att man &auml;r p&aring; jobbet. Vi fick sitta i lugn och ro och slapp sl&auml;nga i oss maten, f&ouml;r det var ett lugnt pass, och likadant var det idag. Lite sm&aring;plock, och idag hann vi med tv&aring; f&ouml;rlossningar utan att stressa. Najs, najs.<\/p>\n<p>Nu ska jag och Fia &auml;ta lite och sen t&auml;nkte jag ta tillvara p&aring; v&aring;rkv&auml;llen och ljuset, och ta mig ut i skogen p&aring; en promenad.<br \/>Ikv&auml;ll blir det tv. Eftersom det &auml;r p&aring;skhelg, s&aring; visas en massa filmer och serier om Jesus och religion i olika varianter, tex visar SVT2 kl 21.00 &#8221;<a href=\"http:\/\/akas.imdb.com\/title\/tt0070239\/\" target=\"_blank\">Jesus Christ Superstar<\/a>&#8221; fr&aring;n 1973, baserad p&aring; musikalen. TV3 v&auml;ljer att g&aring; p&aring; den lite mer l&auml;ttsamma linjen, och s&auml;nder &#8221;Evan den allsm&auml;ktige&#8221;, men jag v&auml;ljer bort allt p&aring;skligt, och b&auml;nkar mig ist&auml;llet redan klockan 19.00 och sl&aring;r p&aring; Kanal 5, d&auml;r &#8221;<a href=\"http:\/\/akas.imdb.com\/title\/tt1238834\/\" target=\"_blank\">Svindlande h&ouml;jder<\/a>&#8221; visas. Detta &auml;r visst en ny inspelning fr&aring;n 2009, s&aring; jag har nog inte ens sett en liten snutt av den.<\/p>\n<p>F&ouml;rresten lovade jag ju en &#8221;efter&#8221;-bild p&aring; vardagsrummet. S&aring; h&auml;r ser det ut nu:&nbsp;<\/p>\n<p><img decoding=\"async\" src=\"\/blogg\/image.axd?picture=2010%2f4%2fABCD0008.JPG\" alt=\"\" \/><\/p>\n<p>Det ska &auml;ndras lite till, bla ska jag byta soffa, gardiner och mattor, och s&aring; ska jag byta s&auml;ng med Fia l&auml;ngre fram i Juni, och stpra sk&aring;pet i bakgrunden ska mor ta &ouml;ver n&auml;r de flyttar.<br \/>Det f&aring;r v&auml;l bli fler bilder senare, antar jag&#8230;<\/p>\n<p>Till sist minns vi en charmig&nbsp;kille som alltf&ouml;r tidigt fick l&auml;mna sitt jordiska liv. i dag skulle han fyllt 31 &aring;r, Heath Ledger.<\/p>\n<p>&nbsp;<img data-recalc-dims=\"1\" decoding=\"async\" src=\"http:\/\/thetbjoshuafanclub.files.wordpress.com\/2009\/12\/heath-ledger.jpg?w=640\" alt=\"\" \/><\/p>\n","protected":false},"excerpt":{"rendered":"<p>&Auml;ven om den snart &auml;r &ouml;ver&#8230;Jag har tillbringat g&aring;rdagen och dagen p&aring; jobbet. Det var v&auml;ldigt trevligt, massor med god mat och trevliga arbetskamrater. Nu jobbade jag ju inte med mitt eget lag, men det var s&aring; bra &auml;nd&aring;! Vi brukar ta med oss mat och ordna som lite buff&egrave; n&auml;r det &auml;r storhelger, s&aring;&#8230;<\/p>\n","protected":false},"author":1,"featured_media":0,"comment_status":"open","ping_status":"open","sticky":false,"template":"","format":"standard","meta":{"jetpack_post_was_ever_published":false,"_jetpack_newsletter_access":"","_jetpack_dont_email_post_to_subs":false,"_jetpack_newsletter_tier_id":0,"_jetpack_memberships_contains_paywalled_content":false,"_jetpack_memberships_contains_paid_content":false,"footnotes":"","jetpack_publicize_message":"","jetpack_publicize_feature_enabled":true,"jetpack_social_post_already_shared":false,"jetpack_social_options":{"image_generator_settings":{"template":"highway","default_image_id":0,"font":"","enabled":false},"version":2}},"categories":[47],"tags":[],"class_list":["post-257","post","type-post","status-publish","format-standard","hentry","category-vardagsliv"],"jetpack_publicize_connections":[],"jetpack_featured_media_url":"","jetpack_shortlink":"https:\/\/wp.me\/p3qko4-49","jetpack_sharing_enabled":true,"jetpack_likes_enabled":true,"jetpack-related-posts":[{"id":1151,"url":"https:\/\/blogg.fumei.se\/?p=1151","url_meta":{"origin":257,"position":0},"title":"Najs prajs","author":"M :)","date":"2009-10-14","format":false,"excerpt":"Japp, det kan man kalla lasagne med sallad och dricka f\u00f6r 59 kronor. Det var n\u00e4mligen vad jag och Nina \u00e5t till lunch ig\u00e5r n\u00e4r vi tr\u00e4ffades i Gbg. Nina hade ju f\u00e5tt ett ryck och k\u00f6pt t\u00e5gbiljetter t.o.r Gbg f\u00f6r sina (n\u00e4stan) sista pengar, bara f\u00f6r att hon ville\u2026","rel":"","context":"I \u201dVardagsliv\u201d","block_context":{"text":"Vardagsliv","link":"https:\/\/blogg.fumei.se\/?cat=47"},"img":{"alt_text":"","src":"","width":0,"height":0},"classes":[]},{"id":210,"url":"https:\/\/blogg.fumei.se\/?p=210","url_meta":{"origin":257,"position":1},"title":"Mitt-i-sommaren","author":"EmEff","date":"2010-06-25","format":false,"excerpt":"TREVLIG MIDSOMMAR! Idag \u00e4r det midsommarafton. Inte f\u00f6r att jag firat det s\u00e4rskilt mycket n\u00e5gon g\u00e5ng, bara lite mera engagerat n\u00e4r barnen var sm\u00e5 och fortfarande ville vara med p\u00e5 lekarna och dansen runt st\u00e5ngen. Det k\u00e4nns mest som alla andra storhelger - en urs\u00e4kt f\u00f6r att f\u00e5 frossa i\u2026","rel":"","context":"I \u201dVardagsliv\u201d","block_context":{"text":"Vardagsliv","link":"https:\/\/blogg.fumei.se\/?cat=47"},"img":{"alt_text":"","src":"","width":0,"height":0},"classes":[]},{"id":1951,"url":"https:\/\/blogg.fumei.se\/?p=1951","url_meta":{"origin":257,"position":2},"title":"\u00c5rets h\u00f6jdpunkter och bottennapp","author":"M :)","date":"2012-01-02","format":false,"excerpt":"\u00c5ret 2011 kom och gick lite grann som alla andra \u00e5r, med vissa undantag. Jag jobbade massor och f\u00f6rs\u00f6kte f\u00e5 tid, lust och ork \u00f6ver till annat mellan arbetspassen. Det ar inte alltid s\u00e5 l\u00e4tt. Av det som avviker fr\u00e5n det vardagliga minns jag: n\u00e4r jag och Kerstin skulle tr\u00e4ffas\u2026","rel":"","context":"I \u201dVardagsliv\u201d","block_context":{"text":"Vardagsliv","link":"https:\/\/blogg.fumei.se\/?cat=47"},"img":{"alt_text":"","src":"","width":0,"height":0},"classes":[]},{"id":817,"url":"https:\/\/blogg.fumei.se\/?p=817","url_meta":{"origin":257,"position":3},"title":"Lustigt&#8230;","author":"M :)","date":"2009-01-11","format":false,"excerpt":"Idag n\u00e4r jag kom till jobbet blev det lite f\u00f6rvirring. Det visade sig n\u00e4mligen att jag inte stod med p\u00e5 tj\u00e4nstg\u00f6ringslistan! Men enligt mitt schema som jag har skrivit in i min kalender, s\u00e5 skulle jag jobba 14-21. Dessutom hade de satt upp Sylwia som sjuk, och hon stod bredvid\u2026","rel":"","context":"I \u201dVardagsliv\u201d","block_context":{"text":"Vardagsliv","link":"https:\/\/blogg.fumei.se\/?cat=47"},"img":{"alt_text":"","src":"","width":0,"height":0},"classes":[]},{"id":1842,"url":"https:\/\/blogg.fumei.se\/?p=1842","url_meta":{"origin":257,"position":4},"title":"Vi k\u00f6r p\u00e5 ett tag till, d\u00e5&#8230;","author":"M :)","date":"2011-12-08","format":false,"excerpt":"I m\u00e5ndags efter jobbet m\u00f6tte jag upp J p\u00e5 centralen i Gbg, och s\u00e5 tog vi t\u00e5get till V\u00e4xj\u00f6. V\u00e4l d\u00e4r inkvarterade vi oss hos Emma, Silvio och knattarna och fikade och tj\u00f4tade en hel l\u00e5ng kv\u00e4ll innan vi kr\u00f6p ner f\u00f6r att f\u00e5 n\u00e5gra timmars s\u00f6mn innan tisdagens stora\u2026","rel":"","context":"I \u201dFamiljen\u201d","block_context":{"text":"Familjen","link":"https:\/\/blogg.fumei.se\/?cat=34"},"img":{"alt_text":"","src":"","width":0,"height":0},"classes":[]},{"id":23,"url":"https:\/\/blogg.fumei.se\/?p=23","url_meta":{"origin":257,"position":5},"title":"Veckan som g\u00e5tt&#8230;","author":"M :)","date":"2011-07-24","format":false,"excerpt":"Ja, f\u00f6r det f\u00f6rsta var det sjukt mycket att g\u00f6ra p\u00e5 jobbet! Var kommer alla ungar ifr\u00e5n? Eller jag kanske ska fr\u00e5ga hur i helskotta alla gravida kvinnor kan vara i barnaf\u00f6dande fas samtidigt?? I tisdags hade jag tur och kyckades ta en del av min rast, men i fredags\u2026","rel":"","context":"I \u201dVardagsliv\u201d","block_context":{"text":"Vardagsliv","link":"https:\/\/blogg.fumei.se\/?cat=47"},"img":{"alt_text":"","src":"","width":0,"height":0},"classes":[]}],"_links":{"self":[{"href":"https:\/\/blogg.fumei.se\/index.php?rest_route=\/wp\/v2\/posts\/257","targetHints":{"allow":["GET"]}}],"collection":[{"href":"https:\/\/blogg.fumei.se\/index.php?rest_route=\/wp\/v2\/posts"}],"about":[{"href":"https:\/\/blogg.fumei.se\/index.php?rest_route=\/wp\/v2\/types\/post"}],"author":[{"embeddable":true,"href":"https:\/\/blogg.fumei.se\/index.php?rest_route=\/wp\/v2\/users\/1"}],"replies":[{"embeddable":true,"href":"https:\/\/blogg.fumei.se\/index.php?rest_route=%2Fwp%2Fv2%2Fcomments&post=257"}],"version-history":[{"count":0,"href":"https:\/\/blogg.fumei.se\/index.php?rest_route=\/wp\/v2\/posts\/257\/revisions"}],"wp:attachment":[{"href":"https:\/\/blogg.fumei.se\/index.php?rest_route=%2Fwp%2Fv2%2Fmedia&parent=257"}],"wp:term":[{"taxonomy":"category","embeddable":true,"href":"https:\/\/blogg.fumei.se\/index.php?rest_route=%2Fwp%2Fv2%2Fcategories&post=257"},{"taxonomy":"post_tag","embeddable":true,"href":"https:\/\/blogg.fumei.se\/index.php?rest_route=%2Fwp%2Fv2%2Ftags&post=257"}],"curies":[{"name":"wp","href":"https:\/\/api.w.org\/{rel}","templated":true}]}}