{"id":262,"date":"2010-03-27T21:57:00","date_gmt":"2010-03-27T21:57:00","guid":{"rendered":"\/Blogg\/post\/Morkt-och-mysigt.aspx"},"modified":"2010-03-27T21:57:00","modified_gmt":"2010-03-27T21:57:00","slug":"morkt-och-mysigt","status":"publish","type":"post","link":"https:\/\/blogg.fumei.se\/?p=262","title":{"rendered":"M\u00f6rkt och mysigt"},"content":{"rendered":"<p>har vi det h&auml;r hemma. Idag &auml;r det Earth Hour Day och klockan 20&nbsp;sl&auml;ckte vi ner alla lampor och alla apparater som inte m&aring;ste vara p&aring;, och s&aring; t&auml;nde vi ljus och satt alla tre p&aring; min s&auml;ng och spelade kort. Det var hur mysigt som helst! Fast Fia f&ouml;rsvann iofs strax f&ouml;re 21, f&ouml;r hon skulle p&aring; LAN i sin skola.<\/p>\n<p>Idag har jag storhandlat, s&aring; nu beh&ouml;ver jag inte fundera s&aring; l&auml;nge p&aring; vad som ska lagas till middag. Idag blev det luffarfil&egrave; med ris och gr&auml;dds&aring;s, imorgon blir det lax med pressad potatis och limes&aring;s. Jag har redan lyckats f&aring; ihop tre matl&aring;dor till n&auml;sta arbetsvecka, och ett par till blir det v&auml;l innan de har tagit slut.<br \/>Barnen har p&aring;sklov den h&auml;r veckan, s&aring; de f&aring;r anstr&auml;nga sig lite och fixa lunch till sig sj&auml;lva. Grejen &auml;r bara att de sover ganska mycket l&auml;ngre &auml;n jag g&ouml;r, s&aring; de &auml;ter sin lunch i samma veva som jag s&auml;tter mig p&aring; t&aring;get hem fr&aring;n jobbet. D&auml;rf&ouml;r blir det bara n&aring;got l&auml;tt p&aring; kv&auml;llen, som gr&ouml;t eller varma mackor.<\/p>\n<p>Var en sv&auml;ng p&aring; Pingstkyrkans loppis idag ocks&aring;. Mest i jakt p&aring; en gammal skinnjacka att ha nu till v&aring;ren, men det fanns inte ett enda skinnplagg d&auml;rinne! D&auml;remot hittade jag en soffa, som jag inte k&ouml;pte, f&ouml;r dels har jag egentligen inte r&aring;d (fast den kostade bara 400) och sen kunde vi inte f&aring; hem den. De har visserligen hemk&ouml;rning, men det kostar 250 kronor! D&aring; f&aring;r man allt k&ouml;pa f&ouml;r mer pengar &auml;n s&aring;. S&aring;g ocks&aring; en Billy d&auml;r inne. Prislappen sade 200 kronor. Men i det skicket den var i, d&aring; k&ouml;per jag ist&auml;llet en ny, hel hylla p&aring; IKEA f&ouml;r 395 kronor. Billy &auml;r egentligen inte s&aring; dyra&#8230;<\/p>\n<p>Flyttade ut skrivbordet till hallen idag, s&aring; att de som ska h&auml;mta det inte beh&ouml;ver springa in i l&auml;genheten. Sen flyttade jag ut den Billy som Fia hade i sitt rum till vardagsrummet, och s&aring; fick jag &auml;ntligen in alla mina b&ouml;cker i hyllan. Visserligen liggande i h&ouml;gar, men nu ligger de inte i kl&auml;dkammaren! Jag lyckades f&aring; ihop n&auml;stan 2 hyllor med b&ouml;cker jag inte har l&auml;st! Dags att g&ouml;ra n&aring;got &aring;t det!!<\/p>\n<p>Nu ska jag sussa kudde innan jag g&ouml;r n&aring;got annat. Robin ser film och somnar nog ocks&aring; snart. Imorgon ska det st&auml;das lite till, och kanske komemr det upp &#8221;efter&#8221;-bilder p&aring; vardagsrummet&#8230;<\/p>\n","protected":false},"excerpt":{"rendered":"<p>har vi det h&auml;r hemma. Idag &auml;r det Earth Hour Day och klockan 20&nbsp;sl&auml;ckte vi ner alla lampor och alla apparater som inte m&aring;ste vara p&aring;, och s&aring; t&auml;nde vi ljus och satt alla tre p&aring; min s&auml;ng och spelade kort. Det var hur mysigt som helst! Fast Fia f&ouml;rsvann iofs strax f&ouml;re 21, f&ouml;r&#8230;<\/p>\n","protected":false},"author":1,"featured_media":0,"comment_status":"open","ping_status":"open","sticky":false,"template":"","format":"standard","meta":{"jetpack_post_was_ever_published":false,"_jetpack_newsletter_access":"","_jetpack_dont_email_post_to_subs":false,"_jetpack_newsletter_tier_id":0,"_jetpack_memberships_contains_paywalled_content":false,"_jetpack_memberships_contains_paid_content":false,"footnotes":"","jetpack_publicize_message":"","jetpack_publicize_feature_enabled":true,"jetpack_social_post_already_shared":false,"jetpack_social_options":{"image_generator_settings":{"template":"highway","default_image_id":0,"font":"","enabled":false},"version":2}},"categories":[47],"tags":[],"class_list":["post-262","post","type-post","status-publish","format-standard","hentry","category-vardagsliv"],"jetpack_publicize_connections":[],"jetpack_featured_media_url":"","jetpack_shortlink":"https:\/\/wp.me\/p3qko4-4e","jetpack_sharing_enabled":true,"jetpack_likes_enabled":true,"jetpack-related-posts":[{"id":6987,"url":"https:\/\/blogg.fumei.se\/?p=6987","url_meta":{"origin":262,"position":0},"title":"Ut p\u00e5 tur","author":"M :)","date":"2023-03-26","format":false,"excerpt":"Jag har varit p\u00e5 liten resa med goa tjejer idag! F\u00f6rst \u00e5kte vi till Falbygdens ost d\u00e4r vi handlade lite olika godsaker, sedan k\u00f6rde vi vidare till Hornborgasj\u00f6n f\u00f6r att titta p\u00e5 tranorna.Nu var det ju ganska bl\u00e5sigt och lite sn\u00f6blandat regn, s\u00e5 vi var inte d\u00e4r s\u00e5 himla l\u00e4nge,\u2026","rel":"","context":"I \u201dResor\u201d","block_context":{"text":"Resor","link":"https:\/\/blogg.fumei.se\/?cat=478"},"img":{"alt_text":"","src":"https:\/\/i0.wp.com\/blogg.fumei.se\/wp-content\/uploads\/2024\/05\/003D190B-7D05-44E9-A941-BC02DC44BA29_1_105_c.jpeg?resize=350%2C200","width":350,"height":200,"srcset":"https:\/\/i0.wp.com\/blogg.fumei.se\/wp-content\/uploads\/2024\/05\/003D190B-7D05-44E9-A941-BC02DC44BA29_1_105_c.jpeg?resize=350%2C200 1x, https:\/\/i0.wp.com\/blogg.fumei.se\/wp-content\/uploads\/2024\/05\/003D190B-7D05-44E9-A941-BC02DC44BA29_1_105_c.jpeg?resize=525%2C300 1.5x"},"classes":[]},{"id":1589,"url":"https:\/\/blogg.fumei.se\/?p=1589","url_meta":{"origin":262,"position":1},"title":"Tisdagsn\u00f6je","author":"M :)","date":"2011-10-11","format":false,"excerpt":"Tja, egentligen kunde jag v\u00e4l gjort det vilken dag som helst i veckan - utom l\u00f6rdag och s\u00f6ndag, d\u00e5 - men nu blev det idag. Jag har varit hos tandl\u00e4karen. Jag har varit v\u00e4ldigt slarvig, och inte varit hos tandl\u00e4karen p\u00e5 s\u00e4kert 18 \u00e5r. Jag gick regelbundet medan jag v\u00e4ntade\u2026","rel":"","context":"I \u201dVardagsliv\u201d","block_context":{"text":"Vardagsliv","link":"https:\/\/blogg.fumei.se\/?cat=47"},"img":{"alt_text":"","src":"","width":0,"height":0},"classes":[]},{"id":36,"url":"https:\/\/blogg.fumei.se\/?p=36","url_meta":{"origin":262,"position":2},"title":"Tr\u00f6tt och sliten","author":"M :)","date":"2011-06-01","format":false,"excerpt":"De senaste tv\u00e5 velckorna\u00a0har jag inte bara jobbat med mitt \"vanliga\" jobb, jag har \u00e4ven - tillsammans med en kollega - gjort om i f\u00f6rr\u00e5dsutrymmena p\u00e5 jobbet. Vi har lyft, burit, sl\u00e4pat, h\u00e4ngt upp, flyttat och fixat, och\u00a0nu ser det s\u00e5 fint och \u00f6versk\u00e5dligt ut och\u00a0saker och ting har sin\u2026","rel":"","context":"I \u201dVardagsliv\u201d","block_context":{"text":"Vardagsliv","link":"https:\/\/blogg.fumei.se\/?cat=47"},"img":{"alt_text":"","src":"","width":0,"height":0},"classes":[]},{"id":643,"url":"https:\/\/blogg.fumei.se\/?p=643","url_meta":{"origin":262,"position":3},"title":"Aprop\u00e5 od\u00f6dlighet","author":"M :)","date":"2008-11-28","format":false,"excerpt":"Det finns ju flera olika sorters s\u00e4tt att vara od\u00f6dlig inom litteratur och film. En av mina favoriter p\u00e5 90-talet var TV-serien Highlander. Mest gillade jag avsnittet d\u00e4r Christopher Lambert g\u00e4stspelade som en od\u00f6dlig sl\u00e4kting. (Han gjorde som kanske \u00e4r bekant n\u00e5gra filmer med samma titel). Nu s\u00e5g jag f\u00f6r\u2026","rel":"","context":"I \u201dVardagsliv\u201d","block_context":{"text":"Vardagsliv","link":"https:\/\/blogg.fumei.se\/?cat=47"},"img":{"alt_text":"","src":"","width":0,"height":0},"classes":[]},{"id":137,"url":"https:\/\/blogg.fumei.se\/?p=137","url_meta":{"origin":262,"position":4},"title":"Det h\u00e4r med att h\u00e5lla diet","author":"M :)","date":"2011-01-03","format":false,"excerpt":"Det \u00e4r ingen enkel match att h\u00e5lla sig till bara det som \u00e4r bra f\u00f6r en, n\u00e4r man \u00e4r van vid att ha n\u00e5got att mumsa p\u00e5 framf\u00f6r tv:n p\u00e5 kv\u00e4llarna, eller n\u00e4r patienter kommer med godis och kakor som tack f\u00f6r god v\u00e5rd. Men jag har banne mig varit\u2026","rel":"","context":"I \u201dVardagsliv\u201d","block_context":{"text":"Vardagsliv","link":"https:\/\/blogg.fumei.se\/?cat=47"},"img":{"alt_text":"","src":"","width":0,"height":0},"classes":[]},{"id":1194,"url":"https:\/\/blogg.fumei.se\/?p=1194","url_meta":{"origin":262,"position":5},"title":"Tjejsnack vecka 45","author":"M :)","date":"2009-11-17","format":false,"excerpt":"Vill du ocks\u00e5 vara med? Du hittar Tjejsnack h\u00e4r. H\u00f6gtider 1. Finns det n\u00e5gon helgdag som du tycker \u00e4r helt on\u00f6dig?Nja, alla fyller de v\u00e4l n\u00e5got slags syfte, \u00e4ven om m\u00e5nga inte firar dem p\u00e5 traditionellt s\u00e4tt l\u00e4ngre. Men 1:a Maj tycker jag nog har gjort sitt. Den var ju\u2026","rel":"","context":"I \u201dVardagsliv\u201d","block_context":{"text":"Vardagsliv","link":"https:\/\/blogg.fumei.se\/?cat=47"},"img":{"alt_text":"","src":"","width":0,"height":0},"classes":[]}],"_links":{"self":[{"href":"https:\/\/blogg.fumei.se\/index.php?rest_route=\/wp\/v2\/posts\/262","targetHints":{"allow":["GET"]}}],"collection":[{"href":"https:\/\/blogg.fumei.se\/index.php?rest_route=\/wp\/v2\/posts"}],"about":[{"href":"https:\/\/blogg.fumei.se\/index.php?rest_route=\/wp\/v2\/types\/post"}],"author":[{"embeddable":true,"href":"https:\/\/blogg.fumei.se\/index.php?rest_route=\/wp\/v2\/users\/1"}],"replies":[{"embeddable":true,"href":"https:\/\/blogg.fumei.se\/index.php?rest_route=%2Fwp%2Fv2%2Fcomments&post=262"}],"version-history":[{"count":0,"href":"https:\/\/blogg.fumei.se\/index.php?rest_route=\/wp\/v2\/posts\/262\/revisions"}],"wp:attachment":[{"href":"https:\/\/blogg.fumei.se\/index.php?rest_route=%2Fwp%2Fv2%2Fmedia&parent=262"}],"wp:term":[{"taxonomy":"category","embeddable":true,"href":"https:\/\/blogg.fumei.se\/index.php?rest_route=%2Fwp%2Fv2%2Fcategories&post=262"},{"taxonomy":"post_tag","embeddable":true,"href":"https:\/\/blogg.fumei.se\/index.php?rest_route=%2Fwp%2Fv2%2Ftags&post=262"}],"curies":[{"name":"wp","href":"https:\/\/api.w.org\/{rel}","templated":true}]}}