{"id":264,"date":"2010-03-23T19:50:00","date_gmt":"2010-03-23T19:50:00","guid":{"rendered":"\/Blogg\/post\/Hander-i-veckan.aspx"},"modified":"2024-03-25T14:32:46","modified_gmt":"2024-03-25T13:32:46","slug":"hander-i-veckan","status":"publish","type":"post","link":"https:\/\/blogg.fumei.se\/?p=264","title":{"rendered":"H\u00e4nder i veckan"},"content":{"rendered":"<p>Jag t\u00e4nkte att det kunde vara en kategori. Alltid \u00e4r det n\u00e5got man ser fram emot eller m\u00e5ste ta tag i varje vecka. Nu \u00e4r det visserligen redan tisdag kv\u00e4ll, men \u00e4nd\u00e5. I m\u00e5ndags var ju Robin ch jag iv\u00e4g till barnhabiliteringen f\u00f6r hans \u00e5rliga &#8221;besiktning&#8221;. Sjukgymnasten m\u00e4ter och vrider och v\u00e4nder och drar och b\u00f6jer och b\u00e4nder i Robin, sen pratar man en stund om hur det g\u00e5r med allt ifr\u00e5n tandborstning till finmotorik. Egentligen skulle det v\u00e4l inte beh\u00f6vas att vi g\u00e5r p\u00e5 detta, eftersom Robin klarar sig s\u00e5 bra numera, men det k\u00e4nns \u00e4nd\u00e5 tryggt att ha dem &#8221;i ryggen&#8221; s\u00e5 att s\u00e4ga.<\/p>\n<p>N\u00e4r vi gick d\u00e4rifr\u00e5n skulle vi ta bussen ner till stationen f\u00f6r att hinna med t\u00e5get. Jag skulle ju till jobbet och Robin skulle tillbaka till skolan. Bussen kom, men \u00f6ppnade inte d\u00f6rren utan sl\u00e4ppte av en tant och \u00e5kte igen! Gissa om jag blev f\u00f6rbannad? Kikade en g\u00e5ng till p\u00e5 tidtabellen och d\u00e4r stod inget om att det bara skulle vara avstigning p\u00e5 h\u00e5llplatsen. Vem har h\u00f6rt talas om en buss som inte tar med sig passagerare <em>ifr\u00e5n<\/em> ett sjukhus? S\u00e5 vi fick l\u00e4gga p\u00e5 en rem och g\u00e5 ner till stationen. Nu \u00e4r ju inte Falk\u00f6ping s\u00e5 d\u00e4r himla stort, men i vanliga fall tar den promenaden ca 20 minuter i rask takt. D\u00e5 menar jag min raska takt. Robin g\u00e5r av f\u00f6rklarliga sk\u00e4l inte riktigt lika snabbt. Sista 200 metrarna sprang vi. Vi hann precis. Sen ringde jag V\u00e4sttrafik och fr\u00e4ste lite. Sa att dels f\u00e5r de skriva ut tydligare vad som g\u00e4ller p\u00e5 h\u00e5llplatserna, dels f\u00e5r de skicka sina f\u00f6rare p\u00e5 charmkurs. Den h\u00e4r hade n\u00e4mligen mage att &#8211; f\u00f6rutom att han bara \u00e5kte iv\u00e4g, f\u00f6rst syna mig uppifr\u00e5n och ner och sen sn\u00f6rpte han p\u00e5 munnen som om jag var en l\u00e4gre st\u00e5ende varelse. Om han hade \u00f6ppnat d\u00f6rren och sagt till&#8230;men nej d\u00e5&#8230;<br \/>\nTjejen p\u00e5 VT tyckte att vi skulle tagit en taxi. Jomenvisst. Min ekonomi och en taxiresa \u00e4r inte kompatibelt. Dessutom hade jag v\u00e4l f\u00e5tt v\u00e4nta en halvtimme p\u00e5 taxin, s\u00e5 d\u00e5 hade vi ju missat t\u00e5get \u00e4nd\u00e5.<br \/>\nTill jobbet kom jag i alla fall, och det var en lugn kv\u00e4ll. En del st\u00e4dning efter alla patienter som flyttats \u00f6ver till BB, men sen var det egentligen inte s\u00e5 mycket att g\u00f6ra f\u00f6r min del. En snabb f\u00f6rlossning och lite fikafixande. Sk\u00f6nt med s\u00e5dana pass ibland s\u00e5 att vi hinner ladda om innan n\u00e4sta rusch.<br \/>\nVi hade lite praktisk \u00f6vning ocks\u00e5. Ett fejkat larm d\u00e4r vi skulle agera precis som om det var p\u00e5 riktigt. Det gick ganska bra.<\/p>\n<p>Idag har jag bara slappat. Eller inte bara, jag har fixat lite &#8221;pappersarbete&#8221; h\u00e4r hemma och lagat middag, men ut\u00f6ver det har jag l\u00e4st och pillat med blogg, PSP och FB.<\/p>\n<p>Imorgon \u00e4r det utbildningsdag. D\u00e5 ska jag p\u00e5 <em>praktisk utbildning i akuta obstetriska situationer<\/em>. Eller som vi p\u00e5 jobbet kallar det: ALSO. Det st\u00e5r f\u00f6r Advanced Life Support in Obstetrics. Vi ska g\u00e5 igenom hur man f\u00f6rl\u00f6ser med sugklocka, hur man f\u00f6rl\u00f6ser tvillingar och\u00a0s\u00e4tesbjudningar, skulderdystocier (n\u00e4r barnets axlar fastnar)\u00a0och hur man behandlar en patient med stor bl\u00f6dning.<br \/>\nV\u00e4ldigt intressant och nyttigt. Det mesta \u00e4r ju f\u00f6rst\u00e5s s\u00e5nt som barnmorskorna och l\u00e4karna g\u00f6r, men det \u00e4r alltid bra att kunna det. man vet ju aldrig vad som kan h\u00e4nda i en akut situation. En vacker dag st\u00e5r jag d\u00e4r utan vare sig l\u00e4kare eller bm i n\u00e4rheten, och vad g\u00f6r jag d\u00e5?<br \/>\nJag har gjort de h\u00e4r stationerna en g\u00e5ng f\u00f6rut, f\u00f6r ungef\u00e4r tre \u00e5r sedan, men repetition \u00e4r bra. Aprop\u00e5 det ska jag anm\u00e4la mig f\u00f6r brandutbildning och HLR ocks\u00e5.<br \/>\nEftersom morgondagen \u00e4r lite f\u00f6rskjuten mot andra dagar (vi b\u00f6rjar 9 och slutar 17, ist\u00e4llet f\u00f6r 7-16) s\u00e5 hinner jag inte med t\u00e5get hem 17.07, s\u00e5 imorgon blir det en tur till biblioteket. Jag ska l\u00e4mna tillbaka n\u00e5gra b\u00f6cker och h\u00e4mta ut n\u00e5gra andra, bla Crucifix Lane av kate Mosse.<\/p>\n<p>P\u00e5 torsdag \u00e4r det f\u00f6rr\u00e5dsdag igen. Under f\u00f6ruts\u00e4ttning att alla som ska arbeta enligt schema verkligen dyker upp, och inget annat of\u00f6rutsett intr\u00e4ffar, s\u00e5 l\u00e4r jag bli klar snabbt. Jag har n\u00e4mligen f\u00f6rberett mig lite n\u00e4r det nu var s\u00e5 lugna pass b\u00e5de l\u00f6rdag och m\u00e5ndag. Framf\u00f6rh\u00e5llning.<\/p>\n<p>P\u00e5 fredag skulle jag egentligen ha varit ledig, men tog p\u00e5 mig ett extrapass.\u00a0Alla pengar jag kan f\u00e5 extra med Aprill\u00f6nen sitter fint, eftersom banken avslutar kontokrediten den 27.e April (f\u00f6r alla kunder. De g\u00f6r om det till n\u00e5got annat f\u00f6r de som har h\u00f6gre krediter, men vi som har l\u00e5ga krediter blir av med v\u00e5ra). Som det \u00e4r idag s\u00e5 \u00e4r min kontokredit st\u00e4ndigt utnyttjad. Visserligen \u00e4r den bara p\u00e5 1000, men n\u00e4r man lever p\u00e5 existensminimum \u00e4r 1000kr j\u00e4kligt mycket pengar. Ett helt barnbidrag, ju!<\/p>\n<p>P\u00e5 l\u00f6rdag \u00e4r det storhandling som g\u00e4ller. L\u00f6n p\u00e5 fredag och s\u00e5 g\u00f6r vi slut p\u00e5 den p\u00e5 l\u00f6rdag, det l\u00e5ter v\u00e4l bra? D\u00e5 har jag i alla fall f\u00e5tt ha gott om pengar ett helt dygn haha. Nej s\u00e5 illa ska det v\u00e4l inte bli, hoppas jag. Mor och far kommer hit och hj\u00e4lper till. Pappa k\u00f6r bilen, mamma k\u00f6r kundvagnen och jag bjuder dem p\u00e5 lunch. Smidig l\u00f6sning. Vi ska se om vi kan hitta n\u00e5n loppis ocks\u00e5, det kanske st\u00e5r en billy eller n\u00e5got liknande och bara v\u00e4ntar p\u00e5 att jag ska komma f\u00f6rbi och h\u00e4mta upp den!<br \/>\nEventuellt blir jag av med skrivbordet i helgen ocks\u00e5. Jag fick s\u00e5lt det p\u00e5 Tradera, s\u00e5 jag har mailat tjejen som k\u00f6pte det. F\u00e5r se vad hon svarar.<\/p>\n<p>S\u00f6ndag har jag inga planer f\u00f6r \u00e4n, men kanske en promenad i skogen om v\u00e4dret inte \u00e4r f\u00f6r kallt, bl\u00e5sigt eller bl\u00f6tt?<\/p>\n<p>Nu ska jag ta hand om maten. Jag lagar sweet chili-kyckling som vi ska \u00e4ta imorgon, barnen hemma och jag i matl\u00e5da.<\/p>\n","protected":false},"excerpt":{"rendered":"<p>Jag t\u00e4nkte att det kunde vara en kategori. Alltid \u00e4r det n\u00e5got man ser fram emot eller m\u00e5ste ta tag i varje vecka. Nu \u00e4r det visserligen redan tisdag kv\u00e4ll, men \u00e4nd\u00e5. I m\u00e5ndags var ju Robin ch jag iv\u00e4g till barnhabiliteringen f\u00f6r hans \u00e5rliga &#8221;besiktning&#8221;. Sjukgymnasten m\u00e4ter och vrider och v\u00e4nder och drar och&#8230;<\/p>\n","protected":false},"author":1,"featured_media":0,"comment_status":"open","ping_status":"open","sticky":false,"template":"","format":"standard","meta":{"jetpack_post_was_ever_published":false,"_jetpack_newsletter_access":"","_jetpack_dont_email_post_to_subs":false,"_jetpack_newsletter_tier_id":0,"_jetpack_memberships_contains_paywalled_content":false,"_jetpack_memberships_contains_paid_content":false,"footnotes":"","jetpack_publicize_message":"","jetpack_publicize_feature_enabled":true,"jetpack_social_post_already_shared":false,"jetpack_social_options":{"image_generator_settings":{"template":"highway","default_image_id":0,"font":"","enabled":false},"version":2}},"categories":[47],"tags":[],"class_list":["post-264","post","type-post","status-publish","format-standard","hentry","category-vardagsliv"],"jetpack_publicize_connections":[],"jetpack_featured_media_url":"","jetpack_shortlink":"https:\/\/wp.me\/p3qko4-4g","jetpack_sharing_enabled":true,"jetpack_likes_enabled":true,"jetpack-related-posts":[{"id":1000,"url":"https:\/\/blogg.fumei.se\/?p=1000","url_meta":{"origin":264,"position":0},"title":"S\u00e5 himla tr\u00f6ttsamt","author":"M :)","date":"2009-06-06","format":false,"excerpt":"att bo i den h\u00e4r h\u00e5lan. Inte bara f\u00f6r att det \u00e4r litet och tr\u00e5ngsynt och tr\u00e5kigt, utan \u00e4ven f\u00f6r att SJ och V\u00e4sttrafik har f\u00e5tt f\u00f6r sig att vi som bor h\u00e4r inte \u00e5ker varken t\u00e5g eller buss s\u00e4rskilt mycket eller ofta.Idag skulle jag ju \u00e5ka till Sylwia med\u2026","rel":"","context":"I \u201dVardagsliv\u201d","block_context":{"text":"Vardagsliv","link":"https:\/\/blogg.fumei.se\/?cat=47"},"img":{"alt_text":"","src":"","width":0,"height":0},"classes":[]},{"id":990,"url":"https:\/\/blogg.fumei.se\/?p=990","url_meta":{"origin":264,"position":1},"title":"En bl\u00f6t tillst\u00e4llning","author":"M :)","date":"2009-06-12","format":false,"excerpt":"Ja, det hade kunnat bli mycket bl\u00f6tt om skolavslutningarna h\u00e5llits utomhus idag! Nu hade i alla fall mina barn och deras skolkamrater s\u00e5n tur att de var inomhus. F\u00f6r regnat har det gjort idag. Vr\u00e4kt ner. S\u00e5 mycket att jag hade ett litet snack med Robin i morse om ifall\u2026","rel":"","context":"I \u201dVardagsliv\u201d","block_context":{"text":"Vardagsliv","link":"https:\/\/blogg.fumei.se\/?cat=47"},"img":{"alt_text":"","src":"https:\/\/i0.wp.com\/blogg.fumei.se\/wp-content\/uploads\/2009\/06\/39476182-CB65-48D1-A346-FD40ECD89BDC-scaled.jpeg?resize=350%2C200&ssl=1","width":350,"height":200,"srcset":"https:\/\/i0.wp.com\/blogg.fumei.se\/wp-content\/uploads\/2009\/06\/39476182-CB65-48D1-A346-FD40ECD89BDC-scaled.jpeg?resize=350%2C200&ssl=1 1x, https:\/\/i0.wp.com\/blogg.fumei.se\/wp-content\/uploads\/2009\/06\/39476182-CB65-48D1-A346-FD40ECD89BDC-scaled.jpeg?resize=525%2C300&ssl=1 1.5x, https:\/\/i0.wp.com\/blogg.fumei.se\/wp-content\/uploads\/2009\/06\/39476182-CB65-48D1-A346-FD40ECD89BDC-scaled.jpeg?resize=700%2C400&ssl=1 2x, https:\/\/i0.wp.com\/blogg.fumei.se\/wp-content\/uploads\/2009\/06\/39476182-CB65-48D1-A346-FD40ECD89BDC-scaled.jpeg?resize=1050%2C600&ssl=1 3x, https:\/\/i0.wp.com\/blogg.fumei.se\/wp-content\/uploads\/2009\/06\/39476182-CB65-48D1-A346-FD40ECD89BDC-scaled.jpeg?resize=1400%2C800&ssl=1 4x"},"classes":[]},{"id":291,"url":"https:\/\/blogg.fumei.se\/?p=291","url_meta":{"origin":264,"position":2},"title":"Jaha ja&#8230;","author":"EmEff","date":"2010-02-20","format":false,"excerpt":"Jag skulle ju jobba inatt. Tror ni det blir s\u00e5? Nej. F\u00f6r det sn\u00f6ar. Som fan. T\u00e5g och bussar \u00e4r inst\u00e4llda, folk f\u00e5r gr\u00e4va sig ut ur sina hus och kan knappt, om ens alls, ta sig till sina jobb eller annat de bokat in. Sverige st\u00e5r helt enkelt stilla.\u2026","rel":"","context":"I \u201dVardagsliv\u201d","block_context":{"text":"Vardagsliv","link":"https:\/\/blogg.fumei.se\/?cat=47"},"img":{"alt_text":"","src":"","width":0,"height":0},"classes":[]},{"id":699,"url":"https:\/\/blogg.fumei.se\/?p=699","url_meta":{"origin":264,"position":3},"title":"Idag \u00e4r det","author":"M :)","date":"2008-11-04","format":false,"excerpt":"Tisdag den 4 November. Det betyder l\u00e4karbes\u00f6k p\u00e5 habiliteringen f\u00f6r Robin och ledig dag f\u00f6r mig. Jag f\u00f6ljer s\u00e5klart med till habiliteringen. Tyv\u00e4rr tar det ju sin lilla tid att b\u00e5de ta sig dit och sen hem igen av den lilla anledningen att jag inte har k\u00f6rkort och bil, s\u00e5\u2026","rel":"","context":"I \u201dVardagsliv\u201d","block_context":{"text":"Vardagsliv","link":"https:\/\/blogg.fumei.se\/?cat=47"},"img":{"alt_text":"","src":"","width":0,"height":0},"classes":[]},{"id":180,"url":"https:\/\/blogg.fumei.se\/?p=180","url_meta":{"origin":264,"position":4},"title":"Bu &#038; b\u00e4","author":"M :)","date":"2010-09-23","format":false,"excerpt":"Det \u00e4r mycket nu, fast \u00e4nd\u00e5 inte. Mycket p\u00e5 jobbet, s\u00e5d\u00e4r jobbigt mycket som det kan vara ibland. Men jag \u00e4r glad att jag har ett jobb, och ett jobb som jag dessutom gillar! Jag f\u00e5r ofta h\u00f6ra att jag \u00e4r s\u00e5 himla duktig som orkar att pendla s\u00e5 l\u00e5ngt\u2026","rel":"","context":"I \u201dVardagsliv\u201d","block_context":{"text":"Vardagsliv","link":"https:\/\/blogg.fumei.se\/?cat=47"},"img":{"alt_text":"","src":"","width":0,"height":0},"classes":[]},{"id":35,"url":"https:\/\/blogg.fumei.se\/?p=35","url_meta":{"origin":264,"position":5},"title":"S\u00f6ndag p\u00e5 Torsdag","author":"M :)","date":"2011-06-02","format":false,"excerpt":"Ja det \u00e4r ju lite s\u00e5 det \u00e4r, n\u00e4r det \u00e4r \"r\u00f6d\" dag i almanackan och helgdag. Aff\u00e4rer, banker och andra mer eller mindre viktiga institutioner och inr\u00e4ttningar h\u00e5ller st\u00e4ngt. Dock inte sjukhus, vilket inneb\u00e4r att jag jobbar \u00e4ven s\u00e5dana dagar. Tyv\u00e4rr blir det inte av att jag g\u00f6r det,\u2026","rel":"","context":"I \u201dVardagsliv\u201d","block_context":{"text":"Vardagsliv","link":"https:\/\/blogg.fumei.se\/?cat=47"},"img":{"alt_text":"","src":"","width":0,"height":0},"classes":[]}],"_links":{"self":[{"href":"https:\/\/blogg.fumei.se\/index.php?rest_route=\/wp\/v2\/posts\/264","targetHints":{"allow":["GET"]}}],"collection":[{"href":"https:\/\/blogg.fumei.se\/index.php?rest_route=\/wp\/v2\/posts"}],"about":[{"href":"https:\/\/blogg.fumei.se\/index.php?rest_route=\/wp\/v2\/types\/post"}],"author":[{"embeddable":true,"href":"https:\/\/blogg.fumei.se\/index.php?rest_route=\/wp\/v2\/users\/1"}],"replies":[{"embeddable":true,"href":"https:\/\/blogg.fumei.se\/index.php?rest_route=%2Fwp%2Fv2%2Fcomments&post=264"}],"version-history":[{"count":1,"href":"https:\/\/blogg.fumei.se\/index.php?rest_route=\/wp\/v2\/posts\/264\/revisions"}],"predecessor-version":[{"id":6713,"href":"https:\/\/blogg.fumei.se\/index.php?rest_route=\/wp\/v2\/posts\/264\/revisions\/6713"}],"wp:attachment":[{"href":"https:\/\/blogg.fumei.se\/index.php?rest_route=%2Fwp%2Fv2%2Fmedia&parent=264"}],"wp:term":[{"taxonomy":"category","embeddable":true,"href":"https:\/\/blogg.fumei.se\/index.php?rest_route=%2Fwp%2Fv2%2Fcategories&post=264"},{"taxonomy":"post_tag","embeddable":true,"href":"https:\/\/blogg.fumei.se\/index.php?rest_route=%2Fwp%2Fv2%2Ftags&post=264"}],"curies":[{"name":"wp","href":"https:\/\/api.w.org\/{rel}","templated":true}]}}