{"id":2674,"date":"2012-08-15T11:37:12","date_gmt":"2012-08-15T09:37:12","guid":{"rendered":"http:\/\/blogg.fumei.se\/?p=2674"},"modified":"2012-08-15T11:37:12","modified_gmt":"2012-08-15T09:37:12","slug":"recept-lax-och-spenatpaj","status":"publish","type":"post","link":"https:\/\/blogg.fumei.se\/?p=2674","title":{"rendered":"Recept: Lax- och spenatpaj"},"content":{"rendered":"<p>En paj med filodeg ist\u00e4llet f\u00f6r vanlig pajdeg. Man kan g\u00f6ra en stor eller tre sm\u00e5 pajer. Jag gjorde tre sm\u00e5 i folieformar, och fick fyra bitar\/portioner ur varje. En stor ger allts\u00e5 12 bitar\/portioner.<\/p>\n<p><strong>Tilllagningstid:<\/strong>\u00a045 min<br \/>\n<strong>Kalorier:<\/strong>\u00a0253 \/ portion<\/p>\n<div><strong>Energif\u00f6rdelning (en portion):<\/strong><br \/>\nFett: 20 gram<br \/>\nProtein: 12 gram<br \/>\nKolhydrater: 7 gram<\/div>\n<div><\/div>\n<div><strong>Ingredienser:<\/strong><\/div>\n<div>4,0\u00a0st\u00a0\u00c4gg r\u00e5tt<br \/>\n3,0\u00a0dl (riven)\u00a0Ost h\u00e5rdost 38% fett<br \/>\n375,0\u00a0gram\u00a0Lax<br \/>\n3,0\u00a0dl (ovispad)\u00a0Vispgr\u00e4dde 40% fett<br \/>\n120,0\u00a0gram\u00a0Filodeg plattor<br \/>\n300,0\u00a0gram\u00a0Spenat fryst<br \/>\n2,0\u00a0tsk\u00a0\u00f6rtsalt<br \/>\n1,0\u00a0tsk\u00a0vitpeppar<\/div>\n<div><\/div>\n<div><strong>Serveringstips:<\/strong><br \/>\nServera med en gr\u00f6nsallad<\/p>\n<p><strong>Variationstips:<\/strong><br \/>\nByt ut osten mot fetaost eller annan valfri ost.<\/div>\n<div><\/div>\n<div><strong>G\u00f6r s\u00e5 h\u00e4r:<\/strong><\/p>\n<div>1.\u00a0L\u00e4gg filodegsplattorna i botten p\u00e5 pajformarna. L\u00e4gg f\u00f6rst en, pensla sedan med vispat \u00e4gg och l\u00e4gg den andra p\u00e5.<\/div>\n<div>2.\u00a0Sk\u00e4r laxen i sm\u00e5 bitar och l\u00e4gg i pajskalet.<\/div>\n<div>3.\u00a0L\u00e4gg spenaten \u00f6ver laxen.<\/div>\n<div>4.\u00a0Vispa ihop \u00e4ggen, gr\u00e4dden och kryddorna. H\u00e4ll \u00f6ver pajfyllningen.<\/div>\n<div>5.\u00a0F\u00f6rdela den rivna \u00f6sten j\u00e4mnt \u00f6ver pajen\/pajerna.<\/div>\n<div>6.\u00a0Laga i nedre delen av ugnen i ca 20-30 minuter i 200 grader tills \u00e4ggstanningen har stelnat och pajen har f\u00e5tt fin f\u00e4rg.<\/div>\n<div><a href=\"https:\/\/blogg.fumei.se\/?attachment_id=2676\" rel=\"attachment wp-att-2676\"><img data-recalc-dims=\"1\" loading=\"lazy\" decoding=\"async\" data-attachment-id=\"2676\" data-permalink=\"https:\/\/blogg.fumei.se\/?attachment_id=2676\" data-orig-file=\"https:\/\/i0.wp.com\/blogg.fumei.se\/wp-content\/uploads\/2012\/08\/20120814_200702.jpg?fit=1856%2C1044&amp;ssl=1\" data-orig-size=\"1856,1044\" data-comments-opened=\"1\" data-image-meta=\"{&quot;aperture&quot;:&quot;299.07&quot;,&quot;credit&quot;:&quot;&quot;,&quot;camera&quot;:&quot;GT-I9300&quot;,&quot;caption&quot;:&quot;&quot;,&quot;created_timestamp&quot;:&quot;0&quot;,&quot;copyright&quot;:&quot;&quot;,&quot;focal_length&quot;:&quot;3.7&quot;,&quot;iso&quot;:&quot;0&quot;,&quot;shutter_speed&quot;:&quot;0.920786934677&quot;,&quot;title&quot;:&quot;&quot;}\" data-image-title=\"20120814_200702\" data-image-description=\"\" data-image-caption=\"\" data-large-file=\"https:\/\/i0.wp.com\/blogg.fumei.se\/wp-content\/uploads\/2012\/08\/20120814_200702.jpg?fit=640%2C359&amp;ssl=1\" class=\"aligncenter size-medium wp-image-2676\" title=\"20120814_200702\" src=\"https:\/\/i0.wp.com\/blogg.fumei.se\/wp-content\/uploads\/2012\/08\/20120814_200702.jpg?resize=300%2C168&#038;ssl=1\" alt=\"\" width=\"300\" height=\"168\" srcset=\"https:\/\/i0.wp.com\/blogg.fumei.se\/wp-content\/uploads\/2012\/08\/20120814_200702.jpg?resize=300%2C168&amp;ssl=1 300w, https:\/\/i0.wp.com\/blogg.fumei.se\/wp-content\/uploads\/2012\/08\/20120814_200702.jpg?resize=650%2C365&amp;ssl=1 650w, https:\/\/i0.wp.com\/blogg.fumei.se\/wp-content\/uploads\/2012\/08\/20120814_200702.jpg?w=1856&amp;ssl=1 1856w, https:\/\/i0.wp.com\/blogg.fumei.se\/wp-content\/uploads\/2012\/08\/20120814_200702.jpg?w=1280&amp;ssl=1 1280w\" sizes=\"auto, (max-width: 300px) 100vw, 300px\" \/><\/a><\/div>\n<\/div>\n<div><\/div>\n<div><em>Det h\u00e4r receptet har jag \u00e4ven lagt in i receptbanken p\u00e5 <a href=\"http:\/\/matdagboken.se\" target=\"_blank\">Matdagboken.se<\/a>.<\/em><\/div>\n","protected":false},"excerpt":{"rendered":"<p>En paj med filodeg ist\u00e4llet f\u00f6r vanlig pajdeg. Man kan g\u00f6ra en stor eller tre sm\u00e5 pajer. Jag gjorde tre sm\u00e5 i folieformar, och fick fyra bitar\/portioner ur varje. En stor ger allts\u00e5 12 bitar\/portioner. Tilllagningstid:\u00a045 min Kalorier:\u00a0253 \/ portion Energif\u00f6rdelning (en portion): Fett: 20 gram Protein: 12 gram Kolhydrater: 7 gram Ingredienser: 4,0\u00a0st\u00a0\u00c4gg r\u00e5tt&#8230;<\/p>\n","protected":false},"author":1,"featured_media":0,"comment_status":"open","ping_status":"open","sticky":false,"template":"","format":"standard","meta":{"jetpack_post_was_ever_published":false,"_jetpack_newsletter_access":"","_jetpack_dont_email_post_to_subs":false,"_jetpack_newsletter_tier_id":0,"_jetpack_memberships_contains_paywalled_content":false,"_jetpack_memberships_contains_paid_content":false,"footnotes":"","jetpack_publicize_message":"","jetpack_publicize_feature_enabled":true,"jetpack_social_post_already_shared":false,"jetpack_social_options":{"image_generator_settings":{"template":"highway","default_image_id":0,"font":"","enabled":false},"version":2}},"categories":[206],"tags":[211,208,209],"class_list":["post-2674","post","type-post","status-publish","format-standard","hentry","category-mat-och-atbart","tag-bantning","tag-lchf","tag-recept"],"jetpack_publicize_connections":[],"jetpack_featured_media_url":"","jetpack_shortlink":"https:\/\/wp.me\/p3qko4-H8","jetpack_sharing_enabled":true,"jetpack_likes_enabled":true,"jetpack-related-posts":[{"id":115,"url":"https:\/\/blogg.fumei.se\/?p=115","url_meta":{"origin":2674,"position":0},"title":"Mtadags","author":"M :)","date":"2011-01-17","format":false,"excerpt":"Idag blev det s\u00e5 d\u00e4r nyttigt igen f\u00f6r min del, precis som det har varit de senaste 16 dagarna. Dagens middag bestod av linsgryta och ugnsstekt laxkotlett. I och f\u00f6r sig skulle vi alla \u00e4ta lax, men barnen och J fick dela p\u00e5 potatisgrat\u00e4ngen som blev \u00f6ver fr\u00e5n g\u00e5rdagens middag.\u2026","rel":"","context":"I \u201dVardagsliv\u201d","block_context":{"text":"Vardagsliv","link":"https:\/\/blogg.fumei.se\/?cat=47"},"img":{"alt_text":"","src":"","width":0,"height":0},"classes":[]},{"id":1425,"url":"https:\/\/blogg.fumei.se\/?p=1425","url_meta":{"origin":2674,"position":1},"title":"S\u00f6ndagsgodis","author":"M :)","date":"2011-09-18","format":false,"excerpt":"Fattar ni hur sk\u00f6nt det \u00e4r att kunna r\u00f6ra sig igen?? Jag k\u00e4nner visserligen av de t onda i musklerna fortfarande, men det mesta flyter p\u00e5 r\u00e4tt okej, bara jag inte ta i f\u00f6r h\u00e5rt eller g\u00f6r n\u00e5gra hastiga r\u00f6relser. \u00c5terst\u00e5r nu bara att se hur det g\u00e5r p\u00e5 jobbet\u2026","rel":"","context":"I \u201dVardagsliv\u201d","block_context":{"text":"Vardagsliv","link":"https:\/\/blogg.fumei.se\/?cat=47"},"img":{"alt_text":"","src":"","width":0,"height":0},"classes":[]},{"id":1763,"url":"https:\/\/blogg.fumei.se\/?p=1763","url_meta":{"origin":2674,"position":2},"title":"Eget skr\u00e4p \u00e4r guld v\u00e4rt","author":"M :)","date":"2011-12-02","format":false,"excerpt":"Jag \u00e4r . Det inneb\u00e4r att jag \u00e4r medlem p\u00e5 en sida d\u00e4r jag med (o)j\u00e4mna mellanrum blir erbjuden att utv\u00e4rdera produkter eller tj\u00e4nster \u00e5t f\u00f6retag. Det \u00e4r roligt, och det\u00a0\u00e4r inget tv\u00e5ng p\u00e5 att man m\u00e5ste delta i alla kampanjer, tex om jag blir erbjuden en kampanj f\u00f6r en\u2026","rel":"","context":"I \u201dVardagsliv\u201d","block_context":{"text":"Vardagsliv","link":"https:\/\/blogg.fumei.se\/?cat=47"},"img":{"alt_text":"","src":"https:\/\/i0.wp.com\/blogg.fumei.se\/wp-content\/uploads\/2011\/12\/gbkod.png?resize=350%2C200","width":350,"height":200,"srcset":"https:\/\/i0.wp.com\/blogg.fumei.se\/wp-content\/uploads\/2011\/12\/gbkod.png?resize=350%2C200 1x, https:\/\/i0.wp.com\/blogg.fumei.se\/wp-content\/uploads\/2011\/12\/gbkod.png?resize=525%2C300 1.5x"},"classes":[]},{"id":63,"url":"https:\/\/blogg.fumei.se\/?p=63","url_meta":{"origin":2674,"position":3},"title":"The american way","author":"M :)","date":"2011-02-24","format":false,"excerpt":"I s\u00f6ndags var ju J och jag ute och \u00e5t p\u00e5 lokal f\u00f6r att fira att han varit h\u00e4r i ett halv\u00e5r redan. Vi var till ett st\u00e4lle i G\u00f6teborg som heter [North Sportsbar] . Det hette f\u00f6rut North and South, men av milj\u00f6sk\u00e4l har de varit tvungna att st\u00e4nga\u2026","rel":"","context":"I \u201dVardagsliv\u201d","block_context":{"text":"Vardagsliv","link":"https:\/\/blogg.fumei.se\/?cat=47"},"img":{"alt_text":"","src":"https:\/\/i0.wp.com\/blogg.fumei.se\/wp-content\/uploads\/2011\/02\/201102202669.jpg?resize=350%2C200","width":350,"height":200},"classes":[]},{"id":110,"url":"https:\/\/blogg.fumei.se\/?p=110","url_meta":{"origin":2674,"position":4},"title":"Avst\u00e4mning","author":"M :)","date":"2011-01-23","format":false,"excerpt":"Fyra veckor med LCHF, och \u00e4nnu ett kilo ner\u00e5t p\u00e5 v\u00e5gen! \u00a0Jag kan bara s\u00e4ga en sak, och det \u00e4r att jag \u00e4lskar den h\u00e4r dieten! Jag \u00e4ter gott, jag m\u00e5r bra, jag k\u00e4nner hur kl\u00e4derna - eller i alla fall mina byxor - sitter lite b\u00e4ttre redan, och jag\u2026","rel":"","context":"I \u201dVardagsliv\u201d","block_context":{"text":"Vardagsliv","link":"https:\/\/blogg.fumei.se\/?cat=47"},"img":{"alt_text":"","src":"","width":0,"height":0},"classes":[]},{"id":159,"url":"https:\/\/blogg.fumei.se\/?p=159","url_meta":{"origin":2674,"position":5},"title":"S\u00f6ndagsmiddag","author":"M :)","date":"2010-11-21","format":false,"excerpt":"H\u00e4romdagen satt jag i f\u00f6r\u00e4ldrarnas k\u00f6k och vi diskuterade mat. Efter en stund kom vi fram till att det var v\u00e4\u00e4\u00e4ldigt l\u00e4nge sen vi \u00e5t Bagna Cauda.Bagna Cauda \u00e4r en r\u00e4tt man \u00e4ter fr\u00e4mst i Italiens nordliga region Piemonte, d\u00e4r du kan bes\u00f6ka orter som Asti, Novara och OS-staden Turin.\u2026","rel":"","context":"I \u201dVardagsliv\u201d","block_context":{"text":"Vardagsliv","link":"https:\/\/blogg.fumei.se\/?cat=47"},"img":{"alt_text":"","src":"","width":0,"height":0},"classes":[]}],"_links":{"self":[{"href":"https:\/\/blogg.fumei.se\/index.php?rest_route=\/wp\/v2\/posts\/2674","targetHints":{"allow":["GET"]}}],"collection":[{"href":"https:\/\/blogg.fumei.se\/index.php?rest_route=\/wp\/v2\/posts"}],"about":[{"href":"https:\/\/blogg.fumei.se\/index.php?rest_route=\/wp\/v2\/types\/post"}],"author":[{"embeddable":true,"href":"https:\/\/blogg.fumei.se\/index.php?rest_route=\/wp\/v2\/users\/1"}],"replies":[{"embeddable":true,"href":"https:\/\/blogg.fumei.se\/index.php?rest_route=%2Fwp%2Fv2%2Fcomments&post=2674"}],"version-history":[{"count":3,"href":"https:\/\/blogg.fumei.se\/index.php?rest_route=\/wp\/v2\/posts\/2674\/revisions"}],"predecessor-version":[{"id":2678,"href":"https:\/\/blogg.fumei.se\/index.php?rest_route=\/wp\/v2\/posts\/2674\/revisions\/2678"}],"wp:attachment":[{"href":"https:\/\/blogg.fumei.se\/index.php?rest_route=%2Fwp%2Fv2%2Fmedia&parent=2674"}],"wp:term":[{"taxonomy":"category","embeddable":true,"href":"https:\/\/blogg.fumei.se\/index.php?rest_route=%2Fwp%2Fv2%2Fcategories&post=2674"},{"taxonomy":"post_tag","embeddable":true,"href":"https:\/\/blogg.fumei.se\/index.php?rest_route=%2Fwp%2Fv2%2Ftags&post=2674"}],"curies":[{"name":"wp","href":"https:\/\/api.w.org\/{rel}","templated":true}]}}