{"id":2680,"date":"2012-08-16T17:06:09","date_gmt":"2012-08-16T15:06:09","guid":{"rendered":"http:\/\/blogg.fumei.se\/?p=2680"},"modified":"2012-08-16T17:06:09","modified_gmt":"2012-08-16T15:06:09","slug":"jag-blir-bara-sa-trott","status":"publish","type":"post","link":"https:\/\/blogg.fumei.se\/?p=2680","title":{"rendered":"Jag blir bara s\u00e5 tr\u00f6tt&#8230;"},"content":{"rendered":"<p>I v\u00e5ras skrev jag <a href=\"https:\/\/blogg.fumei.se\/?p=2339\" target=\"_blank\"><strong>ett inl\u00e4gg<\/strong><\/a> om hur fel och dumt det blir n\u00e4r felaktiga fakta cirkulerar p\u00e5 bla Facebook. Nu finns det \u00e4nnu en s\u00e5n d\u00e4r idiotgrej, som yttrar sig i att folk delar den h\u00e4r bilden:<\/p>\n<p><a href=\"https:\/\/blogg.fumei.se\/?attachment_id=2681\" rel=\"attachment wp-att-2681\"><img data-recalc-dims=\"1\" loading=\"lazy\" decoding=\"async\" data-attachment-id=\"2681\" data-permalink=\"https:\/\/blogg.fumei.se\/?attachment_id=2681\" data-orig-file=\"https:\/\/i0.wp.com\/blogg.fumei.se\/wp-content\/uploads\/2012\/08\/578788_4423456672838_1255093414_n.jpg?fit=960%2C920&amp;ssl=1\" data-orig-size=\"960,920\" data-comments-opened=\"1\" data-image-meta=\"{&quot;aperture&quot;:&quot;0&quot;,&quot;credit&quot;:&quot;&quot;,&quot;camera&quot;:&quot;&quot;,&quot;caption&quot;:&quot;&quot;,&quot;created_timestamp&quot;:&quot;0&quot;,&quot;copyright&quot;:&quot;&quot;,&quot;focal_length&quot;:&quot;0&quot;,&quot;iso&quot;:&quot;0&quot;,&quot;shutter_speed&quot;:&quot;0&quot;,&quot;title&quot;:&quot;&quot;}\" data-image-title=\"578788_4423456672838_1255093414_n\" data-image-description=\"\" data-image-caption=\"\" data-large-file=\"https:\/\/i0.wp.com\/blogg.fumei.se\/wp-content\/uploads\/2012\/08\/578788_4423456672838_1255093414_n.jpg?fit=640%2C612&amp;ssl=1\" class=\"aligncenter size-medium wp-image-2681\" title=\"578788_4423456672838_1255093414_n\" src=\"https:\/\/i0.wp.com\/blogg.fumei.se\/wp-content\/uploads\/2012\/08\/578788_4423456672838_1255093414_n.jpg?resize=300%2C287&#038;ssl=1\" alt=\"\" width=\"300\" height=\"287\" srcset=\"https:\/\/i0.wp.com\/blogg.fumei.se\/wp-content\/uploads\/2012\/08\/578788_4423456672838_1255093414_n.jpg?resize=300%2C287&amp;ssl=1 300w, https:\/\/i0.wp.com\/blogg.fumei.se\/wp-content\/uploads\/2012\/08\/578788_4423456672838_1255093414_n.jpg?resize=650%2C622&amp;ssl=1 650w, https:\/\/i0.wp.com\/blogg.fumei.se\/wp-content\/uploads\/2012\/08\/578788_4423456672838_1255093414_n.jpg?w=960&amp;ssl=1 960w\" sizes=\"auto, (max-width: 300px) 100vw, 300px\" \/><\/a><\/p>\n<p style=\"text-align: center;\"><em>klicka p\u00e5 bilden om du vill se den i st\u00f6rre format<\/em><\/p>\n<p>S\u00e5 bara f\u00f6r att jag KAN, och VET, s\u00e5 ska jag g\u00f6ra ett inl\u00e4gg i debatten.<\/p>\n<p>Ja, det finns ett bonussystem inom SFI, som inneb\u00e4r att &#8221;eleven&#8221; f\u00e5r en summa pengar efter avslutad kurs. Storleken p\u00e5 denna summa beror helt och h\u00e5llet p\u00e5 1. vilken etapp av SFI som avklarats, och 2. hur snabbt kursen klarats av. Det kr\u00e4vs dock lite motprestation fr\u00e5n &#8221;elevens&#8221; sida; tex att han\/hon kan tala och skriva svenska p\u00e5 den niv\u00e5 som kursen g\u00e4ller och att kursen slutf\u00f6rts inom en viss tidsram.<\/p>\n<p>HUR vet jag d\u00e5 det h\u00e4r? Jo, jag &#8221;importerade&#8221; min sambo fr\u00e5n Costa Rica. Dvs, han flyttade hit f\u00f6r att leva med mig, allts\u00e5 inte som flykting.<br \/>\nHan l\u00e4ste p\u00e5 SFI och klarade sig j\u00e4ttebra och fick v\u00e4ldigt bra betyg, och han pratar idag, efter 2 \u00e5r i Sverige, ganska bra svenska.<br \/>\nHan hade all r\u00e4tt att ans\u00f6ka om bonusen, MEN, hans l\u00e4rare p\u00e5 SFI &#8221;missade&#8221; att ber\u00e4tta om detta, s\u00e5 n\u00e4r jag r\u00e5kade l\u00e4sa om det n\u00e5gonstans, s\u00e5 var det f\u00f6rsent att s\u00f6ka. Lite surt, f\u00f6r det hade inte gjort ont med lite extra pengar, men men&#8230;<\/p>\n<p>Ska till\u00e4ggas att personen som kommer till Sverige ju beh\u00f6ver mat och husrum, men det \u00e4r jag som har st\u00e5tt f\u00f6r allt s\u00e5nt, inte en sp\u00e4nn har han\/vi f\u00e5tt ifr\u00e5n soc eller andra instanser. Eller jo, han har f\u00e5tt aktivitetsst\u00f6d p\u00e5 l\u00e4gstaniv\u00e5 fr\u00e5n FK f\u00f6r att han l\u00e4ste en kurs p\u00e5 h\u00f6gskolan i Sk\u00f6vde som anordnades av AF. AF, som han dessutom varit inskriven hos sedan dagen efter han landade i Sverige.<\/p>\n<p><a href=\"http:\/\/www.skolverket.se\/fortbildning-och-bidrag\/statsbidrag\/sfi-bonus\" target=\"_blank\"><strong>H\u00e4r<\/strong><\/a>, <a href=\"http:\/\/www.falkoping.se\/download\/18.fed198212b66590f7080007684\/L%C3%A4ttl%C3%A4st+p%C3%A5+Svenska.pdf\" target=\"_blank\"><strong>h\u00e4r<\/strong> <\/a>och <strong><a href=\"http:\/\/www.svt.se\/2.22620\/1.2514007\/fa_har_fatt_sfi-bonus\" target=\"_blank\">h\u00e4r<\/a>\u00a0<\/strong>kan du l\u00e4sa mer om SFI-bonus.<\/p>\n<p>Ska vi ta det d\u00e4r om att de gamla inte f\u00e5r \u00e4gg eller sylt och gr\u00e4dde ocks\u00e5?<br \/>\nF\u00f6r det \u00e4r s\u00e5d\u00e4r fel som det kan bli, det ocks\u00e5. Eller, om Carema f\u00e5r sk\u00f6ta v\u00e5rd och omsorg s\u00e5 kanske det kan st\u00e4mma, men p\u00e5 de \u00e4ldreboenden och v\u00e5rdhem d\u00e4r jag har jobbat (och d\u00e4r jag har v\u00e4nner och bekanta som jobbar) s\u00e5 f\u00e5r de gamla b\u00e5de gr\u00f6t och \u00e4gg och mackor och fika och lunch och efterr\u00e4tt och middag och allt vad de nu beh\u00f6ver och faktiskt ibland lite till.<br \/>\nOch jag har aldrig varit med om att de legat i flera dagar i sina s\u00e4ngar i nerbajsade lakan f\u00f6r att det inte finns personal att ta hand om dem. De kanske inte f\u00e5r komma ut p\u00e5 promenad varje dag, men deras grundl\u00e4ggande behov ses alltid till, och det \u00e4r inget som blir s\u00e4mre f\u00f6r att staten instiftar en bonus som invandrare kan ans\u00f6ka om som en morot f\u00f6r att de \u00e4r duktiga p\u00e5 att l\u00e4ra sig ett nytt spr\u00e5k. Ett spr\u00e5k som dessutom oftast \u00e4r ett krav f\u00f6r att de ska klara sig i sitt nya land; Sverige.<br \/>\nAtt hj\u00e4lpa invandrare och flyktingar \u00e4r inte automatiskt detsamma som att f\u00f6rbise v\u00e5ra gamla och sjuka.<\/p>\n<p>Att s\u00e4ga att &#8221;jag \u00e4r inte rasist, men det h\u00e4r g\u00f6r mig f\u00f6rbannad&#8221; utan att ha kollat upp fakta, \u00e4r f\u00f6rbannat dumt. Om du hade tagit dig tid att forska lite i saken, s\u00e5 hade du uppt\u00e4ckt att till skillnad fr\u00e5n alla som bor h\u00e4r i landet och har ett permanent uppeh\u00e5llstillst\u00e5nd, s\u00e5 har invandrare och flyktingar med tillf\u00e4lligt uppeh\u00e5llstillst\u00e5nd och asyls\u00f6kandestatus inga andra m\u00f6jligheter til inkomst. Ha! s\u00e4ger du nu, de f\u00e5r ju socialbidrag!<br \/>\nN\u00e4men du, det \u00e4r ju faktiskt inte alla som f\u00e5r det. Och hur mycket pengar tror du egentligen att man f\u00e5r i socialbidrag? J\u00e4mf\u00f6r sj\u00e4lv med vad <em>du<\/em> f\u00e5r i l\u00f6n\/bidrag, s\u00e5 ska vi se hur l\u00e4nge och till hur mycket du tror att deras pengar r\u00e4cker till.<\/p>\n<p>Det \u00e4r faktiskt ganska tragiskt att folk g\u00e5r p\u00e5 vad som helst, bara f\u00f6r att det r\u00e5kar st\u00e5 skrivet p\u00e5 en sida p\u00e5 internet, eller f\u00f6r att m\u00e5nga delar informationen p\u00e5 Facebook, och jag hoppas och \u00f6nskar att fler s\u00e4ger emot och l\u00e4gger fram fakta f\u00f6r de h\u00e4r \u00e4ggskallarna, s\u00e5 att vi kan f\u00e5 slut p\u00e5 skitsnacket.<\/p>\n","protected":false},"excerpt":{"rendered":"<p>I v\u00e5ras skrev jag ett inl\u00e4gg om hur fel och dumt det blir n\u00e4r felaktiga fakta cirkulerar p\u00e5 bla Facebook. Nu finns det \u00e4nnu en s\u00e5n d\u00e4r idiotgrej, som yttrar sig i att folk delar den h\u00e4r bilden: klicka p\u00e5 bilden om du vill se den i st\u00f6rre format S\u00e5 bara f\u00f6r att jag KAN,&#8230;<\/p>\n","protected":false},"author":1,"featured_media":0,"comment_status":"open","ping_status":"open","sticky":false,"template":"","format":"standard","meta":{"jetpack_post_was_ever_published":false,"_jetpack_newsletter_access":"","_jetpack_dont_email_post_to_subs":false,"_jetpack_newsletter_tier_id":0,"_jetpack_memberships_contains_paywalled_content":false,"_jetpack_memberships_contains_paid_content":false,"footnotes":"","jetpack_publicize_message":"","jetpack_publicize_feature_enabled":true,"jetpack_social_post_already_shared":false,"jetpack_social_options":{"image_generator_settings":{"template":"highway","default_image_id":0,"font":"","enabled":false},"version":2}},"categories":[47],"tags":[82,214,68,215],"class_list":["post-2680","post","type-post","status-publish","format-standard","hentry","category-vardagsliv","tag-facebook","tag-invandring","tag-pengar","tag-sfi"],"jetpack_publicize_connections":[],"jetpack_featured_media_url":"","jetpack_shortlink":"https:\/\/wp.me\/p3qko4-He","jetpack_sharing_enabled":true,"jetpack_likes_enabled":true,"jetpack-related-posts":[{"id":512,"url":"https:\/\/blogg.fumei.se\/?p=512","url_meta":{"origin":2680,"position":0},"title":"Lite kuddh\u00e5ngel","author":"M :)","date":"2008-09-30","format":false,"excerpt":"v\u00e4ntar om en stund, men f\u00f6rst en liten uppdatering h\u00e4r. Inte f\u00f6r att jag har s\u00e5 mycket att skriva om... Ig\u00e5r ringde det en tjej fr\u00e5n f\u00f6rs\u00e4kringskassan. Det var ju s\u00e5 att slarviga jag hittade en hel h\u00f6g med blanketter f\u00f6r tillf\u00e4llig f\u00f6r\u00e4ldrapenning\/v\u00e5rd av barn som jag hade missat att\u2026","rel":"","context":"I \u201dVardagsliv\u201d","block_context":{"text":"Vardagsliv","link":"https:\/\/blogg.fumei.se\/?cat=47"},"img":{"alt_text":"","src":"","width":0,"height":0},"classes":[]},{"id":1752,"url":"https:\/\/blogg.fumei.se\/?p=1752","url_meta":{"origin":2680,"position":1},"title":"Just n\u00e4r jag trodde att allt var okej","author":"M :)","date":"2011-11-17","format":false,"excerpt":"Det ringde i min mobil. \"Hall\u00e5?\" \"Ja, hej, jag heter Helena och ringer fr\u00e5n budget- och skuldsaneringskontoret i Hagfors\" \"He-ej??\" \"Ja, du undrar ju s\u00e4kert var f\u00f6r jag ringer.\" \"Det har du s\u00e5 r\u00e4tt i!\" Det visade sig att den h\u00e4r kvinnan hade f\u00e5tt bes\u00f6k av en man som hade\u2026","rel":"","context":"I \u201dVardagsliv\u201d","block_context":{"text":"Vardagsliv","link":"https:\/\/blogg.fumei.se\/?cat=47"},"img":{"alt_text":"","src":"","width":0,"height":0},"classes":[]},{"id":1684,"url":"https:\/\/blogg.fumei.se\/?p=1684","url_meta":{"origin":2680,"position":2},"title":"Skimming, phishing och andra dumma f\u00f6reteelser","author":"M :)","date":"2011-11-04","format":false,"excerpt":"\"Det h\u00e4nder inte mig\" t\u00e4nker man \"jag \u00e4r alltid s\u00e5 f\u00f6rsiktig med hur och var jag anv\u00e4nder mitt kort och mina uppgifter.\" Jamen det \u00e4r jag ocks\u00e5, och \u00e4nd\u00e5 h\u00e4nde det mig! S\u00e5 h\u00e4r var det: Ig\u00e5r morse satte jag mig som vanligt vid datorn f\u00f6r att kolla mail och\u2026","rel":"","context":"I \u201dVardagsliv\u201d","block_context":{"text":"Vardagsliv","link":"https:\/\/blogg.fumei.se\/?cat=47"},"img":{"alt_text":"","src":"https:\/\/i0.wp.com\/blogg.fumei.se\/wp-content\/uploads\/2011\/11\/paypalscam1.jpg?resize=350%2C200","width":350,"height":200,"srcset":"https:\/\/i0.wp.com\/blogg.fumei.se\/wp-content\/uploads\/2011\/11\/paypalscam1.jpg?resize=350%2C200 1x, https:\/\/i0.wp.com\/blogg.fumei.se\/wp-content\/uploads\/2011\/11\/paypalscam1.jpg?resize=525%2C300 1.5x"},"classes":[]},{"id":170,"url":"https:\/\/blogg.fumei.se\/?p=170","url_meta":{"origin":2680,"position":3},"title":"Bloggtorka","author":"M :)","date":"2010-10-30","format":false,"excerpt":"N\u00e4r man inte g\u00f6r mycket mer \u00e4n jobbar och tar hand om hemmet - och dessemellan f\u00f6rs\u00f6ker vara lite social med resten av familjen - d\u00e5 har man inte mycket att skriva om. F\u00f6r hur kul \u00e4r det att l\u00e4sa varje dag att jag har lagat middag och jobbat och\u2026","rel":"","context":"I \u201dVardagsliv\u201d","block_context":{"text":"Vardagsliv","link":"https:\/\/blogg.fumei.se\/?cat=47"},"img":{"alt_text":"","src":"","width":0,"height":0},"classes":[]},{"id":1150,"url":"https:\/\/blogg.fumei.se\/?p=1150","url_meta":{"origin":2680,"position":4},"title":"Sn\u00f6 och romantik","author":"M :)","date":"2009-10-16","format":false,"excerpt":"Vaknade f\u00f6rsta g\u00e5ngen av att Robin sa \"hej d\u00e5 nu g\u00e5r jag till skolan\", vaknade andra g\u00e5ngen av att Fia hojtar \"j\u00e4vla skit\". N\u00e4r jag fr\u00e5gade varf\u00f6r hon gastar svarade hon \"det sn\u00f6ar\". S\u00e5 det var bara att traska upp och titta p\u00e5 el\u00e4ndet. K\u00e4nns helt sjukt att det sn\u00f6ar\u2026","rel":"","context":"I \u201dVardagsliv\u201d","block_context":{"text":"Vardagsliv","link":"https:\/\/blogg.fumei.se\/?cat=47"},"img":{"alt_text":"","src":"","width":0,"height":0},"classes":[]},{"id":2339,"url":"https:\/\/blogg.fumei.se\/?p=2339","url_meta":{"origin":2680,"position":5},"title":"R\u00e4ck upp en hand","author":"M :)","date":"2012-05-11","format":false,"excerpt":"alla som n\u00e5gon g\u00e5ng sjungit svenska nationals\u00e5ngen p\u00e5 skolavslutningen! Upplysningsvis kan jag s\u00e4ga att sj\u00e4lv har jag nog aldrig gjort det vad jag kan minnas, d\u00e4remot fick jag l\u00e4ra mig den i l\u00e5g- eller mellanstadiet, men p\u00e5 skolavslutningarna sj\u00f6ng vi alltid ett antal psalmer, tex Den blomstertid nu kommer, I\u2026","rel":"","context":"I \u201dVardagsliv\u201d","block_context":{"text":"Vardagsliv","link":"https:\/\/blogg.fumei.se\/?cat=47"},"img":{"alt_text":"","src":"","width":0,"height":0},"classes":[]}],"_links":{"self":[{"href":"https:\/\/blogg.fumei.se\/index.php?rest_route=\/wp\/v2\/posts\/2680","targetHints":{"allow":["GET"]}}],"collection":[{"href":"https:\/\/blogg.fumei.se\/index.php?rest_route=\/wp\/v2\/posts"}],"about":[{"href":"https:\/\/blogg.fumei.se\/index.php?rest_route=\/wp\/v2\/types\/post"}],"author":[{"embeddable":true,"href":"https:\/\/blogg.fumei.se\/index.php?rest_route=\/wp\/v2\/users\/1"}],"replies":[{"embeddable":true,"href":"https:\/\/blogg.fumei.se\/index.php?rest_route=%2Fwp%2Fv2%2Fcomments&post=2680"}],"version-history":[{"count":2,"href":"https:\/\/blogg.fumei.se\/index.php?rest_route=\/wp\/v2\/posts\/2680\/revisions"}],"predecessor-version":[{"id":2683,"href":"https:\/\/blogg.fumei.se\/index.php?rest_route=\/wp\/v2\/posts\/2680\/revisions\/2683"}],"wp:attachment":[{"href":"https:\/\/blogg.fumei.se\/index.php?rest_route=%2Fwp%2Fv2%2Fmedia&parent=2680"}],"wp:term":[{"taxonomy":"category","embeddable":true,"href":"https:\/\/blogg.fumei.se\/index.php?rest_route=%2Fwp%2Fv2%2Fcategories&post=2680"},{"taxonomy":"post_tag","embeddable":true,"href":"https:\/\/blogg.fumei.se\/index.php?rest_route=%2Fwp%2Fv2%2Ftags&post=2680"}],"curies":[{"name":"wp","href":"https:\/\/api.w.org\/{rel}","templated":true}]}}