{"id":270,"date":"2010-03-16T18:38:00","date_gmt":"2010-03-16T18:38:00","guid":{"rendered":"\/Blogg\/post\/Fototriss-dubbelt-upp!.aspx"},"modified":"2010-03-16T18:38:00","modified_gmt":"2010-03-16T18:38:00","slug":"fototriss-dubbelt-upp","status":"publish","type":"post","link":"https:\/\/blogg.fumei.se\/?p=270","title":{"rendered":"Fototriss &#8211; dubbelt upp!"},"content":{"rendered":"<p>I och med att min dator inte har funkat som jag velat att den skulle, s&aring; blev det ingen triss upplagd f&ouml;rra veckan. D&auml;rf&ouml;r kommer det nu tv&aring; trissar i samma inl&auml;gg.<br \/><span style=\"text-decoration: underline;\">F&ouml;rra veckans tema var &#8221;Gissa temat&#8221;. N&aring;gon som &auml;r duktig p&aring; g&aring;tor?<\/span>&nbsp;<\/p>\n<p><img decoding=\"async\" src=\"\/blogg\/image.axd?picture=2010%2f3%2f201003121643.jpg\" alt=\"\" \/><\/p>\n<p>&nbsp;<img decoding=\"async\" src=\"\/blogg\/image.axd?picture=2010%2f3%2f201003121644.jpg\" alt=\"\" \/><\/p>\n<p>&nbsp;<img decoding=\"async\" src=\"\/blogg\/image.axd?picture=2010%2f3%2f201003151678.jpg\" alt=\"\" \/><\/p>\n<p><span style=\"text-decoration: underline;\">Den h&auml;r veckan &auml;r temat &#8221;Fullt&#8221;.<\/span><\/p>\n<p>&nbsp;<img decoding=\"async\" src=\"\/blogg\/image.axd?picture=2010%2f3%2fABCD0003.JPG\" alt=\"\" \/>&nbsp;<br \/>Vid &aring;tervinningsstationen var det sv&aring;rt att komma till, f&ouml;r det var <em>fullt<\/em> med tjock, nlank is p&aring; hela grusplanen.<\/p>\n<p><img decoding=\"async\" src=\"\/blogg\/image.axd?picture=2010%2f3%2fABCD0001.JPG\" alt=\"\" \/>&nbsp;<br \/>V&auml;xer videkissar p&aring; s&aring; h&auml;r stora tr&auml;d? I vilket fall som helst var det <em>fullt<\/em> av dem p&aring; grenarna. S&aring; vackert i solen!<\/p>\n<p><img decoding=\"async\" src=\"\/blogg\/image.axd?picture=2010%2f3%2f201003151680.jpg\" alt=\"\" \/><br \/>Efter en l&aring;ng och slirig promenad p&aring; sn&ouml;iga stigar satt det fint med en tallrik <em>full<\/em> med mat.<\/p>\n<p>Vill du se fler foton i triss ska du kika <strong><a href=\"http:\/\/fototriss.blogspot.com\/\" target=\"_blank\">h&auml;r<\/a><\/strong>.<\/p>\n","protected":false},"excerpt":{"rendered":"<p>I och med att min dator inte har funkat som jag velat att den skulle, s&aring; blev det ingen triss upplagd f&ouml;rra veckan. D&auml;rf&ouml;r kommer det nu tv&aring; trissar i samma inl&auml;gg.F&ouml;rra veckans tema var &#8221;Gissa temat&#8221;. N&aring;gon som &auml;r duktig p&aring; g&aring;tor?&nbsp; &nbsp; &nbsp; Den h&auml;r veckan &auml;r temat &#8221;Fullt&#8221;. &nbsp;&nbsp;Vid &aring;tervinningsstationen var det&#8230;<\/p>\n","protected":false},"author":1,"featured_media":0,"comment_status":"open","ping_status":"open","sticky":false,"template":"","format":"standard","meta":{"jetpack_post_was_ever_published":false,"_jetpack_newsletter_access":"","_jetpack_dont_email_post_to_subs":false,"_jetpack_newsletter_tier_id":0,"_jetpack_memberships_contains_paywalled_content":false,"_jetpack_memberships_contains_paid_content":false,"footnotes":"","jetpack_publicize_message":"","jetpack_publicize_feature_enabled":true,"jetpack_social_post_already_shared":false,"jetpack_social_options":{"image_generator_settings":{"template":"highway","default_image_id":0,"font":"","enabled":false},"version":2}},"categories":[47],"tags":[],"class_list":["post-270","post","type-post","status-publish","format-standard","hentry","category-vardagsliv"],"jetpack_publicize_connections":[],"jetpack_featured_media_url":"","jetpack_shortlink":"https:\/\/wp.me\/p3qko4-4m","jetpack_sharing_enabled":true,"jetpack_likes_enabled":true,"jetpack-related-posts":[{"id":1218,"url":"https:\/\/blogg.fumei.se\/?p=1218","url_meta":{"origin":270,"position":0},"title":"Fototriss- Triss i triss","author":"M :)","date":"2009-12-13","format":false,"excerpt":"Jag \u00e4r lite sen med att l\u00e4gga upp veckans fototriss, men h\u00e4r kommer den i alla fall.Alla bilder m\u00e5ste inneh\u00e5lla en triss av n\u00e5got. Triss i t\u00e5g. G\u00f6teborgs Centralstation kl 21.20, fredag 11 December 2009.Idag \u00e4r det tredje Advent, och tre ljus fick lysa upp vid matbordet h\u00e4r hemma.Till sist,\u2026","rel":"","context":"I \u201dVardagsliv\u201d","block_context":{"text":"Vardagsliv","link":"https:\/\/blogg.fumei.se\/?cat=47"},"img":{"alt_text":"","src":"","width":0,"height":0},"classes":[]},{"id":1239,"url":"https:\/\/blogg.fumei.se\/?p=1239","url_meta":{"origin":270,"position":1},"title":"Countdown","author":"M :)","date":"2010-01-11","format":false,"excerpt":"Ja, nu \u00e4r det bara en vecka kvar till \"the big 4 0\". Man kan v\u00e4l s\u00e4ga som s\u00e5 att jag k\u00e4nner mig inte som n\u00e4stan 40 i alla fall, och n\u00e5gon 40-\u00e5rskris har jag inte heller. Kriser har jag varken tid, ork eller r\u00e5d med, och det d\u00e4r med\u2026","rel":"","context":"I \u201dVardagsliv\u201d","block_context":{"text":"Vardagsliv","link":"https:\/\/blogg.fumei.se\/?cat=47"},"img":{"alt_text":"","src":"","width":0,"height":0},"classes":[]},{"id":47,"url":"https:\/\/blogg.fumei.se\/?p=47","url_meta":{"origin":270,"position":2},"title":"Fototriss: S\u00e5 h\u00e4r ser det ut d\u00e4r jag \u00e4r idag","author":"M :)","date":"2011-05-04","format":false,"excerpt":"[Fototriss] \u00e4r en fotoutmaning\u00a0som handlar om att du ska visa tre bilder p\u00e5 ett tema. Veckans tema g\u00e5r ut p\u00e5 att visa hur det ser ut d\u00e4r du \u00e4r just nu. I morse var det riktigt kallt! 0 grader p\u00e5 termometern och frost p\u00e5 buskarna. Sv\u00e5rt att tro att p\u00e5sken\u2026","rel":"","context":"I \u201dVardagsliv\u201d","block_context":{"text":"Vardagsliv","link":"https:\/\/blogg.fumei.se\/?cat=47"},"img":{"alt_text":"","src":"https:\/\/i0.wp.com\/blogg.fumei.se\/wp-content\/uploads\/2011\/05\/201105042743.jpg?resize=350%2C200","width":350,"height":200},"classes":[]},{"id":298,"url":"https:\/\/blogg.fumei.se\/?p=298","url_meta":{"origin":270,"position":3},"title":"Kreativ s\u00e5 in i b\u00e4nken","author":"EmEff","date":"2010-02-14","format":false,"excerpt":"Jag kan inte rita en ordentlig streckgubbe \u00e4ven om mitt liv h\u00e4nger p\u00e5 det, men jag f\u00e5r nog s\u00e4ga att jag \u00e4r r\u00e4tt s\u00e5 duktig p\u00e5 att fippla med bilder och annat i Paint Shop Pro. Jag \u00e4r medlem p\u00e5 ett forum d\u00e4r vi delar med oss av tips, id\u00e8er\u2026","rel":"","context":"I \u201dVardagsliv\u201d","block_context":{"text":"Vardagsliv","link":"https:\/\/blogg.fumei.se\/?cat=47"},"img":{"alt_text":"","src":"","width":0,"height":0},"classes":[]},{"id":4920,"url":"https:\/\/blogg.fumei.se\/?p=4920","url_meta":{"origin":270,"position":4},"title":"Juletid \u00e4r julefrid?","author":"M :)","date":"2017-12-24","format":false,"excerpt":"Julafton hos familjen Fumei. Paketberg, m\u00e4ngder av mat, julklappslek, ris \u00e1 la Malta , lite syskonbr\u00e5k, Kalle Anka p\u00e5 tv och de traditionsenligt framtvingade familjebilderna. Och s\u00e5 en ny tradtition- en tur till minneslunden f\u00f6r pappa. GOD JUL fr\u00e5n mig till er som l\u00e4ser det h\u00e4r! Julgran med julklappar Lovisa,\u2026","rel":"","context":"I \u201dFamiljen\u201d","block_context":{"text":"Familjen","link":"https:\/\/blogg.fumei.se\/?cat=34"},"img":{"alt_text":"","src":"https:\/\/i0.wp.com\/blogg.fumei.se\/wp-content\/uploads\/2022\/10\/0CA06A55-4DAE-4E91-AD90-C77BC541A103-scaled.jpeg?resize=350%2C200","width":350,"height":200,"srcset":"https:\/\/i0.wp.com\/blogg.fumei.se\/wp-content\/uploads\/2022\/10\/0CA06A55-4DAE-4E91-AD90-C77BC541A103-scaled.jpeg?resize=350%2C200 1x, https:\/\/i0.wp.com\/blogg.fumei.se\/wp-content\/uploads\/2022\/10\/0CA06A55-4DAE-4E91-AD90-C77BC541A103-scaled.jpeg?resize=525%2C300 1.5x, https:\/\/i0.wp.com\/blogg.fumei.se\/wp-content\/uploads\/2022\/10\/0CA06A55-4DAE-4E91-AD90-C77BC541A103-scaled.jpeg?resize=700%2C400 2x, https:\/\/i0.wp.com\/blogg.fumei.se\/wp-content\/uploads\/2022\/10\/0CA06A55-4DAE-4E91-AD90-C77BC541A103-scaled.jpeg?resize=1050%2C600 3x, https:\/\/i0.wp.com\/blogg.fumei.se\/wp-content\/uploads\/2022\/10\/0CA06A55-4DAE-4E91-AD90-C77BC541A103-scaled.jpeg?resize=1400%2C800 4x"},"classes":[]},{"id":155,"url":"https:\/\/blogg.fumei.se\/?p=155","url_meta":{"origin":270,"position":5},"title":"Fototriss &#8211; En resa","author":"M :)","date":"2010-11-22","format":false,"excerpt":"Veckans tema hos Helena p\u00e5 [Fototriss] \u00e4r en resa. Jag har valt att symbolisera den resa som jag och J gjort fram till idag genom dessa tre bilder: (klicka p\u00e5 bilderna s\u00e5 ser du dem i st\u00f6rre format och tydligare) 14:e Augusti 2009. Pl\u00f6tsligt stod han d\u00e4r...Friskt v\u00e5gat, h\u00e4lften vunnet.\u2026","rel":"","context":"I \u201dVardagsliv\u201d","block_context":{"text":"Vardagsliv","link":"https:\/\/blogg.fumei.se\/?cat=47"},"img":{"alt_text":"","src":"","width":0,"height":0},"classes":[]}],"_links":{"self":[{"href":"https:\/\/blogg.fumei.se\/index.php?rest_route=\/wp\/v2\/posts\/270","targetHints":{"allow":["GET"]}}],"collection":[{"href":"https:\/\/blogg.fumei.se\/index.php?rest_route=\/wp\/v2\/posts"}],"about":[{"href":"https:\/\/blogg.fumei.se\/index.php?rest_route=\/wp\/v2\/types\/post"}],"author":[{"embeddable":true,"href":"https:\/\/blogg.fumei.se\/index.php?rest_route=\/wp\/v2\/users\/1"}],"replies":[{"embeddable":true,"href":"https:\/\/blogg.fumei.se\/index.php?rest_route=%2Fwp%2Fv2%2Fcomments&post=270"}],"version-history":[{"count":0,"href":"https:\/\/blogg.fumei.se\/index.php?rest_route=\/wp\/v2\/posts\/270\/revisions"}],"wp:attachment":[{"href":"https:\/\/blogg.fumei.se\/index.php?rest_route=%2Fwp%2Fv2%2Fmedia&parent=270"}],"wp:term":[{"taxonomy":"category","embeddable":true,"href":"https:\/\/blogg.fumei.se\/index.php?rest_route=%2Fwp%2Fv2%2Fcategories&post=270"},{"taxonomy":"post_tag","embeddable":true,"href":"https:\/\/blogg.fumei.se\/index.php?rest_route=%2Fwp%2Fv2%2Ftags&post=270"}],"curies":[{"name":"wp","href":"https:\/\/api.w.org\/{rel}","templated":true}]}}