{"id":273,"date":"2010-03-12T10:53:00","date_gmt":"2010-03-12T10:53:00","guid":{"rendered":"\/Blogg\/post\/Fredagsmys.aspx"},"modified":"2010-03-12T10:53:00","modified_gmt":"2010-03-12T10:53:00","slug":"fredagsmys","status":"publish","type":"post","link":"https:\/\/blogg.fumei.se\/?p=273","title":{"rendered":"Fredagsmys?"},"content":{"rendered":"<p>Snarare fredagsstress. Jag ska jobba ikv&auml;ll. Himla ovanligt, ju. Med tanke p&aring; hur det sett ut med bel&auml;ggning och personal senaste tiden s&aring; hoppas jag att alla som ska jobba ikv&auml;ll verkligen dyker upp, s&aring; kanske vi f&aring;r en chans att andas mellan varven. Ig&aring;r hann jag visserligen sl&auml;nga i mig min sallad, men resten av kv&auml;llen var det full rulle. Vilken tur att jag &auml;lskar mitt jobb!<\/p>\n<p>I morse f&ouml;ll det n&aring;gra vilsna sn&ouml;flingor utanf&ouml;r f&ouml;nstret, men de f&ouml;rsvann snart och ersattes av solen som sken s&aring; varmt och fint. Tyv&auml;rr har den ocks&aring; f&ouml;rsvunnit nu. Jag hoppas det bara &auml;r tillf&auml;lligt&#8230;<\/p>\n<p>Jag h&aring;ller fortfarande p&aring; att spara &ouml;ver allt som ska sparas fr&aring;n datorn, s&aring; att jag kan &aring;terst&auml;lla datorn och f&ouml;rhoppningsvis f&aring; ordning p&aring; den. Tyv&auml;rr tar det ju en del tid, n&auml;r man m&aring;ste g&ouml;raa det de f&aring; timmar man &auml;r hemma. Men till helgen &auml;r jag helt ledig, s&aring; d&aring; kanske det blir av, f&ouml;r det mesta &auml;r ju sparat nu.<br \/>Aprop&aring; datorrelaterade saker, s&aring; t&auml;nkte jag flytta min psp-blogg hit till dom&auml;nen ocks&aring;, ist&auml;llet f&ouml;r att ha den p&aring; blogspot, men n&aring;got kr&aring;nglar s&aring; jag har bett k&auml;re bror om hj&auml;lp. Igen.<\/p>\n<p>Nu d&auml;remot ska jag g&ouml;ra mig i ordning.<\/p>\n","protected":false},"excerpt":{"rendered":"<p>Snarare fredagsstress. Jag ska jobba ikv&auml;ll. Himla ovanligt, ju. Med tanke p&aring; hur det sett ut med bel&auml;ggning och personal senaste tiden s&aring; hoppas jag att alla som ska jobba ikv&auml;ll verkligen dyker upp, s&aring; kanske vi f&aring;r en chans att andas mellan varven. Ig&aring;r hann jag visserligen sl&auml;nga i mig min sallad, men resten&#8230;<\/p>\n","protected":false},"author":1,"featured_media":0,"comment_status":"open","ping_status":"open","sticky":false,"template":"","format":"standard","meta":{"jetpack_post_was_ever_published":false,"_jetpack_newsletter_access":"","_jetpack_dont_email_post_to_subs":false,"_jetpack_newsletter_tier_id":0,"_jetpack_memberships_contains_paywalled_content":false,"_jetpack_memberships_contains_paid_content":false,"footnotes":"","jetpack_publicize_message":"","jetpack_publicize_feature_enabled":true,"jetpack_social_post_already_shared":false,"jetpack_social_options":{"image_generator_settings":{"template":"highway","default_image_id":0,"font":"","enabled":false},"version":2}},"categories":[47],"tags":[],"class_list":["post-273","post","type-post","status-publish","format-standard","hentry","category-vardagsliv"],"jetpack_publicize_connections":[],"jetpack_featured_media_url":"","jetpack_shortlink":"https:\/\/wp.me\/p3qko4-4p","jetpack_sharing_enabled":true,"jetpack_likes_enabled":true,"jetpack-related-posts":[{"id":1015,"url":"https:\/\/blogg.fumei.se\/?p=1015","url_meta":{"origin":273,"position":0},"title":"Seeeeeeeegt","author":"M :)","date":"2009-07-23","format":false,"excerpt":"Min dator \u00e4r seg. Den h\u00e4nger sig och den jobbar l\u00e5ngsamt och den vill inte \u00f6ppna applikationer som funkat innan.Alltsammans b\u00f6rjade efter att jag installerade WoW p\u00e5 den. Och varf\u00f6r gjorde jag nu det, d\u00e5, jag som inte ens spelar WoW?!Jo, till att b\u00f6rja med s\u00e5 hade Robin det installerat\u2026","rel":"","context":"I \u201dVardagsliv\u201d","block_context":{"text":"Vardagsliv","link":"https:\/\/blogg.fumei.se\/?cat=47"},"img":{"alt_text":"","src":"","width":0,"height":0},"classes":[]},{"id":23,"url":"https:\/\/blogg.fumei.se\/?p=23","url_meta":{"origin":273,"position":1},"title":"Veckan som g\u00e5tt&#8230;","author":"M :)","date":"2011-07-24","format":false,"excerpt":"Ja, f\u00f6r det f\u00f6rsta var det sjukt mycket att g\u00f6ra p\u00e5 jobbet! Var kommer alla ungar ifr\u00e5n? Eller jag kanske ska fr\u00e5ga hur i helskotta alla gravida kvinnor kan vara i barnaf\u00f6dande fas samtidigt?? I tisdags hade jag tur och kyckades ta en del av min rast, men i fredags\u2026","rel":"","context":"I \u201dVardagsliv\u201d","block_context":{"text":"Vardagsliv","link":"https:\/\/blogg.fumei.se\/?cat=47"},"img":{"alt_text":"","src":"","width":0,"height":0},"classes":[]},{"id":1233,"url":"https:\/\/blogg.fumei.se\/?p=1233","url_meta":{"origin":273,"position":2},"title":"Javisst ja&#8230;","author":"M :)","date":"2010-01-19","format":false,"excerpt":"Det hade g\u00e5tt bra p\u00e5 intervjun. Kvinnan som h\u00f6ll i den sa att om det bara var upp till henne skulle han varit p\u00e5 v\u00e4g nu. Tyv\u00e4rr \u00e4r det ju inte bara upp till henne...Om ca 2 veckor ska jag ringa Migrationsverket och h\u00f6ra om de p\u00e5b\u00f6rjat handl\u00e4ggningen, d\u00e5 f\u00e5r\u2026","rel":"","context":"I \u201dVardagsliv\u201d","block_context":{"text":"Vardagsliv","link":"https:\/\/blogg.fumei.se\/?cat=47"},"img":{"alt_text":"","src":"","width":0,"height":0},"classes":[]},{"id":281,"url":"https:\/\/blogg.fumei.se\/?p=281","url_meta":{"origin":273,"position":3},"title":"Saker jag hade t\u00e4nkt g\u00f6ra idag","author":"M :)","date":"2010-03-03","format":false,"excerpt":"men som i brist p\u00e5 tid mellan jobb och t\u00e5gavg\u00e5ng f\u00e5r st\u00e5 tllbaka till imorgon: L\u00e4mna tillbaka b\u00f6cker p\u00e5 biblioteket. Mycket f\u00f6rsenade b\u00f6cker dessutom. Det jag f\u00e5r betala i f\u00f6rseningsavgift hade jag antagligen kunnat k\u00f6pa en ny bok f\u00f6r. K\u00f6pa tomma dvd f\u00f6r att br\u00e4nna ut resten av det jag\u2026","rel":"","context":"I \u201dVardagsliv\u201d","block_context":{"text":"Vardagsliv","link":"https:\/\/blogg.fumei.se\/?cat=47"},"img":{"alt_text":"","src":"","width":0,"height":0},"classes":[]},{"id":214,"url":"https:\/\/blogg.fumei.se\/?p=214","url_meta":{"origin":273,"position":4},"title":"Om man sk\u00e4r sig \u00e4r man emo","author":"EmEff","date":"2010-06-18","format":false,"excerpt":"S\u00e5 s\u00e4ger i alla fall Robin. Inte f\u00f6r att jag k\u00e4nner mig s\u00e4rskilt mycket emo, men skurit mig har jag \u00e4nd\u00e5 gjort, dock inte speciellt frivilligt. I s\u00f6ndags skulle jag sk\u00e4ra gr\u00f6nsaker p\u00e5 jobbet och hade lite f\u00f6r br\u00e5ttom, s\u00e5 jag drog kniven genom fingertoppen p\u00e5 v\u00e4nster tumme. Ont som\u2026","rel":"","context":"I \u201dVardagsliv\u201d","block_context":{"text":"Vardagsliv","link":"https:\/\/blogg.fumei.se\/?cat=47"},"img":{"alt_text":"","src":"","width":0,"height":0},"classes":[]},{"id":291,"url":"https:\/\/blogg.fumei.se\/?p=291","url_meta":{"origin":273,"position":5},"title":"Jaha ja&#8230;","author":"EmEff","date":"2010-02-20","format":false,"excerpt":"Jag skulle ju jobba inatt. Tror ni det blir s\u00e5? Nej. F\u00f6r det sn\u00f6ar. Som fan. T\u00e5g och bussar \u00e4r inst\u00e4llda, folk f\u00e5r gr\u00e4va sig ut ur sina hus och kan knappt, om ens alls, ta sig till sina jobb eller annat de bokat in. Sverige st\u00e5r helt enkelt stilla.\u2026","rel":"","context":"I \u201dVardagsliv\u201d","block_context":{"text":"Vardagsliv","link":"https:\/\/blogg.fumei.se\/?cat=47"},"img":{"alt_text":"","src":"","width":0,"height":0},"classes":[]}],"_links":{"self":[{"href":"https:\/\/blogg.fumei.se\/index.php?rest_route=\/wp\/v2\/posts\/273","targetHints":{"allow":["GET"]}}],"collection":[{"href":"https:\/\/blogg.fumei.se\/index.php?rest_route=\/wp\/v2\/posts"}],"about":[{"href":"https:\/\/blogg.fumei.se\/index.php?rest_route=\/wp\/v2\/types\/post"}],"author":[{"embeddable":true,"href":"https:\/\/blogg.fumei.se\/index.php?rest_route=\/wp\/v2\/users\/1"}],"replies":[{"embeddable":true,"href":"https:\/\/blogg.fumei.se\/index.php?rest_route=%2Fwp%2Fv2%2Fcomments&post=273"}],"version-history":[{"count":0,"href":"https:\/\/blogg.fumei.se\/index.php?rest_route=\/wp\/v2\/posts\/273\/revisions"}],"wp:attachment":[{"href":"https:\/\/blogg.fumei.se\/index.php?rest_route=%2Fwp%2Fv2%2Fmedia&parent=273"}],"wp:term":[{"taxonomy":"category","embeddable":true,"href":"https:\/\/blogg.fumei.se\/index.php?rest_route=%2Fwp%2Fv2%2Fcategories&post=273"},{"taxonomy":"post_tag","embeddable":true,"href":"https:\/\/blogg.fumei.se\/index.php?rest_route=%2Fwp%2Fv2%2Ftags&post=273"}],"curies":[{"name":"wp","href":"https:\/\/api.w.org\/{rel}","templated":true}]}}