{"id":2730,"date":"2012-08-23T13:12:03","date_gmt":"2012-08-23T11:12:03","guid":{"rendered":"http:\/\/blogg.fumei.se\/?p=2730"},"modified":"2012-08-23T13:15:49","modified_gmt":"2012-08-23T11:15:49","slug":"uno-dos-tre","status":"publish","type":"post","link":"https:\/\/blogg.fumei.se\/?p=2730","title":{"rendered":"\u00a1Uno \u00a1Dos \u00a1Tr\u00e9"},"content":{"rendered":"<p>S\u00e5 heter den nya musikaliska trilogin fr\u00e5n Green Day, d\u00e4r f\u00f6rsta delen &#8211;\u00a0\u00a1Uno &#8211; sl\u00e4pps den 25 September. Det ser jag fram emot! \ud83d\ude42<br \/>\nMedan jag v\u00e4ntar kan jag se videon till nya singeln &#8221;Oh Love&#8221; :<\/p>\n<p><center>[tube]http:\/\/www.youtube.com\/watch?v=HlY-2QBkpVM[\/tube]<\/center><\/p>\n","protected":false},"excerpt":{"rendered":"<p>S\u00e5 heter den nya musikaliska trilogin fr\u00e5n Green Day, d\u00e4r f\u00f6rsta delen &#8211;\u00a0\u00a1Uno &#8211; sl\u00e4pps den 25 September. Det ser jag fram emot! \ud83d\ude42 Medan jag v\u00e4ntar kan jag se videon till nya singeln &#8221;Oh Love&#8221; : [tube]http:\/\/www.youtube.com\/watch?v=HlY-2QBkpVM[\/tube]<\/p>\n","protected":false},"author":1,"featured_media":0,"comment_status":"open","ping_status":"open","sticky":false,"template":"","format":"standard","meta":{"jetpack_post_was_ever_published":false,"_jetpack_newsletter_access":"","_jetpack_dont_email_post_to_subs":false,"_jetpack_newsletter_tier_id":0,"_jetpack_memberships_contains_paywalled_content":false,"_jetpack_memberships_contains_paid_content":false,"footnotes":"","jetpack_publicize_message":"","jetpack_publicize_feature_enabled":true,"jetpack_social_post_already_shared":false,"jetpack_social_options":{"image_generator_settings":{"template":"highway","default_image_id":0,"font":"","enabled":false},"version":2}},"categories":[48,47],"tags":[219],"class_list":["post-2730","post","type-post","status-publish","format-standard","hentry","category-musik","category-vardagsliv","tag-greenday"],"jetpack_publicize_connections":[],"jetpack_featured_media_url":"","jetpack_shortlink":"https:\/\/wp.me\/p3qko4-I2","jetpack_sharing_enabled":true,"jetpack_likes_enabled":true,"jetpack-related-posts":[{"id":2764,"url":"https:\/\/blogg.fumei.se\/?p=2764","url_meta":{"origin":2730,"position":0},"title":"Sorgens f\u00e5gel","author":"M :)","date":"2012-09-25","format":false,"excerpt":"Det har g\u00e5tt n\u00e4stan tv\u00e5 veckor sedan min v\u00e4n (och kollega) Lena gick bort i cancer. Jag har fortfarande sv\u00e5rt att f\u00f6rst\u00e5 det. Hon var s\u00e5 glad, livfull och k\u00e4rleksfull, hade alltid n\u00e5got gott att s\u00e4ga om alla, t\u00e4nkte s\u00e4llan p\u00e5 sig sj\u00e4lv, \u00e4ven under dessa sista m\u00e5nader n\u00e4r hon\u2026","rel":"","context":"I \u201dVardagsliv\u201d","block_context":{"text":"Vardagsliv","link":"https:\/\/blogg.fumei.se\/?cat=47"},"img":{"alt_text":"","src":"https:\/\/i0.wp.com\/blogg.fumei.se\/wp-content\/uploads\/2012\/09\/LenaN.png?resize=350%2C200","width":350,"height":200},"classes":[]},{"id":3439,"url":"https:\/\/blogg.fumei.se\/?p=3439","url_meta":{"origin":2730,"position":1},"title":"Buzzning: Vanish","author":"M :)","date":"2014-12-14","format":false,"excerpt":"All skit f\u00f6rsvinner! sa Suzanne Reuter i en Lorry-sketch en g\u00e5ng i tiden. Detsamma h\u00e4vdar reklamen att det ska ske om man bara b\u00f6rjar anv\u00e4nda vanish p\u00e5 alla fl\u00e4ckar och missf\u00e4rgningar man f\u00e5r p\u00e5 kl\u00e4der och andra textilier. Som Buzzador fick jag chansen att testa om det verkligen \u00e4r s\u00e5.\u2026","rel":"","context":"I \u201dVardagsliv\u201d","block_context":{"text":"Vardagsliv","link":"https:\/\/blogg.fumei.se\/?cat=47"},"img":{"alt_text":"20141205_120135","src":"https:\/\/i0.wp.com\/blogg.fumei.se\/wp-content\/uploads\/2014\/12\/20141205_120135-300x277.jpg?resize=350%2C200","width":350,"height":200},"classes":[]},{"id":1032,"url":"https:\/\/blogg.fumei.se\/?p=1032","url_meta":{"origin":2730,"position":2},"title":"Den som v\u00e4ntar p\u00e5 n\u00e5got gott&#8230;","author":"M :)","date":"2009-07-09","format":false,"excerpt":"...f\u00e5r ibland v\u00e4nta v\u00e4ldigt l\u00e4nge. Idag s\u00e5g jag p\u00e5 Muse's hemsida att nya cd:n kommer 14:e September. L\u00e5ng v\u00e4ntan, men jag hinner iaf lyssna in mig p\u00e5 de nya l\u00e5tarna innan konserten. *l\u00e4ngtar*","rel":"","context":"I \u201dVardagsliv\u201d","block_context":{"text":"Vardagsliv","link":"https:\/\/blogg.fumei.se\/?cat=47"},"img":{"alt_text":"","src":"","width":0,"height":0},"classes":[]},{"id":52,"url":"https:\/\/blogg.fumei.se\/?p=52","url_meta":{"origin":2730,"position":3},"title":"Jag beh\u00f6ver en ny mobiltelefon","author":"M :)","date":"2011-03-27","format":false,"excerpt":"Jag har nu haft min Nokia N95 i sis\u00e5d\u00e4r en fyra \u00e5r, och \u00e4ven om den fortfarande \u00e4r j\u00e4ttebra och jag verkligen anv\u00e4nder praktiskt taget allt i den, s\u00e5 b\u00f6rjar den k\u00e4nnas lite sliten och seg, s\u00e5 jag har ett tag kikat runt p\u00e5 nya varianter. Nu \u00e4r ju jag\u2026","rel":"","context":"I \u201dVardagsliv\u201d","block_context":{"text":"Vardagsliv","link":"https:\/\/blogg.fumei.se\/?cat=47"},"img":{"alt_text":"","src":"","width":0,"height":0},"classes":[]},{"id":1196,"url":"https:\/\/blogg.fumei.se\/?p=1196","url_meta":{"origin":2730,"position":4},"title":"Nya m\u00f6bler","author":"M :)","date":"2009-11-10","format":false,"excerpt":"Eller inte riktigt nya m\u00f6bler, men f\u00f6r oss \u00e4r de nya. De stolar jag haft i k\u00f6ket har jag haft i sis\u00e5d\u00e4r en 15 \u00e5r. Innan dess stod de hemma hos modern och fadern i minst 15 \u00e5r, s\u00e5 de har n\u00e5gra \u00e5r p\u00e5 nacken. Lite lagom slitna b\u00f6rjar de\u2026","rel":"","context":"I \u201dVardagsliv\u201d","block_context":{"text":"Vardagsliv","link":"https:\/\/blogg.fumei.se\/?cat=47"},"img":{"alt_text":"","src":"","width":0,"height":0},"classes":[]},{"id":2396,"url":"https:\/\/blogg.fumei.se\/?p=2396","url_meta":{"origin":2730,"position":5},"title":"Shiny toys","author":"M :)","date":"2012-06-06","format":false,"excerpt":"Jag har k\u00f6pt en ny mobil. Hade ju en bra en; Samsung Galaxy Mini, men tanten b\u00f6rjar bli gammal och ser inte lika bra som f\u00f6rr. (Ja nu har jag ju haft glas\u00f6gon sen runt 1980 eller s\u00e5, men \u00e4nd\u00e5...) S\u00e5 jag ville ju g\u00e4rna uppgradera till en lite st\u00f6rre\u2026","rel":"","context":"I \u201dVardagsliv\u201d","block_context":{"text":"Vardagsliv","link":"https:\/\/blogg.fumei.se\/?cat=47"},"img":{"alt_text":"","src":"","width":0,"height":0},"classes":[]}],"_links":{"self":[{"href":"https:\/\/blogg.fumei.se\/index.php?rest_route=\/wp\/v2\/posts\/2730","targetHints":{"allow":["GET"]}}],"collection":[{"href":"https:\/\/blogg.fumei.se\/index.php?rest_route=\/wp\/v2\/posts"}],"about":[{"href":"https:\/\/blogg.fumei.se\/index.php?rest_route=\/wp\/v2\/types\/post"}],"author":[{"embeddable":true,"href":"https:\/\/blogg.fumei.se\/index.php?rest_route=\/wp\/v2\/users\/1"}],"replies":[{"embeddable":true,"href":"https:\/\/blogg.fumei.se\/index.php?rest_route=%2Fwp%2Fv2%2Fcomments&post=2730"}],"version-history":[{"count":9,"href":"https:\/\/blogg.fumei.se\/index.php?rest_route=\/wp\/v2\/posts\/2730\/revisions"}],"predecessor-version":[{"id":2740,"href":"https:\/\/blogg.fumei.se\/index.php?rest_route=\/wp\/v2\/posts\/2730\/revisions\/2740"}],"wp:attachment":[{"href":"https:\/\/blogg.fumei.se\/index.php?rest_route=%2Fwp%2Fv2%2Fmedia&parent=2730"}],"wp:term":[{"taxonomy":"category","embeddable":true,"href":"https:\/\/blogg.fumei.se\/index.php?rest_route=%2Fwp%2Fv2%2Fcategories&post=2730"},{"taxonomy":"post_tag","embeddable":true,"href":"https:\/\/blogg.fumei.se\/index.php?rest_route=%2Fwp%2Fv2%2Ftags&post=2730"}],"curies":[{"name":"wp","href":"https:\/\/api.w.org\/{rel}","templated":true}]}}