{"id":274,"date":"2010-03-10T20:56:00","date_gmt":"2010-03-10T20:56:00","guid":{"rendered":"\/Blogg\/post\/Mitt-i-veckan.aspx"},"modified":"2010-03-10T20:56:00","modified_gmt":"2010-03-10T20:56:00","slug":"mitt-i-veckan","status":"publish","type":"post","link":"https:\/\/blogg.fumei.se\/?p=274","title":{"rendered":"Mitt i veckan"},"content":{"rendered":"<p>Fast det &auml;r det ju inte. Men p&aring; tyska heter onsdag Mittwoch, som betyder mittvecka, eller mitt-i-veckan. Jag tycker nog att torsdag &auml;r mitt i veckan. Nog om det.<br \/>I morse n&auml;r jag kom till jobbet fick jag (som vanligt h&ouml;ll jag n&auml;stan p&aring; att skriva) veta att jag skulle jobba i v&aring;rden ist&auml;llet f&ouml;r med f&ouml;rr&aring;det, som &auml;r min egentliga uppgift varje onsdag. Det var en av de andra uskorna som var hemma f&ouml;r VAB, s&aring; det fanns ingen usk p&aring; BB. Men Maija best&auml;mde att det &auml;r viktigt att jag f&aring;r ta hand om f&ouml;rr&aring;desleveranserna och best&auml;llningen, f&ouml;r det &auml;r ju saker vi beh&ouml;ver f&ouml;r att v&aring;rda patienterna. Ist&auml;llet flyttade de om lite bland barnmorskorna, s&aring; att de blev fler p&aring; BB och de klarade sig alldeles utm&auml;rkt sj&auml;lva. De hade ju dessutom Magda som tog hand om maten till patienterna, och &auml;ven om n&aring;gra saker som tex att r&ouml;ja i sk&ouml;ljen fick st&aring; tillbaka idag, s&aring; funkade det fint. P&aring; f&ouml;rlossningen var Mickan ensam usk, men hon fixade det fint. Jag hoppade visserligen in en stund medan hon var p&aring; rast, f&ouml;r just d&aring; blev det ett snitt, men det var en s&aring; bra dag idag, att jag tom var klar med det jag skulle g&ouml;ra innan klockn hunnit bli tre! Jag hade god hj&auml;lp av Maija vid uppackningen av alla kartongerna, det gick som p&aring; r&auml;ls.<\/p>\n<p>Sov v&auml;ldigt gott en stund p&aring; t&aring;get hem, och n&auml;r jag kom hem stod Fia redan och diskade. Kanske f&ouml;r att hon var hungrig, och f&ouml;r att jag sa redan ig&aring;r att jag inte t&auml;nker st&auml;lla mig och kaga mat f&ouml;rr&auml;n all disk &auml;r borta. Hon fattade nog &auml;ntligen att det inte bara &auml;r <em>mig<\/em> det drabbar.<br \/>Efter maten gick jag till ica efter mj&ouml;lk, och passade p&aring; att h&auml;mta ut paket fr&aring;n Emma. Det var en redig h&ouml;g med kl&auml;der som hon hade sorterat ut pga storleksskillnader. Skillnader mellan henne och kl&auml;derna, allts&aring;. Tyv&auml;rr var det inte m&aring;nga saker som passade p&aring; varken mig eller Fia heller, men jag har numera en snygg kjol som &auml;r lite mer &aring;t det damiga h&aring;llet, och Fia har en himla snygg stickad tr&ouml;ja.<br \/>Resten av kl&auml;derna ska jag annonsera ut p&aring; Tradera och s&aring; ska jag bjuda Emma, Silvio och sm&aring;skitarna p&aring; n&aring;t extra mumsigt n&auml;r vi ses n&auml;sta g&aring;ng f&ouml;r det jag tj&auml;nar p&aring; f&ouml;rs&auml;ljningen. L&aring;ter inte det som en helt ok id&egrave;?<\/p>\n<p>Nu ska jag se senaste avsnittet av Vampire Diaries. Dvs avsnittet som s&auml;nds <em>imorgon<\/em> p&aring; TV6. Men jag jobbar imorgon, s&aring; d&aring; &auml;r det tur att det finns andra s&auml;tt att se sina serier.<\/p>\n","protected":false},"excerpt":{"rendered":"<p>Fast det &auml;r det ju inte. Men p&aring; tyska heter onsdag Mittwoch, som betyder mittvecka, eller mitt-i-veckan. Jag tycker nog att torsdag &auml;r mitt i veckan. Nog om det.I morse n&auml;r jag kom till jobbet fick jag (som vanligt h&ouml;ll jag n&auml;stan p&aring; att skriva) veta att jag skulle jobba i v&aring;rden ist&auml;llet f&ouml;r med&#8230;<\/p>\n","protected":false},"author":1,"featured_media":0,"comment_status":"open","ping_status":"open","sticky":false,"template":"","format":"standard","meta":{"jetpack_post_was_ever_published":false,"_jetpack_newsletter_access":"","_jetpack_dont_email_post_to_subs":false,"_jetpack_newsletter_tier_id":0,"_jetpack_memberships_contains_paywalled_content":false,"_jetpack_memberships_contains_paid_content":false,"footnotes":"","jetpack_publicize_message":"","jetpack_publicize_feature_enabled":true,"jetpack_social_post_already_shared":false,"jetpack_social_options":{"image_generator_settings":{"template":"highway","default_image_id":0,"font":"","enabled":false},"version":2}},"categories":[47],"tags":[],"class_list":["post-274","post","type-post","status-publish","format-standard","hentry","category-vardagsliv"],"jetpack_publicize_connections":[],"jetpack_featured_media_url":"","jetpack_shortlink":"https:\/\/wp.me\/p3qko4-4q","jetpack_sharing_enabled":true,"jetpack_likes_enabled":true,"jetpack-related-posts":[{"id":254,"url":"https:\/\/blogg.fumei.se\/?p=254","url_meta":{"origin":274,"position":0},"title":"Tjej&#038;Killsnack vecka 15","author":"M :)","date":"2010-04-12","format":false,"excerpt":"Veckans fr\u00e5gor. L\u00e4s mer om vad TJEJ&KILLSNACK \u00e4r\/hitta alla fr\u00e5gor h\u00e4r Smycken 1. Vad gillar du f\u00f6r typ av smycken? Enkla smycken, kedjor med n\u00e5gon berlock. Helst i silver. 2. Har du gjort n\u00e5gra egna smycken, vad? Nej inte vad jag kan minnas. Men jag kan t\u00e4nka mig att g\u00f6ra\u2026","rel":"","context":"I \u201dVardagsliv\u201d","block_context":{"text":"Vardagsliv","link":"https:\/\/blogg.fumei.se\/?cat=47"},"img":{"alt_text":"","src":"","width":0,"height":0},"classes":[]},{"id":1098,"url":"https:\/\/blogg.fumei.se\/?p=1098","url_meta":{"origin":274,"position":1},"title":"Uppbackning","author":"M :)","date":"2009-09-21","format":false,"excerpt":"fick jag idag n\u00e4r vi hade USK-m\u00f6te p\u00e5 jobbet. Jag har n\u00e4mligen, vid ett flertal tillf\u00e4llen, f\u00e5tt h\u00f6ra fr\u00e5n olika h\u00e5ll, att jag inte best\u00e4ller tillr\u00e4ckligt med material, att jag best\u00e4ller fel sorts material och att jag inte best\u00e4ller vissa saker \u00f6ht. Idag talade jag om att 1. vi har\u2026","rel":"","context":"I \u201dVardagsliv\u201d","block_context":{"text":"Vardagsliv","link":"https:\/\/blogg.fumei.se\/?cat=47"},"img":{"alt_text":"","src":"","width":0,"height":0},"classes":[]},{"id":283,"url":"https:\/\/blogg.fumei.se\/?p=283","url_meta":{"origin":274,"position":2},"title":"M\u00e5ndag&#8230;","author":"M :)","date":"2010-03-01","format":false,"excerpt":"bara ordet s\u00e4ger en hel del om vad f\u00f6r slags dag det har varit idag.... Det b\u00f6rjade redan ig\u00e5r, n\u00e4r jag var glad och trodde att jag skulle vara ledig idag, men d\u00e5 tittade Robin i almanackan och s\u00e5g att jag jobbar 7-16. Jaha. Upp 4.30 d\u00e5, och ut i\u2026","rel":"","context":"I \u201dVardagsliv\u201d","block_context":{"text":"Vardagsliv","link":"https:\/\/blogg.fumei.se\/?cat=47"},"img":{"alt_text":"","src":"","width":0,"height":0},"classes":[]},{"id":137,"url":"https:\/\/blogg.fumei.se\/?p=137","url_meta":{"origin":274,"position":3},"title":"Det h\u00e4r med att h\u00e5lla diet","author":"M :)","date":"2011-01-03","format":false,"excerpt":"Det \u00e4r ingen enkel match att h\u00e5lla sig till bara det som \u00e4r bra f\u00f6r en, n\u00e4r man \u00e4r van vid att ha n\u00e5got att mumsa p\u00e5 framf\u00f6r tv:n p\u00e5 kv\u00e4llarna, eller n\u00e4r patienter kommer med godis och kakor som tack f\u00f6r god v\u00e5rd. Men jag har banne mig varit\u2026","rel":"","context":"I \u201dVardagsliv\u201d","block_context":{"text":"Vardagsliv","link":"https:\/\/blogg.fumei.se\/?cat=47"},"img":{"alt_text":"","src":"","width":0,"height":0},"classes":[]},{"id":240,"url":"https:\/\/blogg.fumei.se\/?p=240","url_meta":{"origin":274,"position":4},"title":"Lillel\u00f6rdag","author":"EmEff","date":"2010-05-05","format":false,"excerpt":"Ja, onsdag, allts\u00e5. Inte f\u00f6r att det spelar mig n\u00e5gon roll, f\u00f6r jag ska ju jobba imorgon s\u00e5 det blir inget partajande f\u00f6r min del. Idag har jag varit p\u00e5 utbildningsdag. Det var nyttigt, givande och trevligt. Lite nya saker att l\u00e4ra sig (v\u00e5rd av sjuka barn p\u00e5 BB), lite\u2026","rel":"","context":"I \u201dVardagsliv\u201d","block_context":{"text":"Vardagsliv","link":"https:\/\/blogg.fumei.se\/?cat=47"},"img":{"alt_text":"","src":"","width":0,"height":0},"classes":[]},{"id":1186,"url":"https:\/\/blogg.fumei.se\/?p=1186","url_meta":{"origin":274,"position":5},"title":"Blah","author":"M :)","date":"2009-11-24","format":false,"excerpt":"Rubriks\u00e4ttaren \u00e4r p\u00e5 semester i Maldiverna s\u00e5 jag f\u00e5r s\u00e4tta egna rubriker och det g\u00e5r s\u00e5d\u00e4r, som ni kan se...Dags f\u00f6r en flera dagars uppdatering igen, ser jag. Tja, helgen var lugn, jag jobbade l\u00f6rdag kv\u00e4ll, och det var inte s\u00e5 mycket att g\u00f6ra, vi var dessutom gott om personal\u2026","rel":"","context":"I \u201dVardagsliv\u201d","block_context":{"text":"Vardagsliv","link":"https:\/\/blogg.fumei.se\/?cat=47"},"img":{"alt_text":"","src":"","width":0,"height":0},"classes":[]}],"_links":{"self":[{"href":"https:\/\/blogg.fumei.se\/index.php?rest_route=\/wp\/v2\/posts\/274","targetHints":{"allow":["GET"]}}],"collection":[{"href":"https:\/\/blogg.fumei.se\/index.php?rest_route=\/wp\/v2\/posts"}],"about":[{"href":"https:\/\/blogg.fumei.se\/index.php?rest_route=\/wp\/v2\/types\/post"}],"author":[{"embeddable":true,"href":"https:\/\/blogg.fumei.se\/index.php?rest_route=\/wp\/v2\/users\/1"}],"replies":[{"embeddable":true,"href":"https:\/\/blogg.fumei.se\/index.php?rest_route=%2Fwp%2Fv2%2Fcomments&post=274"}],"version-history":[{"count":0,"href":"https:\/\/blogg.fumei.se\/index.php?rest_route=\/wp\/v2\/posts\/274\/revisions"}],"wp:attachment":[{"href":"https:\/\/blogg.fumei.se\/index.php?rest_route=%2Fwp%2Fv2%2Fmedia&parent=274"}],"wp:term":[{"taxonomy":"category","embeddable":true,"href":"https:\/\/blogg.fumei.se\/index.php?rest_route=%2Fwp%2Fv2%2Fcategories&post=274"},{"taxonomy":"post_tag","embeddable":true,"href":"https:\/\/blogg.fumei.se\/index.php?rest_route=%2Fwp%2Fv2%2Ftags&post=274"}],"curies":[{"name":"wp","href":"https:\/\/api.w.org\/{rel}","templated":true}]}}