{"id":2741,"date":"2012-08-23T16:10:36","date_gmt":"2012-08-23T14:10:36","guid":{"rendered":"http:\/\/blogg.fumei.se\/?p=2741"},"modified":"2012-08-23T16:10:36","modified_gmt":"2012-08-23T14:10:36","slug":"fodelsedagsdags","status":"publish","type":"post","link":"https:\/\/blogg.fumei.se\/?p=2741","title":{"rendered":"F\u00f6delsedagsdags!"},"content":{"rendered":"<p>Idag \u00e4r det 10 \u00e5r sedan min \u00e4ldsta systerdotter Frida f\u00f6ddes, s\u00e5 idag hurrar vi f\u00f6r henne!<br \/>\nHipp hurra!<\/p>\n<h1 style=\"text-align: center;\"><span style=\"color: #3366ff;\">GRATTIS<\/span><\/h1>\n<p style=\"text-align: center;\">\u00f6nskar moster, Fia, Robin, Jorge och Stella<\/p>\n<p style=\"text-align: center;\"><a href=\"https:\/\/blogg.fumei.se\/?attachment_id=2742\" rel=\"attachment wp-att-2742\"><img data-recalc-dims=\"1\" loading=\"lazy\" decoding=\"async\" data-attachment-id=\"2742\" data-permalink=\"https:\/\/blogg.fumei.se\/?attachment_id=2742\" data-orig-file=\"https:\/\/i0.wp.com\/blogg.fumei.se\/wp-content\/uploads\/2012\/08\/Frida10-emeff2012.png?fit=600%2C526&amp;ssl=1\" data-orig-size=\"600,526\" data-comments-opened=\"1\" data-image-meta=\"{&quot;aperture&quot;:&quot;0&quot;,&quot;credit&quot;:&quot;&quot;,&quot;camera&quot;:&quot;&quot;,&quot;caption&quot;:&quot;&quot;,&quot;created_timestamp&quot;:&quot;0&quot;,&quot;copyright&quot;:&quot;&quot;,&quot;focal_length&quot;:&quot;0&quot;,&quot;iso&quot;:&quot;0&quot;,&quot;shutter_speed&quot;:&quot;0&quot;,&quot;title&quot;:&quot;&quot;}\" data-image-title=\"Frida10-emeff2012\" data-image-description=\"\" data-image-caption=\"\" data-large-file=\"https:\/\/i0.wp.com\/blogg.fumei.se\/wp-content\/uploads\/2012\/08\/Frida10-emeff2012.png?fit=600%2C526&amp;ssl=1\" class=\"aligncenter size-full wp-image-2742\" title=\"Frida10-emeff2012\" src=\"https:\/\/i0.wp.com\/blogg.fumei.se\/wp-content\/uploads\/2012\/08\/Frida10-emeff2012.png?resize=600%2C526&#038;ssl=1\" alt=\"\" width=\"600\" height=\"526\" srcset=\"https:\/\/i0.wp.com\/blogg.fumei.se\/wp-content\/uploads\/2012\/08\/Frida10-emeff2012.png?w=600&amp;ssl=1 600w, https:\/\/i0.wp.com\/blogg.fumei.se\/wp-content\/uploads\/2012\/08\/Frida10-emeff2012.png?resize=300%2C263&amp;ssl=1 300w\" sizes=\"auto, (max-width: 600px) 100vw, 600px\" \/><\/a><\/p>\n","protected":false},"excerpt":{"rendered":"<p>Idag \u00e4r det 10 \u00e5r sedan min \u00e4ldsta systerdotter Frida f\u00f6ddes, s\u00e5 idag hurrar vi f\u00f6r henne! Hipp hurra! GRATTIS \u00f6nskar moster, Fia, Robin, Jorge och Stella<\/p>\n","protected":false},"author":1,"featured_media":0,"comment_status":"open","ping_status":"open","sticky":false,"template":"","format":"standard","meta":{"jetpack_post_was_ever_published":false,"_jetpack_newsletter_access":"","_jetpack_dont_email_post_to_subs":false,"_jetpack_newsletter_tier_id":0,"_jetpack_memberships_contains_paywalled_content":false,"_jetpack_memberships_contains_paid_content":false,"footnotes":"","jetpack_publicize_message":"","jetpack_publicize_feature_enabled":true,"jetpack_social_post_already_shared":false,"jetpack_social_options":{"image_generator_settings":{"template":"highway","default_image_id":0,"font":"","enabled":false},"version":2}},"categories":[34],"tags":[220,106],"class_list":["post-2741","post","type-post","status-publish","format-standard","hentry","category-familjen","tag-fira","tag-fodelsedag"],"jetpack_publicize_connections":[],"jetpack_featured_media_url":"","jetpack_shortlink":"https:\/\/wp.me\/p3qko4-Id","jetpack_sharing_enabled":true,"jetpack_likes_enabled":true,"jetpack-related-posts":[{"id":6852,"url":"https:\/\/blogg.fumei.se\/?p=6852","url_meta":{"origin":2741,"position":0},"title":"F\u00f6delsedagsbarn!","author":"M :)","date":"2024-03-15","format":false,"excerpt":"Idag firar vi att Juliah fyller 10 \u00e5r! Hurra, hurra, hurra hurra!","rel":"","context":"I \u201dFamiljen\u201d","block_context":{"text":"Familjen","link":"https:\/\/blogg.fumei.se\/?cat=34"},"img":{"alt_text":"","src":"https:\/\/i0.wp.com\/blogg.fumei.se\/wp-content\/uploads\/2024\/04\/2BCAC044-D7DA-4B74-ADF5-2624442159C1_1_105_c.jpeg?resize=350%2C200&ssl=1","width":350,"height":200,"srcset":"https:\/\/i0.wp.com\/blogg.fumei.se\/wp-content\/uploads\/2024\/04\/2BCAC044-D7DA-4B74-ADF5-2624442159C1_1_105_c.jpeg?resize=350%2C200&ssl=1 1x, https:\/\/i0.wp.com\/blogg.fumei.se\/wp-content\/uploads\/2024\/04\/2BCAC044-D7DA-4B74-ADF5-2624442159C1_1_105_c.jpeg?resize=525%2C300&ssl=1 1.5x, https:\/\/i0.wp.com\/blogg.fumei.se\/wp-content\/uploads\/2024\/04\/2BCAC044-D7DA-4B74-ADF5-2624442159C1_1_105_c.jpeg?resize=700%2C400&ssl=1 2x"},"classes":[]},{"id":3541,"url":"https:\/\/blogg.fumei.se\/?p=3541","url_meta":{"origin":2741,"position":1},"title":"Moppe!","author":"M :)","date":"2015-03-13","format":false,"excerpt":"Eller?!? I vilket fall som helst s\u00e5 fyller \u00e4ldsta brorsdottern 15 \u00e5r idag! Det hurrar vi f\u00f6r! Hurra, hurra, hurra, hurra!! GRATTIS \u00f6nskar faster, farmor & farfar, Robin, Fia, Linus och Juliah","rel":"","context":"I \u201dFamiljen\u201d","block_context":{"text":"Familjen","link":"https:\/\/blogg.fumei.se\/?cat=34"},"img":{"alt_text":"Bella15-EmEff2015","src":"https:\/\/i0.wp.com\/blogg.fumei.se\/wp-content\/uploads\/2015\/03\/Bella15-EmEff2015.jpg?resize=350%2C200","width":350,"height":200,"srcset":"https:\/\/i0.wp.com\/blogg.fumei.se\/wp-content\/uploads\/2015\/03\/Bella15-EmEff2015.jpg?resize=350%2C200 1x, https:\/\/i0.wp.com\/blogg.fumei.se\/wp-content\/uploads\/2015\/03\/Bella15-EmEff2015.jpg?resize=525%2C300 1.5x"},"classes":[]},{"id":224,"url":"https:\/\/blogg.fumei.se\/?p=224","url_meta":{"origin":2741,"position":2},"title":"Hurra hurra hurra hurra!","author":"M :)","date":"2010-05-21","format":false,"excerpt":"Idag fyller min \u00e4lskade lilla stora s\u00f6ta obstinata vr\u00e5nga gosiga spralliga h\u00e4rliga underbara dotter 17 \u00e5r. GRATTIS p\u00e5 f\u00f6delsedagen Sophia","rel":"","context":"I \u201dVardagsliv\u201d","block_context":{"text":"Vardagsliv","link":"https:\/\/blogg.fumei.se\/?cat=47"},"img":{"alt_text":"","src":"","width":0,"height":0},"classes":[]},{"id":733,"url":"https:\/\/blogg.fumei.se\/?p=733","url_meta":{"origin":2741,"position":3},"title":"Hurra hurra hurra","author":"M :)","date":"2008-12-17","format":false,"excerpt":"f\u00f6r det \u00e4r Emmas dag idag! Grattis p\u00e5 f\u00f6delsedagen!","rel":"","context":"I \u201dVardagsliv\u201d","block_context":{"text":"Vardagsliv","link":"https:\/\/blogg.fumei.se\/?cat=47"},"img":{"alt_text":"","src":"","width":0,"height":0},"classes":[]},{"id":3454,"url":"https:\/\/blogg.fumei.se\/?p=3454","url_meta":{"origin":2741,"position":4},"title":"Idag fyller vi \u00e5r!","author":"M :)","date":"2015-01-17","format":false,"excerpt":"Vi b\u00f6rjar med att hurra f\u00f6r den h\u00e4r killen: Hipp hurra f\u00f6r Victor idag p\u00e5 din 6-\u00e5rsdag! GRATTIS \u00f6nskar faster, farmor, farfar, Robin, Fia, Linus och Juliah. Och ja, det \u00e4r ju faktiskt min f\u00f6delsedag ocks\u00e5, s\u00e5 hurra och grattis till mig ocks\u00e5! N\u00e5gra andra som fyller \u00e5r idag \u00e4r\u2026","rel":"","context":"I \u201dVardagsliv\u201d","block_context":{"text":"Vardagsliv","link":"https:\/\/blogg.fumei.se\/?cat=47"},"img":{"alt_text":"Victor6-emeff2015","src":"https:\/\/i0.wp.com\/blogg.fumei.se\/wp-content\/uploads\/2015\/01\/Victor6-emeff2015.jpg?resize=350%2C200","width":350,"height":200,"srcset":"https:\/\/i0.wp.com\/blogg.fumei.se\/wp-content\/uploads\/2015\/01\/Victor6-emeff2015.jpg?resize=350%2C200 1x, https:\/\/i0.wp.com\/blogg.fumei.se\/wp-content\/uploads\/2015\/01\/Victor6-emeff2015.jpg?resize=525%2C300 1.5x"},"classes":[]},{"id":4288,"url":"https:\/\/blogg.fumei.se\/?p=4288","url_meta":{"origin":2741,"position":5},"title":"Tjugoett","author":"M :)","date":"2017-04-25","format":false,"excerpt":"Hurra hurra hurra hurra f\u00f6r Robin idag! GRATTIS \u00f6nskar mamma \u2665\u00a0\u2665","rel":"","context":"I \u201dFamiljen\u201d","block_context":{"text":"Familjen","link":"https:\/\/blogg.fumei.se\/?cat=34"},"img":{"alt_text":"","src":"https:\/\/i0.wp.com\/blogg.fumei.se\/wp-content\/uploads\/2017\/04\/Robin21-Emeff2017.png?resize=350%2C200","width":350,"height":200,"srcset":"https:\/\/i0.wp.com\/blogg.fumei.se\/wp-content\/uploads\/2017\/04\/Robin21-Emeff2017.png?resize=350%2C200 1x, https:\/\/i0.wp.com\/blogg.fumei.se\/wp-content\/uploads\/2017\/04\/Robin21-Emeff2017.png?resize=525%2C300 1.5x"},"classes":[]}],"_links":{"self":[{"href":"https:\/\/blogg.fumei.se\/index.php?rest_route=\/wp\/v2\/posts\/2741","targetHints":{"allow":["GET"]}}],"collection":[{"href":"https:\/\/blogg.fumei.se\/index.php?rest_route=\/wp\/v2\/posts"}],"about":[{"href":"https:\/\/blogg.fumei.se\/index.php?rest_route=\/wp\/v2\/types\/post"}],"author":[{"embeddable":true,"href":"https:\/\/blogg.fumei.se\/index.php?rest_route=\/wp\/v2\/users\/1"}],"replies":[{"embeddable":true,"href":"https:\/\/blogg.fumei.se\/index.php?rest_route=%2Fwp%2Fv2%2Fcomments&post=2741"}],"version-history":[{"count":2,"href":"https:\/\/blogg.fumei.se\/index.php?rest_route=\/wp\/v2\/posts\/2741\/revisions"}],"predecessor-version":[{"id":2744,"href":"https:\/\/blogg.fumei.se\/index.php?rest_route=\/wp\/v2\/posts\/2741\/revisions\/2744"}],"wp:attachment":[{"href":"https:\/\/blogg.fumei.se\/index.php?rest_route=%2Fwp%2Fv2%2Fmedia&parent=2741"}],"wp:term":[{"taxonomy":"category","embeddable":true,"href":"https:\/\/blogg.fumei.se\/index.php?rest_route=%2Fwp%2Fv2%2Fcategories&post=2741"},{"taxonomy":"post_tag","embeddable":true,"href":"https:\/\/blogg.fumei.se\/index.php?rest_route=%2Fwp%2Fv2%2Ftags&post=2741"}],"curies":[{"name":"wp","href":"https:\/\/api.w.org\/{rel}","templated":true}]}}