{"id":2764,"date":"2012-09-25T21:46:07","date_gmt":"2012-09-25T19:46:07","guid":{"rendered":"http:\/\/blogg.fumei.se\/?p=2764"},"modified":"2012-09-25T21:46:07","modified_gmt":"2012-09-25T19:46:07","slug":"sorgens-fagel","status":"publish","type":"post","link":"https:\/\/blogg.fumei.se\/?p=2764","title":{"rendered":"Sorgens f\u00e5gel"},"content":{"rendered":"<p>Det har g\u00e5tt n\u00e4stan tv\u00e5 veckor sedan min v\u00e4n (och kollega) Lena gick bort i cancer. Jag har fortfarande sv\u00e5rt att f\u00f6rst\u00e5 det. Hon var s\u00e5 glad, livfull och k\u00e4rleksfull, hade alltid n\u00e5got gott att s\u00e4ga om alla, t\u00e4nkte s\u00e4llan p\u00e5 sig sj\u00e4lv, \u00e4ven under dessa sista m\u00e5nader n\u00e4r hon var s\u00e5 sjuk.<\/p>\n<p>Allt gick s\u00e5 fort. Ena dagen var hon sjukskriven f\u00f6r inflammation i musklerna i rygg och armar, n\u00e4sta fick jag h\u00f6ra av en annan kollega att Lena f\u00e5tt diagnosen cancer! Den natten var det sv\u00e5rt att t\u00e4nka p\u00e5 jobbet.<br \/>\n\u00c5tta korta men \u00e4nd\u00e5 s\u00e5 l\u00e5nga m\u00e5nader k\u00e4mpade hon mot den f\u00f6rj\u00e4vliga, f\u00f6rf\u00e4rliga sjukdom som cancer \u00e4r, innan hennes kropp till slut sa ifr\u00e5n. Under hela denna tid hade hon sina barn och sin barndomsv\u00e4n Angelica vid sin sida.<br \/>\nDen 12:e Augusti p\u00e5 kv\u00e4llen somnade hon in med sina n\u00e4rmaste och k\u00e4raste runt omkring sig.<\/p>\n<p>Nu vet jag att hon m\u00e5r bra, att hon inte har ont l\u00e4ngre, och vi m\u00e5r b\u00e4ttre n\u00e4r vi vet att hon slipper lida, \u00e4ven om vi s\u00f6rjer v\u00e5r v\u00e4n oerh\u00f6rt mycket.<br \/>\nMen det \u00e4r l\u00e4ttare att s\u00f6rja nu, och det \u00e4r l\u00e4tt att le och skratta \u00e5t minnena. F\u00f6r s\u00e5 hade Lena velat att det var, det \u00e4r jag s\u00e4ker p\u00e5.<\/p>\n<p>Ibland t\u00e4nker jag att jag ska ber\u00e4tta n\u00e5got f\u00f6r henne n\u00e4sta g\u00e5ng jag tr\u00e4ffar henne, eller att jag ska ringa henne, f\u00f6r det var s\u00e5 l\u00e4nge sen vi pratade, men s\u00e5 kommer jag p\u00e5 mig sj\u00e4lv, och s\u00e5 gr\u00e5ter jag. Igen. N\u00e4r jag minst anar det blir jag p\u00e5mind om henne, varje dag p\u00e5 jobbet, n\u00e4r Robin s\u00e4ger n\u00e5t p\u00e5 trollh\u00e4ttem\u00e5l, n\u00e4r jag h\u00f6r vissa l\u00e5tar spelas, ser vissa bilder&#8230;och framf\u00f6rallt minns jag Lena n\u00e4r jag ser J.<\/p>\n<p>F\u00f6r det \u00e4r ju i f\u00f6rsta hand tack vare Lena som jag och J idag \u00e4r ett par. Det var jag och Lena som var p\u00e5 puben den d\u00e4r kv\u00e4llen n\u00e4r han p\u00f6tsligt stod d\u00e4r, det var Lena som praktiskt taget tvingade mig att stanna kvar och forts\u00e4tta umg\u00e5s med honom ist\u00e4llet f\u00f6r att ta sista bussen hem med henne. S\u00e5 TACK Lena f\u00f6r min k\u00e4rlek!<\/p>\n<p>Det finns s\u00e5 mycket man vill s\u00e4ga n\u00e4r n\u00e5gon man k\u00e4nner och \u00e4lskar d\u00f6r. Jag vet inte riktigt hur jag ska uttrycka det jag vill s\u00e4ga, men jag hittade en vacker dikt ( p\u00e5 engelska) som jag tycker st\u00e4mmer ganska bra:<\/p>\n<p style=\"text-align: center;\"><em>The sun still rises at the dawn of each day<\/em><br \/>\n<em>Birds, they\u2019re flying in the sky as before<\/em><br \/>\n<em>The clock still ticks as the hours pass by<\/em><br \/>\n<em>How can that be &#8211; when you\u2019re no more?<\/em><\/p>\n<p style=\"text-align: center;\"><em>Never again will I walk through your door<\/em><br \/>\n<em>Or sit at your table with a cup of tea<\/em><br \/>\n<em>I may never hear your laughter again<\/em><br \/>\n<em>But in my heart I know, you\u2019re still close to me<\/em><\/p>\n<p style=\"text-align: center;\"><em>You\u2019re still so vivid, so very clear<\/em><br \/>\n<em>Before me, in my mind\u2019s eye<\/em><br \/>\n<em>Bubbly and cheerful, so full of life<\/em><br \/>\n<em>Your presence, I\u2019ll forever hold high<\/em><\/p>\n<p style=\"text-align: center;\"><em>You fought hard and brave my dear friend<\/em><br \/>\n<em>With courage and optimism you started each day<\/em><br \/>\n<em>Positive thinking was always your motto<\/em><br \/>\n<em>Negative thoughts, they never came your way<\/em><\/p>\n<p style=\"text-align: center;\"><em>Rest assured dear friend, I promise you<\/em><br \/>\n<em>You\u2019ll never be forgotten, even when long gone<\/em><br \/>\n<em>I\u2019ll cherish the time we had together<\/em><br \/>\n<em>And as the years pass by, your memory lives on<\/em><\/p>\n<p>\u00a0<a href=\"https:\/\/blogg.fumei.se\/?attachment_id=2772\" rel=\"attachment wp-att-2772\"><img data-recalc-dims=\"1\" loading=\"lazy\" decoding=\"async\" data-attachment-id=\"2772\" data-permalink=\"https:\/\/blogg.fumei.se\/?attachment_id=2772\" data-orig-file=\"https:\/\/i0.wp.com\/blogg.fumei.se\/wp-content\/uploads\/2012\/09\/LenaN.png?fit=416%2C540&amp;ssl=1\" data-orig-size=\"416,540\" data-comments-opened=\"1\" data-image-meta=\"{&quot;aperture&quot;:&quot;0&quot;,&quot;credit&quot;:&quot;&quot;,&quot;camera&quot;:&quot;&quot;,&quot;caption&quot;:&quot;&quot;,&quot;created_timestamp&quot;:&quot;0&quot;,&quot;copyright&quot;:&quot;&quot;,&quot;focal_length&quot;:&quot;0&quot;,&quot;iso&quot;:&quot;0&quot;,&quot;shutter_speed&quot;:&quot;0&quot;,&quot;title&quot;:&quot;&quot;}\" data-image-title=\"LenaN\" data-image-description=\"\" data-image-caption=\"\" data-large-file=\"https:\/\/i0.wp.com\/blogg.fumei.se\/wp-content\/uploads\/2012\/09\/LenaN.png?fit=416%2C540&amp;ssl=1\" class=\"size-full wp-image-2772 aligncenter\" title=\"LenaN\" src=\"https:\/\/i0.wp.com\/blogg.fumei.se\/wp-content\/uploads\/2012\/09\/LenaN.png?resize=416%2C540&#038;ssl=1\" alt=\"\" width=\"416\" height=\"540\" srcset=\"https:\/\/i0.wp.com\/blogg.fumei.se\/wp-content\/uploads\/2012\/09\/LenaN.png?w=416&amp;ssl=1 416w, https:\/\/i0.wp.com\/blogg.fumei.se\/wp-content\/uploads\/2012\/09\/LenaN.png?resize=231%2C300&amp;ssl=1 231w\" sizes=\"auto, (max-width: 416px) 100vw, 416px\" \/><\/a><a href=\"https:\/\/blogg.fumei.se\/?attachment_id=2771\" rel=\"attachment wp-att-2771\"><br \/>\n<\/a><\/p>\n<p><center>[tube]http:\/\/www.youtube.com\/watch?v=AscPOozwYA8[\/tube]<\/center><\/p>\n","protected":false},"excerpt":{"rendered":"<p>Det har g\u00e5tt n\u00e4stan tv\u00e5 veckor sedan min v\u00e4n (och kollega) Lena gick bort i cancer. Jag har fortfarande sv\u00e5rt att f\u00f6rst\u00e5 det. Hon var s\u00e5 glad, livfull och k\u00e4rleksfull, hade alltid n\u00e5got gott att s\u00e4ga om alla, t\u00e4nkte s\u00e4llan p\u00e5 sig sj\u00e4lv, \u00e4ven under dessa sista m\u00e5nader n\u00e4r hon var s\u00e5 sjuk. Allt gick&#8230;<\/p>\n","protected":false},"author":1,"featured_media":0,"comment_status":"open","ping_status":"open","sticky":false,"template":"","format":"standard","meta":{"jetpack_post_was_ever_published":false,"_jetpack_newsletter_access":"","_jetpack_dont_email_post_to_subs":false,"_jetpack_newsletter_tier_id":0,"_jetpack_memberships_contains_paywalled_content":false,"_jetpack_memberships_contains_paid_content":false,"footnotes":"","jetpack_publicize_message":"","jetpack_publicize_feature_enabled":true,"jetpack_social_post_already_shared":false,"jetpack_social_options":{"image_generator_settings":{"template":"highway","default_image_id":0,"font":"","enabled":false},"version":2}},"categories":[47],"tags":[227,229,226,228,230,225],"class_list":["post-2764","post","type-post","status-publish","format-standard","hentry","category-vardagsliv","tag-cancer","tag-dod","tag-lena","tag-sjukdom","tag-sorg","tag-vanner"],"jetpack_publicize_connections":[],"jetpack_featured_media_url":"","jetpack_shortlink":"https:\/\/wp.me\/p3qko4-IA","jetpack_sharing_enabled":true,"jetpack_likes_enabled":true,"jetpack-related-posts":[{"id":5103,"url":"https:\/\/blogg.fumei.se\/?p=5103","url_meta":{"origin":2764,"position":0},"title":"\u00c4lskade mamma!","author":"M :)","date":"2022-03-08","format":false,"excerpt":"Det h\u00e4r \u00e4r min mamma \u2764\ufe0fMina br\u00f6ders mamma och min halvsysters bonusmamma. Mormor och farmor till mina och mina syskons barn, moster, faster och syster. Hon som bar mig under sitt hj\u00e4rta i 9 m\u00e5nader och i hj\u00e4rtat hela sitt liv. Som alltid satt mig och mina br\u00f6der f\u00f6re allt\u2026","rel":"","context":"I \u201dFamiljen\u201d","block_context":{"text":"Familjen","link":"https:\/\/blogg.fumei.se\/?cat=34"},"img":{"alt_text":"","src":"https:\/\/i0.wp.com\/blogg.fumei.se\/wp-content\/uploads\/2022\/11\/03B3A59C-0AD3-49D5-A162-42BA65B3C81A_1_201_a.jpeg?resize=350%2C200&ssl=1","width":350,"height":200,"srcset":"https:\/\/i0.wp.com\/blogg.fumei.se\/wp-content\/uploads\/2022\/11\/03B3A59C-0AD3-49D5-A162-42BA65B3C81A_1_201_a.jpeg?resize=350%2C200&ssl=1 1x, https:\/\/i0.wp.com\/blogg.fumei.se\/wp-content\/uploads\/2022\/11\/03B3A59C-0AD3-49D5-A162-42BA65B3C81A_1_201_a.jpeg?resize=525%2C300&ssl=1 1.5x, https:\/\/i0.wp.com\/blogg.fumei.se\/wp-content\/uploads\/2022\/11\/03B3A59C-0AD3-49D5-A162-42BA65B3C81A_1_201_a.jpeg?resize=700%2C400&ssl=1 2x"},"classes":[]},{"id":1779,"url":"https:\/\/blogg.fumei.se\/?p=1779","url_meta":{"origin":2764,"position":1},"title":"(O)v\u00e4ntat besked","author":"M :)","date":"2011-11-23","format":false,"excerpt":"Det h\u00e4r l\u00e5g och v\u00e4ntade p\u00e5 k\u00f6ksbordet n\u00e4r jag kom hem idag: F\u00f6r den som inte vet, s\u00e5 fick jag f\u00f6r n\u00e5gra \u00e5r sedan ett liknande brev, och d\u00e5 fick jag g\u00f6ra en s.k. konisering (ett ingrepp d\u00e4r man sk\u00e4r eller br\u00e4nner bort den yttersta delen av livmodertappen), och sedan\u2026","rel":"","context":"I \u201dVardagsliv\u201d","block_context":{"text":"Vardagsliv","link":"https:\/\/blogg.fumei.se\/?cat=47"},"img":{"alt_text":"","src":"https:\/\/i0.wp.com\/blogg.fumei.se\/wp-content\/uploads\/2011\/11\/cellprovsvar-650x487.jpg?resize=350%2C200","width":350,"height":200,"srcset":"https:\/\/i0.wp.com\/blogg.fumei.se\/wp-content\/uploads\/2011\/11\/cellprovsvar-650x487.jpg?resize=350%2C200 1x, https:\/\/i0.wp.com\/blogg.fumei.se\/wp-content\/uploads\/2011\/11\/cellprovsvar-650x487.jpg?resize=525%2C300 1.5x"},"classes":[]},{"id":5107,"url":"https:\/\/blogg.fumei.se\/?p=5107","url_meta":{"origin":2764,"position":2},"title":"\u2665\ufe0e Min mamma \u2665\ufe0e","author":"M :)","date":"2022-03-16","format":false,"excerpt":"Min mamma, Lis Fumei, f\u00f6ddes 15 April 1937 i Herning i Danmark. Hon var nummer sju av tolv barn till Ingeborg Elisabeth L\u00f8vstad och Aage Christian L\u00f8vstad.Pappa Aage var snickare vid j\u00e4rnv\u00e4gen och mamma Ingeborg var hemmafru med allt vad det innebar, med alla barnen och ett hush\u00e5ll att ta\u2026","rel":"","context":"I \u201dFamiljen\u201d","block_context":{"text":"Familjen","link":"https:\/\/blogg.fumei.se\/?cat=34"},"img":{"alt_text":"","src":"https:\/\/i0.wp.com\/blogg.fumei.se\/wp-content\/uploads\/2022\/11\/BEFDDF98-BDCB-4E63-B088-B3B56E759D0C_1_201_a.jpeg?resize=350%2C200&ssl=1","width":350,"height":200,"srcset":"https:\/\/i0.wp.com\/blogg.fumei.se\/wp-content\/uploads\/2022\/11\/BEFDDF98-BDCB-4E63-B088-B3B56E759D0C_1_201_a.jpeg?resize=350%2C200&ssl=1 1x, https:\/\/i0.wp.com\/blogg.fumei.se\/wp-content\/uploads\/2022\/11\/BEFDDF98-BDCB-4E63-B088-B3B56E759D0C_1_201_a.jpeg?resize=525%2C300&ssl=1 1.5x, https:\/\/i0.wp.com\/blogg.fumei.se\/wp-content\/uploads\/2022\/11\/BEFDDF98-BDCB-4E63-B088-B3B56E759D0C_1_201_a.jpeg?resize=700%2C400&ssl=1 2x"},"classes":[]},{"id":633,"url":"https:\/\/blogg.fumei.se\/?p=633","url_meta":{"origin":2764,"position":3},"title":"Too old for this crap","author":"M :)","date":"2008-10-04","format":false,"excerpt":"Ig\u00e5r var jag p\u00e5 krogen. Det hela b\u00f6rjade med att Cissi, som ska \u00e5ka hem till Australien igen p\u00e5 onsdag, tyckte att vi skulle ha tjejmiddag innan hon for, samla alla tjejerna som umgicks f\u00f6rr, och n\u00e5gra till. Nu blev vi inte s\u00e5 j\u00e4ttem\u00e5nga, bara 8 personer, men \u00e4nd\u00e5. Jag\u2026","rel":"","context":"I \u201dVardagsliv\u201d","block_context":{"text":"Vardagsliv","link":"https:\/\/blogg.fumei.se\/?cat=47"},"img":{"alt_text":"","src":"","width":0,"height":0},"classes":[]},{"id":532,"url":"https:\/\/blogg.fumei.se\/?p=532","url_meta":{"origin":2764,"position":4},"title":"Inte s\u00e5 roligt","author":"M :)","date":"2008-09-18","format":false,"excerpt":"Fick svar p\u00e5 cellprovet idag. Det visar f\u00f6r\u00e4ndringar, s\u00e5 jag har f\u00e5tt en ny tid f\u00f6r behandling\/utredning. Jag vet ju att det inte betyder att jag har cancer, men \u00e4nd\u00e5 f\u00e5r man lite ont i magen n\u00e4r man f\u00e5r ett s\u00e5nt brev. Har jag tur kommer det att r\u00e4cka med\u2026","rel":"","context":"I \u201dVardagsliv\u201d","block_context":{"text":"Vardagsliv","link":"https:\/\/blogg.fumei.se\/?cat=47"},"img":{"alt_text":"","src":"","width":0,"height":0},"classes":[]},{"id":486,"url":"https:\/\/blogg.fumei.se\/?p=486","url_meta":{"origin":2764,"position":5},"title":"S\u00f6ndag","author":"M :)","date":"2008-08-17","format":false,"excerpt":"Idag \u00e4r det dags f\u00f6r \u00e5rets husm\u00f6te. Jag bor i ett ganska litet hyreshus, en stor villa omgjord till 3 l\u00e4genheter, s\u00e5 en g\u00e5ng om \u00e5ret har vi husm\u00f6te, vi som bor h\u00e4r tillsammans med de som \u00e4ger huset. De brukar informera om st\u00f6rre saker som ska g\u00f6ras eller \u00e4ndras\u2026","rel":"","context":"I \u201dVardagsliv\u201d","block_context":{"text":"Vardagsliv","link":"https:\/\/blogg.fumei.se\/?cat=47"},"img":{"alt_text":"","src":"","width":0,"height":0},"classes":[]}],"_links":{"self":[{"href":"https:\/\/blogg.fumei.se\/index.php?rest_route=\/wp\/v2\/posts\/2764","targetHints":{"allow":["GET"]}}],"collection":[{"href":"https:\/\/blogg.fumei.se\/index.php?rest_route=\/wp\/v2\/posts"}],"about":[{"href":"https:\/\/blogg.fumei.se\/index.php?rest_route=\/wp\/v2\/types\/post"}],"author":[{"embeddable":true,"href":"https:\/\/blogg.fumei.se\/index.php?rest_route=\/wp\/v2\/users\/1"}],"replies":[{"embeddable":true,"href":"https:\/\/blogg.fumei.se\/index.php?rest_route=%2Fwp%2Fv2%2Fcomments&post=2764"}],"version-history":[{"count":6,"href":"https:\/\/blogg.fumei.se\/index.php?rest_route=\/wp\/v2\/posts\/2764\/revisions"}],"predecessor-version":[{"id":2775,"href":"https:\/\/blogg.fumei.se\/index.php?rest_route=\/wp\/v2\/posts\/2764\/revisions\/2775"}],"wp:attachment":[{"href":"https:\/\/blogg.fumei.se\/index.php?rest_route=%2Fwp%2Fv2%2Fmedia&parent=2764"}],"wp:term":[{"taxonomy":"category","embeddable":true,"href":"https:\/\/blogg.fumei.se\/index.php?rest_route=%2Fwp%2Fv2%2Fcategories&post=2764"},{"taxonomy":"post_tag","embeddable":true,"href":"https:\/\/blogg.fumei.se\/index.php?rest_route=%2Fwp%2Fv2%2Ftags&post=2764"}],"curies":[{"name":"wp","href":"https:\/\/api.w.org\/{rel}","templated":true}]}}