{"id":277,"date":"2010-03-07T21:32:00","date_gmt":"2010-03-07T21:32:00","guid":{"rendered":"\/Blogg\/post\/Sadar-da.aspx"},"modified":"2024-03-24T17:32:08","modified_gmt":"2024-03-24T16:32:08","slug":"sadar-da","status":"publish","type":"post","link":"https:\/\/blogg.fumei.se\/?p=277","title":{"rendered":"S\u00e5d\u00e4r d\u00e5"},"content":{"rendered":"<p>D\u00e5 var det slut p\u00e5 \u00e4nnu en vecka. Den h\u00e4r veckan har jag klarat av att arbeta sex arbetspass fast\u00e4n jag bara hade\u00a0tre pass inlagda i schemat, inte illa pinkat av en gammal h\u00e4st. Hoppas det visar sig positivt i kassan n\u00e4r l\u00f6nen kommer ocks\u00e5. Allts\u00e5 n\u00e4sta m\u00e5nads l\u00f6n, f\u00f6r allt ut\u00f6ver grundl\u00f6nen sl\u00e4par ju en m\u00e5nad.<br \/>\nDen h\u00e4r veckan har det varit samma gamla visa med Fia h\u00e4r hemma, men \u00e4ven Robin gjorde mig ordentligt besviken och ledsen. Vad han gjorde beh\u00f6ver vi inte g\u00e5 in p\u00e5 h\u00e4r, men han har som straff f\u00e5tt dator- och tvspelsf\u00f6rbud hela veckan, samt att han f\u00e5r v\u00e4nta \u00e4nnu en m\u00e5nad p\u00e5 chippet till XBoxen. Till skillnad fr\u00e5n sin syster s\u00e5 tar han sitt straff och g\u00f6r som han ska. Eller r\u00e4ttare sagt, g\u00f6r <em>inte<\/em> det han inte f\u00e5r g\u00f6ra den h\u00e4r veckan. Nog om det.<\/p>\n<p>Ig\u00e5r var jag och Lena p\u00e5 pub. Det var en nybliven pappa som l\u00e4mnade sitt visitkort n\u00e4r hans lilla familj skulle \u00e5ka hem fr\u00e5n BB. Han spelar i ett band som skulle spela p\u00e5 Dubliners i helgen, och han sa att om n\u00e5gon var intresserad av en kv\u00e4ll p\u00e5 pub med sk\u00f6n musik, s\u00e5 kunde vi ringa s\u00e5 skulle han s\u00e4tta upp oss p\u00e5 g\u00e4stlistan. Nu var vi ju bara tv\u00e5 som nappade, men vi hade himla trevligt de f\u00e5 timmarna vi var d\u00e4r. Vi var b\u00e5da tr\u00f6tta efter veckan, men k\u00e4nde att det skulle vara hur sk\u00f6nt som helst att inte bara sitta hemma och glo p\u00e5 tv en ledig l\u00f6rdagkv\u00e4ll. S\u00e5 tack, Hjalmar!<br \/>\nKan meddela att jag somnade v\u00e4ldigt gott n\u00e4r jag kom hem&#8230;<\/p>\n<p>Idag har jag m\u00f6blerat om lite till. Jag har flyttat in garderoben i kl\u00e4dkammaren igen. Det tog lite tid , eftersom den fick skruvas is\u00e4r lite och sen ihop igen. Dessutom var den tung, s\u00e5 jag v\u00e4ntade tills Fia och Robin kom hem, och s\u00e5 f\u00f6renade vi v\u00e5ra krafter. S\u00e5 nu ligger alla mina kl\u00e4der i kl\u00e4dkammaren igen. Nu ska jag bara skaffa en nyckel till kl\u00e4dkammaren&#8230;<br \/>\nS\u00e4ngen st\u00e5r allts\u00e5 numera i vardagsrummet. Det kommer att bli j\u00e4ttebra, bara jag f\u00e5r iv\u00e4g skrivbordet. Jag beh\u00f6ver det inte, jag har ju en b\u00e4rbar dator, s\u00e5 jag kan ju lika g\u00e4rna sitta vid k\u00f6ksbordet.<br \/>\nSen vill jag ha bort sk\u00e4nken som tv:n st\u00e5r p\u00e5 ocks\u00e5, och skaffa en mindre tv-b\u00e4nk ist\u00e4llet. T\u00e4nkte s\u00e4lja den p\u00e5 Blocket f\u00f6rst, men den gick s\u00f6nder n\u00e4r jag flyttade den nu sist, s\u00e5 jag hivar den p\u00e5 tippen. Stora vitrinen ska mamma ta tillbaka n\u00e4r de flyttar hit i Juni, och tills dess st\u00e5r den bra d\u00e4r den st\u00e5r. Och s\u00e5 ska jag ju, om allt nu g\u00e5r som vi hoppas, skaffa en lite st\u00f6rre s\u00e4ng till sommaren. Den h\u00e4r s\u00e4ngen f\u00e5r Robin. han vill ha &#8221;en riktigt s\u00e4ng&#8221; s\u00e4ger han. Nu har han ribbotten och skumgummimadrass.<\/p>\n<p>Nej h\u00f6rni, jag tror jag ska avsluta min kv\u00e4ll med senaste avsnittet av VD. Jag jobbade ju i torsdags kv\u00e4ll. Tur det finns internet&#8230;<\/p>\n","protected":false},"excerpt":{"rendered":"<p>D\u00e5 var det slut p\u00e5 \u00e4nnu en vecka. Den h\u00e4r veckan har jag klarat av att arbeta sex arbetspass fast\u00e4n jag bara hade\u00a0tre pass inlagda i schemat, inte illa pinkat av en gammal h\u00e4st. Hoppas det visar sig positivt i kassan n\u00e4r l\u00f6nen kommer ocks\u00e5. Allts\u00e5 n\u00e4sta m\u00e5nads l\u00f6n, f\u00f6r allt ut\u00f6ver grundl\u00f6nen sl\u00e4par ju&#8230;<\/p>\n","protected":false},"author":1,"featured_media":0,"comment_status":"open","ping_status":"open","sticky":false,"template":"","format":"standard","meta":{"jetpack_post_was_ever_published":false,"_jetpack_newsletter_access":"","_jetpack_dont_email_post_to_subs":false,"_jetpack_newsletter_tier_id":0,"_jetpack_memberships_contains_paywalled_content":false,"_jetpack_memberships_contains_paid_content":false,"footnotes":"","jetpack_publicize_message":"","jetpack_publicize_feature_enabled":true,"jetpack_social_post_already_shared":false,"jetpack_social_options":{"image_generator_settings":{"template":"highway","default_image_id":0,"font":"","enabled":false},"version":2}},"categories":[47],"tags":[],"class_list":["post-277","post","type-post","status-publish","format-standard","hentry","category-vardagsliv"],"jetpack_publicize_connections":[],"jetpack_featured_media_url":"","jetpack_shortlink":"https:\/\/wp.me\/p3qko4-4t","jetpack_sharing_enabled":true,"jetpack_likes_enabled":true,"jetpack-related-posts":[{"id":241,"url":"https:\/\/blogg.fumei.se\/?p=241","url_meta":{"origin":277,"position":0},"title":"Tjej&#038;Killsnack vecka 18","author":"M :)","date":"2010-05-04","format":false,"excerpt":"Veckans fr\u00e5gor. L\u00e4s mer om vad TJEJ&KILLSNACK \u00e4r\/hitta alla fr\u00e5gor h\u00e4r \u00a0J\u00e4mlikhet 1. Tycker du att alla ska ha samma l\u00f6n f\u00f6r samma jobb?Nja, vissa skillnader inom yrkena m\u00e5ste det finnas, tex s\u00e5 \u00e4r det ju inte riktigt r\u00e4ttvist om jag som \"bara\" arbetat 8 \u00e5r som undersk\u00f6terska skulle tj\u00e4na\u2026","rel":"","context":"I \u201dVardagsliv\u201d","block_context":{"text":"Vardagsliv","link":"https:\/\/blogg.fumei.se\/?cat=47"},"img":{"alt_text":"","src":"","width":0,"height":0},"classes":[]},{"id":2134,"url":"https:\/\/blogg.fumei.se\/?p=2134","url_meta":{"origin":277,"position":1},"title":"Slag i saken","author":"M :)","date":"2012-02-28","format":false,"excerpt":"Ni vet alla de d\u00e4r extra arbetspassen jag gjort den senaste tiden? I Januari gjorde jag s\u00e5 m\u00e5nga att det jag fick ut i l\u00f6n\u00a0ig\u00e5r motsvarar 1 l\u00f6n + 2\/3 av en normal m\u00e5nadsl\u00f6n! Sansl\u00f6st!! S\u00e5 f\u00f6r att fira det best\u00e4mde vi (J och jag) oss f\u00f6r att \u00e5ka iv\u00e4g\u2026","rel":"","context":"I \u201dVardagsliv\u201d","block_context":{"text":"Vardagsliv","link":"https:\/\/blogg.fumei.se\/?cat=47"},"img":{"alt_text":"","src":"https:\/\/i0.wp.com\/blogg.fumei.se\/wp-content\/uploads\/2012\/02\/seirom.jpg?resize=350%2C200","width":350,"height":200},"classes":[]},{"id":1026,"url":"https:\/\/blogg.fumei.se\/?p=1026","url_meta":{"origin":277,"position":2},"title":"Veckans v\u00e4rsta","author":"M :)","date":"2009-07-13","format":false,"excerpt":"Jag fick visa leg n\u00e4r jag skulle k\u00f6pa cigaretter\u00a0 l\u00f6rdags! Ahahahahahaaaaaaa.Jag bara stirrade p\u00e5 tjejen bakom kassan en l\u00e5ng stund innan jag suckade och str\u00e4ckte fram mitt leg. Till r\u00e5ga p\u00e5 allt var det en mycket ung tjej som stod d\u00e4r, hon kan knappast ha varit mer \u00e4n 18 sj\u00e4lv.Ja\u2026","rel":"","context":"I \u201dVardagsliv\u201d","block_context":{"text":"Vardagsliv","link":"https:\/\/blogg.fumei.se\/?cat=47"},"img":{"alt_text":"","src":"","width":0,"height":0},"classes":[]},{"id":1046,"url":"https:\/\/blogg.fumei.se\/?p=1046","url_meta":{"origin":277,"position":3},"title":"Chic-lit","author":"M :)","date":"2009-07-01","format":false,"excerpt":"Chick lit, fr\u00e5n chick (i betydelsen ung kvinna) och lit (litteratur), en litteraturgenre som skildrar livet f\u00f6r storstadskvinnor i 20- och 30-\u00e5rs\u00e5ldern. Genren etablerades \u00e5r 2000. Oftast \u00e4r b\u00f6ckerna skrivna av kvinnor och riktar sig till kvinnor. Karakt\u00e4rerna \u00e4r inte s\u00e4llan \u00f6ver-analyserande unga kvinnor som s\u00f6ker perfektion, vare sig det\u2026","rel":"","context":"I \u201dVardagsliv\u201d","block_context":{"text":"Vardagsliv","link":"https:\/\/blogg.fumei.se\/?cat=47"},"img":{"alt_text":"","src":"","width":0,"height":0},"classes":[]},{"id":3339,"url":"https:\/\/blogg.fumei.se\/?p=3339","url_meta":{"origin":277,"position":4},"title":"Slarvmaja","author":"M :)","date":"2014-07-18","format":false,"excerpt":"Jag \u00e4r inget vidare bra p\u00e5 att uppdatera den h\u00e4r bloggen. F\u00e5r blir b\u00e4ttring p\u00e5 det!\u00a0Det har h\u00e4nt massor sen sist, s\u00e5 jag f\u00e5r f\u00f6rs\u00f6kasammanfatta allt. Vi kan b\u00f6rja veckan innan senaste inl\u00e4gget (Juliahs dop), d\u00e5 jag var p\u00e5 megaloppis i Majorna. Det \u00e4r ett \u00e5terkommande evenemang varje sommar, och\u2026","rel":"","context":"I \u201dVardagsliv\u201d","block_context":{"text":"Vardagsliv","link":"https:\/\/blogg.fumei.se\/?cat=47"},"img":{"alt_text":"","src":"https:\/\/i0.wp.com\/blogg.fumei.se\/wp-content\/uploads\/2014\/07\/Examen-fr%C3%A5n-Tinas-tele-678.jpg?resize=350%2C200","width":350,"height":200,"srcset":"https:\/\/i0.wp.com\/blogg.fumei.se\/wp-content\/uploads\/2014\/07\/Examen-fr%C3%A5n-Tinas-tele-678.jpg?resize=350%2C200 1x, https:\/\/i0.wp.com\/blogg.fumei.se\/wp-content\/uploads\/2014\/07\/Examen-fr%C3%A5n-Tinas-tele-678.jpg?resize=525%2C300 1.5x, https:\/\/i0.wp.com\/blogg.fumei.se\/wp-content\/uploads\/2014\/07\/Examen-fr%C3%A5n-Tinas-tele-678.jpg?resize=700%2C400 2x, https:\/\/i0.wp.com\/blogg.fumei.se\/wp-content\/uploads\/2014\/07\/Examen-fr%C3%A5n-Tinas-tele-678.jpg?resize=1050%2C600 3x, https:\/\/i0.wp.com\/blogg.fumei.se\/wp-content\/uploads\/2014\/07\/Examen-fr%C3%A5n-Tinas-tele-678.jpg?resize=1400%2C800 4x"},"classes":[]},{"id":23,"url":"https:\/\/blogg.fumei.se\/?p=23","url_meta":{"origin":277,"position":5},"title":"Veckan som g\u00e5tt&#8230;","author":"M :)","date":"2011-07-24","format":false,"excerpt":"Ja, f\u00f6r det f\u00f6rsta var det sjukt mycket att g\u00f6ra p\u00e5 jobbet! Var kommer alla ungar ifr\u00e5n? Eller jag kanske ska fr\u00e5ga hur i helskotta alla gravida kvinnor kan vara i barnaf\u00f6dande fas samtidigt?? I tisdags hade jag tur och kyckades ta en del av min rast, men i fredags\u2026","rel":"","context":"I \u201dVardagsliv\u201d","block_context":{"text":"Vardagsliv","link":"https:\/\/blogg.fumei.se\/?cat=47"},"img":{"alt_text":"","src":"","width":0,"height":0},"classes":[]}],"_links":{"self":[{"href":"https:\/\/blogg.fumei.se\/index.php?rest_route=\/wp\/v2\/posts\/277","targetHints":{"allow":["GET"]}}],"collection":[{"href":"https:\/\/blogg.fumei.se\/index.php?rest_route=\/wp\/v2\/posts"}],"about":[{"href":"https:\/\/blogg.fumei.se\/index.php?rest_route=\/wp\/v2\/types\/post"}],"author":[{"embeddable":true,"href":"https:\/\/blogg.fumei.se\/index.php?rest_route=\/wp\/v2\/users\/1"}],"replies":[{"embeddable":true,"href":"https:\/\/blogg.fumei.se\/index.php?rest_route=%2Fwp%2Fv2%2Fcomments&post=277"}],"version-history":[{"count":2,"href":"https:\/\/blogg.fumei.se\/index.php?rest_route=\/wp\/v2\/posts\/277\/revisions"}],"predecessor-version":[{"id":6706,"href":"https:\/\/blogg.fumei.se\/index.php?rest_route=\/wp\/v2\/posts\/277\/revisions\/6706"}],"wp:attachment":[{"href":"https:\/\/blogg.fumei.se\/index.php?rest_route=%2Fwp%2Fv2%2Fmedia&parent=277"}],"wp:term":[{"taxonomy":"category","embeddable":true,"href":"https:\/\/blogg.fumei.se\/index.php?rest_route=%2Fwp%2Fv2%2Fcategories&post=277"},{"taxonomy":"post_tag","embeddable":true,"href":"https:\/\/blogg.fumei.se\/index.php?rest_route=%2Fwp%2Fv2%2Ftags&post=277"}],"curies":[{"name":"wp","href":"https:\/\/api.w.org\/{rel}","templated":true}]}}