{"id":2780,"date":"2012-10-25T11:39:14","date_gmt":"2012-10-25T09:39:14","guid":{"rendered":"http:\/\/blogg.fumei.se\/?p=2780"},"modified":"2012-10-25T11:42:09","modified_gmt":"2012-10-25T09:42:09","slug":"cancerfonden","status":"publish","type":"post","link":"https:\/\/blogg.fumei.se\/?p=2780","title":{"rendered":"Sk\u00e4nk en slant"},"content":{"rendered":"<p>Jag har startat en insamling p\u00e5 Cancerfondens hemsida, i Lenas namn. Vill du sk\u00e4nka en g\u00e5va, g\u00f6r det g\u00e4rna via l\u00e4nken <strong><a href=\"http:\/\/www.cancerfonden.se\/sv\/Stod-oss\/insamlingar\/?collection=6697\" target=\"_blank\">[h\u00e4r]<\/a>.<\/strong><\/p>\n<p>Tack!<\/p>\n","protected":false},"excerpt":{"rendered":"<p>Jag har startat en insamling p\u00e5 Cancerfondens hemsida, i Lenas namn. Vill du sk\u00e4nka en g\u00e5va, g\u00f6r det g\u00e4rna via l\u00e4nken [h\u00e4r]. Tack!<\/p>\n","protected":false},"author":1,"featured_media":0,"comment_status":"open","ping_status":"open","sticky":false,"template":"","format":"standard","meta":{"jetpack_post_was_ever_published":false,"_jetpack_newsletter_access":"","_jetpack_dont_email_post_to_subs":false,"_jetpack_newsletter_tier_id":0,"_jetpack_memberships_contains_paywalled_content":false,"_jetpack_memberships_contains_paid_content":false,"footnotes":"","jetpack_publicize_message":"","jetpack_publicize_feature_enabled":true,"jetpack_social_post_already_shared":false,"jetpack_social_options":{"image_generator_settings":{"template":"highway","default_image_id":0,"font":"","enabled":false},"version":2}},"categories":[47],"tags":[233,234],"class_list":["post-2780","post","type-post","status-publish","format-standard","hentry","category-vardagsliv","tag-cancerfonden","tag-insamling"],"jetpack_publicize_connections":[],"jetpack_featured_media_url":"","jetpack_shortlink":"https:\/\/wp.me\/p3qko4-IQ","jetpack_sharing_enabled":true,"jetpack_likes_enabled":true,"jetpack-related-posts":[{"id":2047,"url":"https:\/\/blogg.fumei.se\/?p=2047","url_meta":{"origin":2780,"position":0},"title":"Ge med hj\u00e4rtat","author":"M :)","date":"2012-01-17","format":false,"excerpt":"f\u00f6r hj\u00e4rtat! Min lille brorson Victor \u00e4r f\u00f6dd med ett hj\u00e4rtfel, och d\u00e4rf\u00f6r \u00e4r vi lite extra sn\u00e4lla mot Hj\u00e4rt- och lungfonden i v\u00e5r familj. Fram till slutet av Februari p\u00e5g\u00e5r en insamling som heter Alla hj\u00e4rtbarns m\u00e5nad. Sk\u00e4nk en slant du med, s\u00e5 att de som forskar om hj\u00e4rtfel\u2026","rel":"","context":"I \u201dFamiljen\u201d","block_context":{"text":"Familjen","link":"https:\/\/blogg.fumei.se\/?cat=34"},"img":{"alt_text":"","src":"","width":0,"height":0},"classes":[]},{"id":814,"url":"https:\/\/blogg.fumei.se\/?p=814","url_meta":{"origin":2780,"position":1},"title":"Sn\u00e4lla v\u00e4nner och kollegor","author":"M :)","date":"2009-01-12","format":false,"excerpt":"N\u00e4r vi flyttar har jag t\u00e4nkt g\u00f6ra mig av med den gamla bokhyllan. Det \u00e4r en historia fr\u00e5n 70-talet, i m\u00f6rkt tr\u00e4 och med luckor som p\u00e5minner om s\u00e5na d\u00e4r f\u00f6nsterluckor som finns p\u00e5 hus i medelhavsomr\u00e5det. Inte s\u00e5 himla snygg med andra ord. Den fyller ju sin funktion, men\u2026","rel":"","context":"I \u201dVardagsliv\u201d","block_context":{"text":"Vardagsliv","link":"https:\/\/blogg.fumei.se\/?cat=47"},"img":{"alt_text":"","src":"","width":0,"height":0},"classes":[]},{"id":687,"url":"https:\/\/blogg.fumei.se\/?p=687","url_meta":{"origin":2780,"position":2},"title":"Bloppis","author":"M :)","date":"2008-11-09","format":false,"excerpt":"Allts\u00e5 blogg-loppis. Kul koncept\u00a0som jag t\u00e4nker anv\u00e4nda mig av flera g\u00e5nger. Hittade denna i en kommentar hos Emma. Rensade bland ala jackor i garderoben idag, jackor som jag vet med mig att jag aldrig kommer att anv\u00e4nda. S\u00e5 varf\u00f6r sl\u00e4nga eller sk\u00e4nka bort saker som kanske kan ge n\u00e5gra kronor?\u2026","rel":"","context":"I \u201dVardagsliv\u201d","block_context":{"text":"Vardagsliv","link":"https:\/\/blogg.fumei.se\/?cat=47"},"img":{"alt_text":"","src":"","width":0,"height":0},"classes":[]},{"id":5190,"url":"https:\/\/blogg.fumei.se\/?p=5190","url_meta":{"origin":2780,"position":3},"title":"Flyttbestyr","author":"M :)","date":"2018-11-13","format":false,"excerpt":"I flera dagar har jag rensat, packat, sk\u00e4nkt och sl\u00e4ngt av alla mina saker, och idag st\u00e4ngde jag igen den sista flyttkartongen.Imorgon bitti i kommer flyttfirman och h\u00e4mtar alla mina tillh\u00f6righeter, och s\u00e5 b\u00e4r det av mot S\u00e4vedalen. Jag har sagt upp l\u00e4genheten i Bergsj\u00f6n och nu ska vi f\u00f6rs\u00f6ka\u2026","rel":"","context":"I \u201dHemmet\u201d","block_context":{"text":"Hemmet","link":"https:\/\/blogg.fumei.se\/?cat=31"},"img":{"alt_text":"","src":"","width":0,"height":0},"classes":[]},{"id":806,"url":"https:\/\/blogg.fumei.se\/?p=806","url_meta":{"origin":2780,"position":4},"title":"F\u00f6delsedagsfirande","author":"M :)","date":"2009-01-18","format":false,"excerpt":"Ig\u00e5r fyllde jag som bekant \u00e5r. Nu \u00e4r jag 39. En kompis kallar mig tant, andra fr\u00e5gar hur det k\u00e4nns att snart bli 40. Vad\u00e5? No big deal, det k\u00e4nns ungef\u00e4r som alla andra dagar, tr\u00f6tt och h\u00e4ngig och pank haha. Aprop\u00e5 pank, s\u00e5 hade jag inte planerat n\u00e5got f\u00f6r\u2026","rel":"","context":"I \u201dVardagsliv\u201d","block_context":{"text":"Vardagsliv","link":"https:\/\/blogg.fumei.se\/?cat=47"},"img":{"alt_text":"","src":"","width":0,"height":0},"classes":[]},{"id":1193,"url":"https:\/\/blogg.fumei.se\/?p=1193","url_meta":{"origin":2780,"position":5},"title":"Tjejsnack vecka 46","author":"M :)","date":"2009-11-17","format":false,"excerpt":"Vill du ocks\u00e5 vara med? Du hittar Tjejsnack h\u00e4r.Brottslighet 1. Din \u00e5sikt om att g\u00f6ra en dokuss\u00e5pa som handlar om kriminella ungdomar som f\u00e5r prova p\u00e5 hur det \u00e4r att vara inl\u00e5sta? Serien hette Inl\u00e5st, och man beh\u00f6ver inte ha sett serien f\u00f6r att ha en \u00e5sikt.Galet. Vem kom p\u00e5\u2026","rel":"","context":"I \u201dVardagsliv\u201d","block_context":{"text":"Vardagsliv","link":"https:\/\/blogg.fumei.se\/?cat=47"},"img":{"alt_text":"","src":"","width":0,"height":0},"classes":[]}],"_links":{"self":[{"href":"https:\/\/blogg.fumei.se\/index.php?rest_route=\/wp\/v2\/posts\/2780","targetHints":{"allow":["GET"]}}],"collection":[{"href":"https:\/\/blogg.fumei.se\/index.php?rest_route=\/wp\/v2\/posts"}],"about":[{"href":"https:\/\/blogg.fumei.se\/index.php?rest_route=\/wp\/v2\/types\/post"}],"author":[{"embeddable":true,"href":"https:\/\/blogg.fumei.se\/index.php?rest_route=\/wp\/v2\/users\/1"}],"replies":[{"embeddable":true,"href":"https:\/\/blogg.fumei.se\/index.php?rest_route=%2Fwp%2Fv2%2Fcomments&post=2780"}],"version-history":[{"count":8,"href":"https:\/\/blogg.fumei.se\/index.php?rest_route=\/wp\/v2\/posts\/2780\/revisions"}],"predecessor-version":[{"id":2793,"href":"https:\/\/blogg.fumei.se\/index.php?rest_route=\/wp\/v2\/posts\/2780\/revisions\/2793"}],"wp:attachment":[{"href":"https:\/\/blogg.fumei.se\/index.php?rest_route=%2Fwp%2Fv2%2Fmedia&parent=2780"}],"wp:term":[{"taxonomy":"category","embeddable":true,"href":"https:\/\/blogg.fumei.se\/index.php?rest_route=%2Fwp%2Fv2%2Fcategories&post=2780"},{"taxonomy":"post_tag","embeddable":true,"href":"https:\/\/blogg.fumei.se\/index.php?rest_route=%2Fwp%2Fv2%2Ftags&post=2780"}],"curies":[{"name":"wp","href":"https:\/\/api.w.org\/{rel}","templated":true}]}}