{"id":2786,"date":"2012-10-14T17:01:14","date_gmt":"2012-10-14T15:01:14","guid":{"rendered":"http:\/\/blogg.fumei.se\/?p=2786"},"modified":"2012-10-14T17:07:03","modified_gmt":"2012-10-14T15:07:03","slug":"change-is-good","status":"publish","type":"post","link":"https:\/\/blogg.fumei.se\/?p=2786","title":{"rendered":"Change is good?"},"content":{"rendered":"<p>Idag har vi gjort lite f\u00f6r\u00e4ndringar h\u00e4r hemma. Flyttat p\u00e5 m\u00f6bler och s\u00e5 d\u00e4r, ni vet, som g\u00f6r att det k\u00e4nns lite nytt trots att det \u00e4r samma gamla saker.<br \/>\nS\u00e5 nu \u00e4r det inte s\u00e5 m\u00f6rkt och inst\u00e4ngt l\u00e4ngre.<\/p>\n<p>Men den stora f\u00f6r\u00e4ndringen har inte s\u00e5 mycket med <em>saker<\/em> att g\u00f6ra.<br \/>\nSedan tv\u00e5 m\u00e5nader tillbaka jobbar J p\u00e5 H\u00f6n\u00f6 utanf\u00f6r G\u00f6teborg. Hans arbetstider \u00e4r m\u00e5ndag till fredag, sju till 16. Det lilla problemet \u00e4r att han kommer 30 minuter f\u00f6rsent varje morgon om han pendlar med f\u00f6rsta t\u00e5get. S\u00e5 han fick hj\u00e4lp av chefen att hitta en \u00f6vernattningsl\u00e4genhet \u00a0d\u00e4r ute p\u00e5 \u00f6arna.<br \/>\nSen kom det lite st\u00f6rre problemet: han tycker att eftersom han betalar f\u00f6r en l\u00e4genhet d\u00e4r, ska han inte beh\u00f6va betala n\u00e5got h\u00e4r hemma. Jag envisas med att det h\u00e4r \u00e4r hemma, och det \u00e4r f\u00f6rst och fr\u00e4mst r\u00e4kningarna h\u00e4r som ska betalas.<br \/>\nMen vi gjorde en deal om det; han betalar h\u00e4lften av de fasta kostnaderna och jag betalar resten (eftersom han \u00e4r borta under vardagarna).<\/p>\n<p>Men, det allra st\u00f6rsta problemet under den tiden som J varit i Sverige och bott h\u00e4r, \u00e4r Fia.<br \/>\nHan har j\u00e4ttesv\u00e5rt att acceptera att hon inte kan bete sig ordentligt utan hela tiden gapar, sk\u00e4ller, gn\u00e4ller och tjurar h\u00e4r hemma, att hon inte hj\u00e4lper till &#8211; f\u00f6rutom n\u00e4r hon vill ha n\u00e5got &#8211; och att hon verkar f\u00f6rv\u00e4nta sig att alla ska passa upp p\u00e5 henne och dansa efter hennes pipa.<\/p>\n<p>Hon <em>\u00e4r<\/em> min dotter, och jag \u00e4lskar henne \u00f6ver allt annat, men jag orkar inte heller med allt det d\u00e4r, men jag har l\u00e4rt mig att det inte tj\u00e4nar n\u00e5got till att tjata l\u00e4ngre, s\u00e5 jag \u00e4r glad f\u00f6r det hon g\u00f6r och skiter i resten. Tyv\u00e4rr klarar inte J det.<br \/>\nDet g\u00f6r att vi tjafsar mycket om vad som g\u00f6rs och inte g\u00f6rs och varf\u00f6r, och det \u00e4r jobbigt f\u00f6r alla i familjen.<br \/>\nS\u00e5 idag har han packat alla sina saker medan jag flyttat om m\u00f6blerna.<br \/>\nOm en stund kommer hans chef och hj\u00e4lper honom k\u00f6ra ner sakerna till l\u00e4genheten p\u00e5 Fot\u00f6.<\/p>\n<p>Vi har <em>inte<\/em> gjort slut, vi ska bara bo p\u00e5 varsitt h\u00e5ll. Vi kommer fortfarande att tr\u00e4ffas lika mycket som de senaste m\u00e5naderna, dvs p\u00e5 helgerna. Han kommer hit eller jag \u00e5ker dit, vilket som passar b\u00e4st.<br \/>\nUnder tiden som vi bor s\u00e5 h\u00e4r letar vi ocks\u00e5 efter en gemensam l\u00e4genhet n\u00e4rmare G\u00f6teborg, men det kan ju ta sin lilla tid. S\u00e5 tills vidare g\u00f6r vi s\u00e5 h\u00e4r, s\u00e5 blir det inte mer slitningar.<\/p>\n<p>T\u00e4nkte bara att ni kanske ville veta hur det ligger till, ifall jag verkar lite off.<\/p>\n","protected":false},"excerpt":{"rendered":"<p>Idag har vi gjort lite f\u00f6r\u00e4ndringar h\u00e4r hemma. Flyttat p\u00e5 m\u00f6bler och s\u00e5 d\u00e4r, ni vet, som g\u00f6r att det k\u00e4nns lite nytt trots att det \u00e4r samma gamla saker. S\u00e5 nu \u00e4r det inte s\u00e5 m\u00f6rkt och inst\u00e4ngt l\u00e4ngre. Men den stora f\u00f6r\u00e4ndringen har inte s\u00e5 mycket med saker att g\u00f6ra. Sedan tv\u00e5 m\u00e5nader&#8230;<\/p>\n","protected":false},"author":1,"featured_media":0,"comment_status":"open","ping_status":"open","sticky":false,"template":"","format":"standard","meta":{"jetpack_post_was_ever_published":false,"_jetpack_newsletter_access":"","_jetpack_dont_email_post_to_subs":false,"_jetpack_newsletter_tier_id":0,"_jetpack_memberships_contains_paywalled_content":false,"_jetpack_memberships_contains_paid_content":false,"footnotes":"","jetpack_publicize_message":"","jetpack_publicize_feature_enabled":true,"jetpack_social_post_already_shared":false,"jetpack_social_options":{"image_generator_settings":{"template":"highway","default_image_id":0,"font":"","enabled":false},"version":2}},"categories":[34,31,47],"tags":[231,232],"class_list":["post-2786","post","type-post","status-publish","format-standard","hentry","category-familjen","category-hemmet","category-vardagsliv","tag-flytt","tag-forandring"],"jetpack_publicize_connections":[],"jetpack_featured_media_url":"","jetpack_shortlink":"https:\/\/wp.me\/p3qko4-IW","jetpack_sharing_enabled":true,"jetpack_likes_enabled":true,"jetpack-related-posts":[{"id":842,"url":"https:\/\/blogg.fumei.se\/?p=842","url_meta":{"origin":2786,"position":0},"title":"N\u00e4r jag blir stor&#8230;","author":"M :)","date":"2009-02-18","format":false,"excerpt":"...eller snarare n\u00e4r mina barn blivit stora nog att klara sig sj\u00e4lva, d\u00e5 skulle jag vilja g\u00f6ra s\u00e5nt jag inte hann\/kunde\/fick\/hade r\u00e5d med innan de f\u00f6ddes. I stora drag kan man v\u00e4l s\u00e4ga att det inneb\u00e4r en del resande, men \u00e4ven en del jobb. Jag har n\u00e4mligen t\u00e4nkt jobba mig\u2026","rel":"","context":"I \u201dVardagsliv\u201d","block_context":{"text":"Vardagsliv","link":"https:\/\/blogg.fumei.se\/?cat=47"},"img":{"alt_text":"","src":"","width":0,"height":0},"classes":[]},{"id":151,"url":"https:\/\/blogg.fumei.se\/?p=151","url_meta":{"origin":2786,"position":1},"title":"Sugen","author":"M :)","date":"2010-11-29","format":false,"excerpt":"Jag \u00e4r lite sugen p\u00e5 att pyssla h\u00e4r hemma, g\u00f6ra fint och i ordning. Problemet \u00e4r att jag beh\u00f6ver en massa saker f\u00f6r att g\u00f6ra det jag vill g\u00f6ra, och f\u00f6r att f\u00e5 tag i de sakerna m\u00e5ste jag ge mig ut och handla. Det k\u00e4nns inte s\u00e4rskilt lockande just\u2026","rel":"","context":"I \u201dVardagsliv\u201d","block_context":{"text":"Vardagsliv","link":"https:\/\/blogg.fumei.se\/?cat=47"},"img":{"alt_text":"","src":"","width":0,"height":0},"classes":[]},{"id":828,"url":"https:\/\/blogg.fumei.se\/?p=828","url_meta":{"origin":2786,"position":2},"title":"Jag fick ett samtal","author":"M :)","date":"2009-01-03","format":false,"excerpt":"ifr\u00e5n fastighets\u00e4garen som lovat mig f\u00f6rsta lediga l\u00e4genhet i det hus han har h\u00e4r i \"byn\". Han sa att han hade hoppats kunna ge mig ett besked om vilken l\u00e4genhet jag ska f\u00e5 och kanske tom ett inflyttningsdatum, men det visade sig att det ar lite problem med det, i\u2026","rel":"","context":"I \u201dVardagsliv\u201d","block_context":{"text":"Vardagsliv","link":"https:\/\/blogg.fumei.se\/?cat=47"},"img":{"alt_text":"","src":"","width":0,"height":0},"classes":[]},{"id":208,"url":"https:\/\/blogg.fumei.se\/?p=208","url_meta":{"origin":2786,"position":3},"title":"Shoppat loss","author":"EmEff","date":"2010-07-01","format":false,"excerpt":"Idag har jag och Fia varit p\u00e5 IKEA med Sylwia och Carina. Jag beh\u00f6vde ju som bekant g\u00f6ra en liten resa dit f\u00f6r att se p\u00e5 deras gardinskenor, s\u00e5 varf\u00f6r inte passa p\u00e5 n\u00e4r jag \u00e4r ledig och g\u00f6ra en dagsutflykt av det hela?Jag hittade gardinskenor - jippii - och\u2026","rel":"","context":"I \u201dVardagsliv\u201d","block_context":{"text":"Vardagsliv","link":"https:\/\/blogg.fumei.se\/?cat=47"},"img":{"alt_text":"","src":"","width":0,"height":0},"classes":[]},{"id":756,"url":"https:\/\/blogg.fumei.se\/?p=756","url_meta":{"origin":2786,"position":4},"title":"En dag som m\u00e5nga andra","author":"M :)","date":"2008-12-08","format":false,"excerpt":"har det varit idag. Inget ut\u00f6ver det vanliga att skriva om. Jag har jobbat och det var fortfarande mycket att g\u00f6ra\u00a0p\u00e5 avdelningen. Efter jobbet gick jag och Monika p\u00e5 stan en sv\u00e4ng innan jag for hem till barn, middag och nytt f\u00f6rs\u00f6k att f\u00e5 ordning p\u00e5 internet. Efter m\u00e5nga om\u2026","rel":"","context":"I \u201dVardagsliv\u201d","block_context":{"text":"Vardagsliv","link":"https:\/\/blogg.fumei.se\/?cat=47"},"img":{"alt_text":"","src":"","width":0,"height":0},"classes":[]},{"id":312,"url":"https:\/\/blogg.fumei.se\/?p=312","url_meta":{"origin":2786,"position":5},"title":"Jag \u00e4r ingen nattuggla","author":"EmEff","date":"2010-01-29","format":false,"excerpt":"Trots det gick det v\u00e4ldigt bra att arbeta natten som var. Det b\u00f6rjade visserligen med att vi fick sl\u00e4nga oss in p\u00e5 ett rum och f\u00f6rl\u00f6sa, men sen var det relativt lugnt resten av natten, s\u00e5 jag gjorde lite s\u00e5na d\u00e4r saker som jag vet att jag sj\u00e4lv uppskattar att\u2026","rel":"","context":"I \u201dVardagsliv\u201d","block_context":{"text":"Vardagsliv","link":"https:\/\/blogg.fumei.se\/?cat=47"},"img":{"alt_text":"","src":"","width":0,"height":0},"classes":[]}],"_links":{"self":[{"href":"https:\/\/blogg.fumei.se\/index.php?rest_route=\/wp\/v2\/posts\/2786","targetHints":{"allow":["GET"]}}],"collection":[{"href":"https:\/\/blogg.fumei.se\/index.php?rest_route=\/wp\/v2\/posts"}],"about":[{"href":"https:\/\/blogg.fumei.se\/index.php?rest_route=\/wp\/v2\/types\/post"}],"author":[{"embeddable":true,"href":"https:\/\/blogg.fumei.se\/index.php?rest_route=\/wp\/v2\/users\/1"}],"replies":[{"embeddable":true,"href":"https:\/\/blogg.fumei.se\/index.php?rest_route=%2Fwp%2Fv2%2Fcomments&post=2786"}],"version-history":[{"count":3,"href":"https:\/\/blogg.fumei.se\/index.php?rest_route=\/wp\/v2\/posts\/2786\/revisions"}],"predecessor-version":[{"id":2788,"href":"https:\/\/blogg.fumei.se\/index.php?rest_route=\/wp\/v2\/posts\/2786\/revisions\/2788"}],"wp:attachment":[{"href":"https:\/\/blogg.fumei.se\/index.php?rest_route=%2Fwp%2Fv2%2Fmedia&parent=2786"}],"wp:term":[{"taxonomy":"category","embeddable":true,"href":"https:\/\/blogg.fumei.se\/index.php?rest_route=%2Fwp%2Fv2%2Fcategories&post=2786"},{"taxonomy":"post_tag","embeddable":true,"href":"https:\/\/blogg.fumei.se\/index.php?rest_route=%2Fwp%2Fv2%2Ftags&post=2786"}],"curies":[{"name":"wp","href":"https:\/\/api.w.org\/{rel}","templated":true}]}}