{"id":279,"date":"2010-03-03T21:18:00","date_gmt":"2010-03-03T21:18:00","guid":{"rendered":"\/Blogg\/post\/Glomde-nastan.aspx"},"modified":"2024-03-24T17:29:37","modified_gmt":"2024-03-24T16:29:37","slug":"glomde-nastan","status":"publish","type":"post","link":"https:\/\/blogg.fumei.se\/?p=279","title":{"rendered":"Gl\u00f6mde n\u00e4stan&#8230;"},"content":{"rendered":"<p>Ska f\u00e5 nya grannar f\u00f6rsta Juni. Mor och far.<\/p>\n","protected":false},"excerpt":{"rendered":"<p>Ska f\u00e5 nya grannar f\u00f6rsta Juni. Mor och far.<\/p>\n","protected":false},"author":1,"featured_media":0,"comment_status":"open","ping_status":"open","sticky":false,"template":"","format":"standard","meta":{"jetpack_post_was_ever_published":false,"_jetpack_newsletter_access":"","_jetpack_dont_email_post_to_subs":false,"_jetpack_newsletter_tier_id":0,"_jetpack_memberships_contains_paywalled_content":false,"_jetpack_memberships_contains_paid_content":false,"footnotes":"","jetpack_publicize_message":"","jetpack_publicize_feature_enabled":true,"jetpack_social_post_already_shared":false,"jetpack_social_options":{"image_generator_settings":{"template":"highway","default_image_id":0,"font":"","enabled":false},"version":2}},"categories":[47],"tags":[],"class_list":["post-279","post","type-post","status-publish","format-standard","hentry","category-vardagsliv"],"jetpack_publicize_connections":[],"jetpack_featured_media_url":"","jetpack_shortlink":"https:\/\/wp.me\/p3qko4-4v","jetpack_sharing_enabled":true,"jetpack_likes_enabled":true,"jetpack-related-posts":[{"id":656,"url":"https:\/\/blogg.fumei.se\/?p=656","url_meta":{"origin":279,"position":0},"title":"Idag \u00e4r en bra dag att leva","author":"M :)","date":"2008-11-19","format":false,"excerpt":"Lille John s\u00e4ger i tv-serien Robin Hood att \"today is a good day to die\". Jag s\u00e4ger tv\u00e4rtom. Visserligen hittade jag inga st\u00f6vlar trots att jag gick om kring i regnet i n\u00e4stan 3 timmar, in och ut ur en massa skobutiker. Eller visst hittade jag st\u00f6vlar, men var de\u2026","rel":"","context":"I \u201dVardagsliv\u201d","block_context":{"text":"Vardagsliv","link":"https:\/\/blogg.fumei.se\/?cat=47"},"img":{"alt_text":"","src":"","width":0,"height":0},"classes":[]},{"id":1742,"url":"https:\/\/blogg.fumei.se\/?p=1742","url_meta":{"origin":279,"position":1},"title":"Dan f\u00f6re dan, f\u00f6re dan, f\u00f6re&#8230;","author":"M :)","date":"2011-11-14","format":false,"excerpt":"Ja nu \u00e4r det knappt en och en halv m\u00e5nad kvar till julafton, det \u00e4r sv\u00e5rt att tro det, men almanackan ljuger ju s\u00e4llan (aldrig...). I \u00e5r \u00e4r det mitt lags tur att slippa jobba julen, och det \u00e4r min tur att ha barnen hemma p\u00e5 jul, det \u00e4r ju\u2026","rel":"","context":"I \u201dVardagsliv\u201d","block_context":{"text":"Vardagsliv","link":"https:\/\/blogg.fumei.se\/?cat=47"},"img":{"alt_text":"","src":"","width":0,"height":0},"classes":[]},{"id":921,"url":"https:\/\/blogg.fumei.se\/?p=921","url_meta":{"origin":279,"position":2},"title":"En ganska l\u00e5ng uppdatering","author":"M :)","date":"2009-04-03","format":false,"excerpt":"Jag tycker egentligen inte att det har h\u00e4nt s\u00e5 mycket som \u00e4r v\u00e4rt att skriva om, men okej d\u00e5... Vi har som sagt flyttat nu. \u00c4ntligen. Vi har dessutom lyckats f\u00e5 undan n\u00e4stan allt som inte ska st\u00e5 framme och tom hivat upp allt p\u00e5 vinden som ska dit. En\u2026","rel":"","context":"I \u201dVardagsliv\u201d","block_context":{"text":"Vardagsliv","link":"https:\/\/blogg.fumei.se\/?cat=47"},"img":{"alt_text":"","src":"","width":0,"height":0},"classes":[]},{"id":249,"url":"https:\/\/blogg.fumei.se\/?p=249","url_meta":{"origin":279,"position":3},"title":"Dan f\u00f6re dan","author":"EmEff","date":"2010-04-24","format":false,"excerpt":"Nej, jag \u00e4r inte f\u00f6rvirrad och dagvill som f\u00e5, det \u00e4r dagen f\u00f6re Robins f\u00f6delsedag. S\u00e5 idag har jag varit i stan. Stan \u00e4r f\u00f6r mig Gbg, inte Falk\u00f6ping eller Sk\u00f6vde, som det \u00e4r f\u00f6r de flesta andra som bor h\u00e4r. Jag avskyr visserligen att g\u00e5 p\u00e5 stan n\u00e4r folk\u2026","rel":"","context":"I \u201dVardagsliv\u201d","block_context":{"text":"Vardagsliv","link":"https:\/\/blogg.fumei.se\/?cat=47"},"img":{"alt_text":"","src":"","width":0,"height":0},"classes":[]},{"id":35,"url":"https:\/\/blogg.fumei.se\/?p=35","url_meta":{"origin":279,"position":4},"title":"S\u00f6ndag p\u00e5 Torsdag","author":"M :)","date":"2011-06-02","format":false,"excerpt":"Ja det \u00e4r ju lite s\u00e5 det \u00e4r, n\u00e4r det \u00e4r \"r\u00f6d\" dag i almanackan och helgdag. Aff\u00e4rer, banker och andra mer eller mindre viktiga institutioner och inr\u00e4ttningar h\u00e5ller st\u00e4ngt. Dock inte sjukhus, vilket inneb\u00e4r att jag jobbar \u00e4ven s\u00e5dana dagar. Tyv\u00e4rr blir det inte av att jag g\u00f6r det,\u2026","rel":"","context":"I \u201dVardagsliv\u201d","block_context":{"text":"Vardagsliv","link":"https:\/\/blogg.fumei.se\/?cat=47"},"img":{"alt_text":"","src":"","width":0,"height":0},"classes":[]},{"id":2301,"url":"https:\/\/blogg.fumei.se\/?p=2301","url_meta":{"origin":279,"position":5},"title":"Det blir ett s\u00e5nt d\u00e4r inl\u00e4gg igen","author":"M :)","date":"2012-05-01","format":false,"excerpt":"Ett s\u00e5nt d\u00e4r, d\u00e4r jag listar allt som h\u00e4nt sen jag bloggade senast. Det \u00e4r fortfarande s\u00e5 att jag inte tycker att det h\u00e4nder s\u00e4rskilt sp\u00e4nnande saker, i varje fall inte varje dag eller ens varje vecka, s\u00e5 d\u00e4rf\u00f6r kommer det nog att vara ganska sporadiskt medinl\u00e4ggen ett tag till.\u2026","rel":"","context":"I \u201dVardagsliv\u201d","block_context":{"text":"Vardagsliv","link":"https:\/\/blogg.fumei.se\/?cat=47"},"img":{"alt_text":"","src":"https:\/\/i0.wp.com\/blogg.fumei.se\/wp-content\/uploads\/2012\/05\/MaPaBD2012-emeff2012-180x180.png?resize=350%2C200","width":350,"height":200},"classes":[]}],"_links":{"self":[{"href":"https:\/\/blogg.fumei.se\/index.php?rest_route=\/wp\/v2\/posts\/279","targetHints":{"allow":["GET"]}}],"collection":[{"href":"https:\/\/blogg.fumei.se\/index.php?rest_route=\/wp\/v2\/posts"}],"about":[{"href":"https:\/\/blogg.fumei.se\/index.php?rest_route=\/wp\/v2\/types\/post"}],"author":[{"embeddable":true,"href":"https:\/\/blogg.fumei.se\/index.php?rest_route=\/wp\/v2\/users\/1"}],"replies":[{"embeddable":true,"href":"https:\/\/blogg.fumei.se\/index.php?rest_route=%2Fwp%2Fv2%2Fcomments&post=279"}],"version-history":[{"count":1,"href":"https:\/\/blogg.fumei.se\/index.php?rest_route=\/wp\/v2\/posts\/279\/revisions"}],"predecessor-version":[{"id":6704,"href":"https:\/\/blogg.fumei.se\/index.php?rest_route=\/wp\/v2\/posts\/279\/revisions\/6704"}],"wp:attachment":[{"href":"https:\/\/blogg.fumei.se\/index.php?rest_route=%2Fwp%2Fv2%2Fmedia&parent=279"}],"wp:term":[{"taxonomy":"category","embeddable":true,"href":"https:\/\/blogg.fumei.se\/index.php?rest_route=%2Fwp%2Fv2%2Fcategories&post=279"},{"taxonomy":"post_tag","embeddable":true,"href":"https:\/\/blogg.fumei.se\/index.php?rest_route=%2Fwp%2Fv2%2Ftags&post=279"}],"curies":[{"name":"wp","href":"https:\/\/api.w.org\/{rel}","templated":true}]}}