{"id":28,"date":"2011-06-22T12:46:00","date_gmt":"2011-06-22T12:46:00","guid":{"rendered":"\/Blogg\/post\/Tavlingsdags!.aspx"},"modified":"2011-08-26T22:34:16","modified_gmt":"2011-08-26T20:34:16","slug":"tavlingsdags","status":"publish","type":"post","link":"https:\/\/blogg.fumei.se\/?p=28","title":{"rendered":"T\u00e4vlingsdags!"},"content":{"rendered":"<p>Jag \u00e4r med och t\u00e4vlar om <strong><a href=\"http:\/\/www.ica.se\/Erbjudanden\/Tavlingar\/Sommartarta\/\" target=\"_blank\">[B\u00e4sta sommart\u00e5rtan]<\/a><\/strong> p\u00e5 ICA.se. Min t\u00e5rta \u00e4r den jag gjorde p\u00e5 Robins skolavslutning. H\u00e4r kommer recept om n\u00e5n skulle vilja testa:<\/p>\n<p><strong>Skolavslutningst\u00e5rta<\/strong><\/p>\n<div><span style=\"text-decoration: underline;\">Ingredienser:<\/span><\/div>\n<ul>\n<li>Chokladt\u00e5rtbottnar<\/li>\n<li>hallonmousse (mix)<\/li>\n<li>vispgr\u00e4dde<\/li>\n<li>jordgubbar<\/li>\n<li>hallon<\/li>\n<li>bl\u00e5b\u00e4r<\/li>\n<li>&#8230;eller andra b\u00e4r&#8230;<\/li>\n<\/ul>\n<div><span style=\"text-decoration: underline;\">G\u00f6r s\u00e5 h\u00e4r:<\/span><\/div>\n<ul>\n<li>Vispa hallonmoussen och st\u00e4ll kallt.<\/li>\n<li>Vispa gr\u00e4dden s\u00e5 den \u00e4r lagom tjock och inte rinner n\u00e4r det \u00e4r dags att dekorera t\u00e5rtan.<\/li>\n<li>L\u00e4gg t\u00e5rtbotten nr 1 p\u00e5 fat och bre p\u00e5 ett lager hallonmousse &#8211; tjockt eller tunt best\u00e4mmer du sj\u00e4lv.<\/li>\n<li>G\u00f6r likadant med n\u00e4sta lager.<\/li>\n<li>Kl\u00e4 in t\u00e5rtan i ett tjockt lager gr\u00e4dde. Spritsa eller bara bre ut med slickepott v\u00e4ljer du sj\u00e4lv.<\/li>\n<li>Sk\u00e4r stora f\u00e4rska jordgubbar i halvor och s\u00e4tt runt hela sidan p\u00e5 t\u00e5rtan.<\/li>\n<li>Sk\u00e4r resten av jordgubbarna och l\u00e4gg uppep\u00e5 t\u00e5rtan.<\/li>\n<li>Avsluta med att str\u00f6 hallon och bl\u00e5b\u00e4r (eller vilka b\u00e4r du nu vill ha) uppep\u00e5 jordgubbarna.<\/li>\n<li>Pynta ev med lite citronmeliss eller riiv choklad \u00f6ver.<\/li>\n<\/ul>\n<div>Den \u00e4r enkel att sl\u00e4nga ihop, tar bara 15-20 minuter, och den \u00e4r supergod!<br \/>\nAlla ingredienser finns att k\u00f6pa f\u00e4rdiga &#8211; man kan anv\u00e4nda frysta b\u00e4r som man tinar lite innan dekoration &#8211; eller s\u00e5 kan man v\u00e4lja att g\u00f6ra allt fr\u00e5n grunden och bara anv\u00e4nda f\u00e4rska b\u00e4r, det v\u00e4ljer man helt som man vill eller har tid, r\u00e5d, m\u00f6jlighet och beroende p\u00e5 hur duktig man \u00e4r i k\u00f6ket.<\/div>\n<p><a href=\"https:\/\/i0.wp.com\/blogg.fumei.se\/wp-content\/uploads\/2011\/06\/trta.jpg?ssl=1\"><img data-recalc-dims=\"1\" loading=\"lazy\" decoding=\"async\" data-attachment-id=\"376\" data-permalink=\"https:\/\/blogg.fumei.se\/?attachment_id=376\" data-orig-file=\"https:\/\/i0.wp.com\/blogg.fumei.se\/wp-content\/uploads\/2011\/06\/trta.jpg?fit=630%2C473&amp;ssl=1\" data-orig-size=\"630,473\" data-comments-opened=\"1\" data-image-meta=\"{&quot;aperture&quot;:&quot;0&quot;,&quot;credit&quot;:&quot;&quot;,&quot;camera&quot;:&quot;&quot;,&quot;caption&quot;:&quot;&quot;,&quot;created_timestamp&quot;:&quot;0&quot;,&quot;copyright&quot;:&quot;&quot;,&quot;focal_length&quot;:&quot;0&quot;,&quot;iso&quot;:&quot;0&quot;,&quot;shutter_speed&quot;:&quot;0&quot;,&quot;title&quot;:&quot;&quot;}\" data-image-title=\"trta\" data-image-description=\"\" data-image-caption=\"\" data-large-file=\"https:\/\/i0.wp.com\/blogg.fumei.se\/wp-content\/uploads\/2011\/06\/trta.jpg?fit=630%2C473&amp;ssl=1\" class=\"aligncenter size-full wp-image-376\" title=\"trta\" src=\"https:\/\/i0.wp.com\/blogg.fumei.se\/wp-content\/uploads\/2011\/06\/trta.jpg?resize=630%2C473&#038;ssl=1\" alt=\"\" width=\"630\" height=\"473\" srcset=\"https:\/\/i0.wp.com\/blogg.fumei.se\/wp-content\/uploads\/2011\/06\/trta.jpg?w=630&amp;ssl=1 630w, https:\/\/i0.wp.com\/blogg.fumei.se\/wp-content\/uploads\/2011\/06\/trta.jpg?resize=300%2C225&amp;ssl=1 300w\" sizes=\"auto, (max-width: 630px) 100vw, 630px\" \/><\/a><\/p>\n","protected":false},"excerpt":{"rendered":"<p>Jag \u00e4r med och t\u00e4vlar om [B\u00e4sta sommart\u00e5rtan] p\u00e5 ICA.se. Min t\u00e5rta \u00e4r den jag gjorde p\u00e5 Robins skolavslutning. H\u00e4r kommer recept om n\u00e5n skulle vilja testa: Skolavslutningst\u00e5rta Ingredienser: Chokladt\u00e5rtbottnar hallonmousse (mix) vispgr\u00e4dde jordgubbar hallon bl\u00e5b\u00e4r &#8230;eller andra b\u00e4r&#8230; G\u00f6r s\u00e5 h\u00e4r: Vispa hallonmoussen och st\u00e4ll kallt. Vispa gr\u00e4dden s\u00e5 den \u00e4r lagom tjock och&#8230;<\/p>\n","protected":false},"author":1,"featured_media":0,"comment_status":"open","ping_status":"open","sticky":false,"template":"","format":"standard","meta":{"jetpack_post_was_ever_published":false,"_jetpack_newsletter_access":"","_jetpack_dont_email_post_to_subs":false,"_jetpack_newsletter_tier_id":0,"_jetpack_memberships_contains_paywalled_content":false,"_jetpack_memberships_contains_paid_content":false,"footnotes":"","jetpack_publicize_message":"","jetpack_publicize_feature_enabled":true,"jetpack_social_post_already_shared":false,"jetpack_social_options":{"image_generator_settings":{"template":"highway","default_image_id":0,"font":"","enabled":false},"version":2}},"categories":[47],"tags":[],"class_list":["post-28","post","type-post","status-publish","format-standard","hentry","category-vardagsliv"],"jetpack_publicize_connections":[],"jetpack_featured_media_url":"","jetpack_shortlink":"https:\/\/wp.me\/p3qko4-s","jetpack_sharing_enabled":true,"jetpack_likes_enabled":true,"jetpack-related-posts":[{"id":6971,"url":"https:\/\/blogg.fumei.se\/?p=6971","url_meta":{"origin":28,"position":0},"title":"Sommart\u00e5rta","author":"M :)","date":"2024-05-21","format":false,"excerpt":"Jag sl\u00e4ngde ihop en cheesecake \u00e5t mina kollegor som tack f\u00f6r hj\u00e4lpen n\u00e4r. jag blev sjuk f\u00f6rra veckan. Botten \u00e4r klassisk cheesecakebotten: digestive kex och sm\u00f6r. Jag fyllde den f\u00f6rst med citronfromage och sedan med vanlig cheesecakefyllning, garnerade med massor av jordgubbar, citronmeliss och riven choklad. H\u00e4r kommer receptet om\u2026","rel":"","context":"I \u201dMat och \u00e4tbart\u201d","block_context":{"text":"Mat och \u00e4tbart","link":"https:\/\/blogg.fumei.se\/?cat=206"},"img":{"alt_text":"","src":"https:\/\/i0.wp.com\/blogg.fumei.se\/wp-content\/uploads\/2024\/05\/59EC9D2D-2C71-4C6B-9877-5F50140D55B6_1_105_c-edited.jpeg?resize=350%2C200&ssl=1","width":350,"height":200,"srcset":"https:\/\/i0.wp.com\/blogg.fumei.se\/wp-content\/uploads\/2024\/05\/59EC9D2D-2C71-4C6B-9877-5F50140D55B6_1_105_c-edited.jpeg?resize=350%2C200&ssl=1 1x, https:\/\/i0.wp.com\/blogg.fumei.se\/wp-content\/uploads\/2024\/05\/59EC9D2D-2C71-4C6B-9877-5F50140D55B6_1_105_c-edited.jpeg?resize=525%2C300&ssl=1 1.5x"},"classes":[]},{"id":1425,"url":"https:\/\/blogg.fumei.se\/?p=1425","url_meta":{"origin":28,"position":1},"title":"S\u00f6ndagsgodis","author":"M :)","date":"2011-09-18","format":false,"excerpt":"Fattar ni hur sk\u00f6nt det \u00e4r att kunna r\u00f6ra sig igen?? Jag k\u00e4nner visserligen av de t onda i musklerna fortfarande, men det mesta flyter p\u00e5 r\u00e4tt okej, bara jag inte ta i f\u00f6r h\u00e5rt eller g\u00f6r n\u00e5gra hastiga r\u00f6relser. \u00c5terst\u00e5r nu bara att se hur det g\u00e5r p\u00e5 jobbet\u2026","rel":"","context":"I \u201dVardagsliv\u201d","block_context":{"text":"Vardagsliv","link":"https:\/\/blogg.fumei.se\/?cat=47"},"img":{"alt_text":"","src":"","width":0,"height":0},"classes":[]},{"id":159,"url":"https:\/\/blogg.fumei.se\/?p=159","url_meta":{"origin":28,"position":2},"title":"S\u00f6ndagsmiddag","author":"M :)","date":"2010-11-21","format":false,"excerpt":"H\u00e4romdagen satt jag i f\u00f6r\u00e4ldrarnas k\u00f6k och vi diskuterade mat. Efter en stund kom vi fram till att det var v\u00e4\u00e4\u00e4ldigt l\u00e4nge sen vi \u00e5t Bagna Cauda.Bagna Cauda \u00e4r en r\u00e4tt man \u00e4ter fr\u00e4mst i Italiens nordliga region Piemonte, d\u00e4r du kan bes\u00f6ka orter som Asti, Novara och OS-staden Turin.\u2026","rel":"","context":"I \u201dVardagsliv\u201d","block_context":{"text":"Vardagsliv","link":"https:\/\/blogg.fumei.se\/?cat=47"},"img":{"alt_text":"","src":"","width":0,"height":0},"classes":[]},{"id":2674,"url":"https:\/\/blogg.fumei.se\/?p=2674","url_meta":{"origin":28,"position":3},"title":"Recept: Lax- och spenatpaj","author":"M :)","date":"2012-08-15","format":false,"excerpt":"En paj med filodeg ist\u00e4llet f\u00f6r vanlig pajdeg. Man kan g\u00f6ra en stor eller tre sm\u00e5 pajer. Jag gjorde tre sm\u00e5 i folieformar, och fick fyra bitar\/portioner ur varje. En stor ger allts\u00e5 12 bitar\/portioner. Tilllagningstid:\u00a045 min Kalorier:\u00a0253 \/ portion Energif\u00f6rdelning (en portion): Fett: 20 gram Protein: 12 gram Kolhydrater:\u2026","rel":"","context":"I \u201dMat och \u00e4tbart\u201d","block_context":{"text":"Mat och \u00e4tbart","link":"https:\/\/blogg.fumei.se\/?cat=206"},"img":{"alt_text":"","src":"https:\/\/i0.wp.com\/blogg.fumei.se\/wp-content\/uploads\/2012\/08\/20120814_200702-300x168.jpg?resize=350%2C200","width":350,"height":200},"classes":[]},{"id":164,"url":"https:\/\/blogg.fumei.se\/?p=164","url_meta":{"origin":28,"position":4},"title":"Testpilot","author":"M :)","date":"2010-11-10","format":false,"excerpt":"Jag har precis anm\u00e4lt mig hos [Smartson] f\u00f6r att f\u00e5 testa Arlas nya smaksatta gr\u00e4dde.Den finns i tv\u00e5 smaker; choklad - som inneh\u00e5ller 70-procentig choklad och \u00e4r helt sl\u00e4t - och jordgubb - d\u00e4r gr\u00e4dden inneh\u00e5ller sm\u00e5 bitar av jordgubbar. En choklad-cheesecake eller kladdkaka med jordgubbsgr\u00e4dde. Ja vilket \u00e4r godast,\u2026","rel":"","context":"I \u201dVardagsliv\u201d","block_context":{"text":"Vardagsliv","link":"https:\/\/blogg.fumei.se\/?cat=47"},"img":{"alt_text":"","src":"","width":0,"height":0},"classes":[]},{"id":3214,"url":"https:\/\/blogg.fumei.se\/?p=3214","url_meta":{"origin":28,"position":5},"title":"Bebis p\u00e5 G","author":"M :)","date":"2014-02-02","format":false,"excerpt":"Ingen har v\u00e4l missat att jag ska bl mormor? Snart sm\u00e4ller det, dessutom, lilltjejen (ja, vi vet att det blir en flicka) \u00e4r ber\u00e4knad att titta ut den 8:e Mars. Fast personligen tror jag att hon kommer tidigare. \u00c5 andra sidan, om Fia br\u00e5s p\u00e5 mig, s\u00e5 g\u00e5r hon ett\u2026","rel":"","context":"I \u201dFamiljen\u201d","block_context":{"text":"Familjen","link":"https:\/\/blogg.fumei.se\/?cat=34"},"img":{"alt_text":"2014-02-01 14.49.24","src":"https:\/\/i0.wp.com\/blogg.fumei.se\/wp-content\/uploads\/2014\/02\/2014-02-01-14.49.24.jpg?resize=350%2C200","width":350,"height":200,"srcset":"https:\/\/i0.wp.com\/blogg.fumei.se\/wp-content\/uploads\/2014\/02\/2014-02-01-14.49.24.jpg?resize=350%2C200 1x, https:\/\/i0.wp.com\/blogg.fumei.se\/wp-content\/uploads\/2014\/02\/2014-02-01-14.49.24.jpg?resize=525%2C300 1.5x"},"classes":[]}],"_links":{"self":[{"href":"https:\/\/blogg.fumei.se\/index.php?rest_route=\/wp\/v2\/posts\/28","targetHints":{"allow":["GET"]}}],"collection":[{"href":"https:\/\/blogg.fumei.se\/index.php?rest_route=\/wp\/v2\/posts"}],"about":[{"href":"https:\/\/blogg.fumei.se\/index.php?rest_route=\/wp\/v2\/types\/post"}],"author":[{"embeddable":true,"href":"https:\/\/blogg.fumei.se\/index.php?rest_route=\/wp\/v2\/users\/1"}],"replies":[{"embeddable":true,"href":"https:\/\/blogg.fumei.se\/index.php?rest_route=%2Fwp%2Fv2%2Fcomments&post=28"}],"version-history":[{"count":1,"href":"https:\/\/blogg.fumei.se\/index.php?rest_route=\/wp\/v2\/posts\/28\/revisions"}],"predecessor-version":[{"id":377,"href":"https:\/\/blogg.fumei.se\/index.php?rest_route=\/wp\/v2\/posts\/28\/revisions\/377"}],"wp:attachment":[{"href":"https:\/\/blogg.fumei.se\/index.php?rest_route=%2Fwp%2Fv2%2Fmedia&parent=28"}],"wp:term":[{"taxonomy":"category","embeddable":true,"href":"https:\/\/blogg.fumei.se\/index.php?rest_route=%2Fwp%2Fv2%2Fcategories&post=28"},{"taxonomy":"post_tag","embeddable":true,"href":"https:\/\/blogg.fumei.se\/index.php?rest_route=%2Fwp%2Fv2%2Ftags&post=28"}],"curies":[{"name":"wp","href":"https:\/\/api.w.org\/{rel}","templated":true}]}}