{"id":282,"date":"2010-03-03T19:46:00","date_gmt":"2010-03-03T19:46:00","guid":{"rendered":"\/Blogg\/post\/Vidgade-vyer.aspx"},"modified":"2024-03-24T17:27:56","modified_gmt":"2024-03-24T16:27:56","slug":"vidgade-vyer","status":"publish","type":"post","link":"https:\/\/blogg.fumei.se\/?p=282","title":{"rendered":"Vidgade vyer"},"content":{"rendered":"<p>Jag har, eller hade, en kollega som heter Kristina. Vi har visserligen inte arbetat ihop p\u00e5 v\u00e4ldigt l\u00e4nge nu, f\u00f6r hon var f\u00f6rst gravledig, sedan mammaledig, sedan arbetade hon n\u00e5gra m\u00e5nader p\u00e5 en annan avdelning innan hon b\u00f6rjade p\u00e5 ny grav + mammaledighet. Men i vilket fall som helst, s\u00e5 ville jag komma fram till att Krisitna och hennes man och deras tv\u00e5 sm\u00e5 barn just nu \u00e4r p\u00e5 v\u00e4g till Nepal. D\u00e4r ska hon arbeta f\u00f6r SIDA medan maken ska vara pappaledig (tror jag visst det var, men jag kan ju ha fel). Hur sp\u00e4nnande som helst egentligen! Jag skulle ocks\u00e5 vilja v\u00e5ga \u00e5ka iv\u00e4g och g\u00f6ra n\u00e5got s\u00e5nt d\u00e4r n\u00e5gon annan stans i v\u00e4rlden. Men som det ser ut i nul\u00e4get s\u00e5 f\u00e5r det v\u00e4nta tills jag inte har hemmaboende barn l\u00e4ngre. Men det g\u00f6r v\u00e4l inget, jag \u00e4r ju inte direkt lastgammal. Bara 40.<\/p>\n<p>Kristina har f\u00f6rresten startat <a href=\"casacastell.blogg.se\" target=\"_blank\" rel=\"noopener\">en egen blogg<\/a> f\u00f6r att vi h\u00e4r hemma ska kunna f\u00f6lja familjens \u00f6den och \u00e4ventyr d\u00e4r borta p\u00e5 Himalayas sluttning. L\u00e4nken finns i listan nere till h\u00f6ger.<\/p>\n","protected":false},"excerpt":{"rendered":"<p>Jag har, eller hade, en kollega som heter Kristina. Vi har visserligen inte arbetat ihop p\u00e5 v\u00e4ldigt l\u00e4nge nu, f\u00f6r hon var f\u00f6rst gravledig, sedan mammaledig, sedan arbetade hon n\u00e5gra m\u00e5nader p\u00e5 en annan avdelning innan hon b\u00f6rjade p\u00e5 ny grav + mammaledighet. Men i vilket fall som helst, s\u00e5 ville jag komma fram till&#8230;<\/p>\n","protected":false},"author":1,"featured_media":0,"comment_status":"open","ping_status":"open","sticky":false,"template":"","format":"standard","meta":{"jetpack_post_was_ever_published":false,"_jetpack_newsletter_access":"","_jetpack_dont_email_post_to_subs":false,"_jetpack_newsletter_tier_id":0,"_jetpack_memberships_contains_paywalled_content":false,"_jetpack_memberships_contains_paid_content":false,"footnotes":"","jetpack_publicize_message":"","jetpack_publicize_feature_enabled":true,"jetpack_social_post_already_shared":false,"jetpack_social_options":{"image_generator_settings":{"template":"highway","default_image_id":0,"font":"","enabled":false},"version":2}},"categories":[47],"tags":[],"class_list":["post-282","post","type-post","status-publish","format-standard","hentry","category-vardagsliv"],"jetpack_publicize_connections":[],"jetpack_featured_media_url":"","jetpack_shortlink":"https:\/\/wp.me\/p3qko4-4y","jetpack_sharing_enabled":true,"jetpack_likes_enabled":true,"jetpack-related-posts":[{"id":207,"url":"https:\/\/blogg.fumei.se\/?p=207","url_meta":{"origin":282,"position":0},"title":"Det \u00e4r inte l\u00e4tt n\u00e4r det \u00e4r sv\u00e5rt","author":"M :)","date":"2010-07-02","format":false,"excerpt":"Som de flesta vet s\u00e5 bor jag ju lite \"avsides\", dvs i en h\u00e5la p\u00e5 landsbygden, d\u00e4r kollektivtrafiken l\u00e4mnar mycket att \u00f6nska. Det g\u00f6r ju ocks\u00e5 att jag, tack vara mycket sn\u00e4lla chefer, har f\u00e5tt j\u00e4mka lite p\u00e5 mina arbetstider p\u00e5 kv\u00e4llspassen f\u00f6r att hinna med t\u00e5get hem. Det g\u00f6r\u2026","rel":"","context":"I \u201dVardagsliv\u201d","block_context":{"text":"Vardagsliv","link":"https:\/\/blogg.fumei.se\/?cat=47"},"img":{"alt_text":"","src":"","width":0,"height":0},"classes":[]},{"id":1194,"url":"https:\/\/blogg.fumei.se\/?p=1194","url_meta":{"origin":282,"position":1},"title":"Tjejsnack vecka 45","author":"M :)","date":"2009-11-17","format":false,"excerpt":"Vill du ocks\u00e5 vara med? Du hittar Tjejsnack h\u00e4r. H\u00f6gtider 1. Finns det n\u00e5gon helgdag som du tycker \u00e4r helt on\u00f6dig?Nja, alla fyller de v\u00e4l n\u00e5got slags syfte, \u00e4ven om m\u00e5nga inte firar dem p\u00e5 traditionellt s\u00e4tt l\u00e4ngre. Men 1:a Maj tycker jag nog har gjort sitt. Den var ju\u2026","rel":"","context":"I \u201dVardagsliv\u201d","block_context":{"text":"Vardagsliv","link":"https:\/\/blogg.fumei.se\/?cat=47"},"img":{"alt_text":"","src":"","width":0,"height":0},"classes":[]},{"id":948,"url":"https:\/\/blogg.fumei.se\/?p=948","url_meta":{"origin":282,"position":2},"title":"Tjejsnack vecka 20","author":"M :)","date":"2009-05-12","format":false,"excerpt":"Vill du ocks\u00e5 vara med? Klicka h\u00e4r Snabbmat 1. Hur ofta \u00e4ter du snabbmat? Ibland blir det ett par g\u00e5nger i veckan, oftast g\u00e5r det flera veckor mellan g\u00e5ngerna. Det har att g\u00f6ra med ekonomin, men oftast brukar jag och barnen fira att jag f\u00e5tt l\u00f6n genom att k\u00f6pa pizza\u2026","rel":"","context":"I \u201dVardagsliv\u201d","block_context":{"text":"Vardagsliv","link":"https:\/\/blogg.fumei.se\/?cat=47"},"img":{"alt_text":"","src":"","width":0,"height":0},"classes":[]},{"id":215,"url":"https:\/\/blogg.fumei.se\/?p=215","url_meta":{"origin":282,"position":3},"title":"Senaste nytt","author":"EmEff","date":"2010-06-15","format":false,"excerpt":"F\u00f6rra g\u00e5ngen jag pratade med handl\u00e4ggaren p\u00e5 MV sa han ju att jag skulle \u00e5terkomma om en m\u00e5nad och d\u00e5 skulle han kunna ha ett n\u00e4rmare besked \u00e5t mig. Efter att ha f\u00f6rs\u00f6kt komma \u00e5t en telefon under sj\u00e4lva telefontiden (en timme mellan 8.30 och 9.30)\u00a0och, de g\u00e5nger jag lyckats\u2026","rel":"","context":"I \u201dVardagsliv\u201d","block_context":{"text":"Vardagsliv","link":"https:\/\/blogg.fumei.se\/?cat=47"},"img":{"alt_text":"","src":"","width":0,"height":0},"classes":[]},{"id":842,"url":"https:\/\/blogg.fumei.se\/?p=842","url_meta":{"origin":282,"position":4},"title":"N\u00e4r jag blir stor&#8230;","author":"M :)","date":"2009-02-18","format":false,"excerpt":"...eller snarare n\u00e4r mina barn blivit stora nog att klara sig sj\u00e4lva, d\u00e5 skulle jag vilja g\u00f6ra s\u00e5nt jag inte hann\/kunde\/fick\/hade r\u00e5d med innan de f\u00f6ddes. I stora drag kan man v\u00e4l s\u00e4ga att det inneb\u00e4r en del resande, men \u00e4ven en del jobb. Jag har n\u00e4mligen t\u00e4nkt jobba mig\u2026","rel":"","context":"I \u201dVardagsliv\u201d","block_context":{"text":"Vardagsliv","link":"https:\/\/blogg.fumei.se\/?cat=47"},"img":{"alt_text":"","src":"","width":0,"height":0},"classes":[]},{"id":1848,"url":"https:\/\/blogg.fumei.se\/?p=1848","url_meta":{"origin":282,"position":5},"title":"Bokrecension: Niceville","author":"M :)","date":"2011-12-12","format":false,"excerpt":"Niceville av Kathryn Stockett \ufeff\ufeff\ufeff\ufeffBaksidestext: Of\u00f6rgl\u00f6mlig roman om tre starka kvinnor i sextiotalets S\u00f6dern N\u00e4r societetsflickan Skeeter \u00e5terv\u00e4nder till hemstaden Jackson i Mississippi efter avslutade universitetsstudier, faller hon tillbaka i sitt gamla liv med bridgespel, tennis och v\u00e4lg\u00f6renhetsbaler. Men n\u00e5got hos henne har f\u00f6r\u00e4ndrats; hon vill mer och ser nu\u2026","rel":"","context":"I \u201dB\u00f6cker och l\u00e4sning\u201d","block_context":{"text":"B\u00f6cker och l\u00e4sning","link":"https:\/\/blogg.fumei.se\/?cat=29"},"img":{"alt_text":"","src":"","width":0,"height":0},"classes":[]}],"_links":{"self":[{"href":"https:\/\/blogg.fumei.se\/index.php?rest_route=\/wp\/v2\/posts\/282","targetHints":{"allow":["GET"]}}],"collection":[{"href":"https:\/\/blogg.fumei.se\/index.php?rest_route=\/wp\/v2\/posts"}],"about":[{"href":"https:\/\/blogg.fumei.se\/index.php?rest_route=\/wp\/v2\/types\/post"}],"author":[{"embeddable":true,"href":"https:\/\/blogg.fumei.se\/index.php?rest_route=\/wp\/v2\/users\/1"}],"replies":[{"embeddable":true,"href":"https:\/\/blogg.fumei.se\/index.php?rest_route=%2Fwp%2Fv2%2Fcomments&post=282"}],"version-history":[{"count":1,"href":"https:\/\/blogg.fumei.se\/index.php?rest_route=\/wp\/v2\/posts\/282\/revisions"}],"predecessor-version":[{"id":6701,"href":"https:\/\/blogg.fumei.se\/index.php?rest_route=\/wp\/v2\/posts\/282\/revisions\/6701"}],"wp:attachment":[{"href":"https:\/\/blogg.fumei.se\/index.php?rest_route=%2Fwp%2Fv2%2Fmedia&parent=282"}],"wp:term":[{"taxonomy":"category","embeddable":true,"href":"https:\/\/blogg.fumei.se\/index.php?rest_route=%2Fwp%2Fv2%2Fcategories&post=282"},{"taxonomy":"post_tag","embeddable":true,"href":"https:\/\/blogg.fumei.se\/index.php?rest_route=%2Fwp%2Fv2%2Ftags&post=282"}],"curies":[{"name":"wp","href":"https:\/\/api.w.org\/{rel}","templated":true}]}}