{"id":283,"date":"2010-03-01T20:08:00","date_gmt":"2010-03-01T20:08:00","guid":{"rendered":"\/Blogg\/post\/Mandag.aspx"},"modified":"2024-03-24T17:27:05","modified_gmt":"2024-03-24T16:27:05","slug":"mandag","status":"publish","type":"post","link":"https:\/\/blogg.fumei.se\/?p=283","title":{"rendered":"M\u00e5ndag&#8230;"},"content":{"rendered":"<p>bara ordet s\u00e4ger en hel del om vad f\u00f6r slags dag det har varit idag&#8230;.<br \/>\nDet b\u00f6rjade redan ig\u00e5r, n\u00e4r jag var glad och trodde att jag skulle vara ledig idag, men d\u00e5 tittade Robin i almanackan och s\u00e5g att jag jobbar 7-16. Jaha.<br \/>\nUpp 4.30 d\u00e5, och ut i bl\u00e5st och sn\u00f6. Fast p\u00e5 t\u00e5get var det ju varmt och sk\u00f6nt. N\u00e4r vi rullade in i Alings\u00e5s s\u00e4ger t\u00e5gv\u00e4rden i h\u00f6gtalarna att pga en olycka l\u00e4ngre fram s\u00e5 \u00e4r all str\u00f6m avst\u00e4ngd mellan Alings\u00e5s och Gbg, s\u00e5 vi skulle f\u00e5 st\u00e5 och v\u00e4nta i A tills det var fixat. Jaha, igen.<br \/>\nTurligt nog kom det ig\u00e5ng ganska snart, s\u00e5 jag var i Gbg lagom f\u00f6r att hinna med 7-bussen till \u00d6stra, och blev bara ca 15 minuter f\u00f6rsenad allt som allt!<\/p>\n<p>Fast gl\u00e4djen varade inte s\u00e5 l\u00e4nge, f\u00f6r jag hade blivit placerad p\u00e5 BB. Jag trivs inte p\u00e5 BB. Det \u00e4r stressigt p\u00e5 ett helt annat s\u00e4tt \u00e4n p\u00e5 f\u00f6rlossningen, f\u00f6r patienterna ringer i ett &#8211; ofta om\u00a0 struntsaker &#8211; och det \u00e4r miljoner sm\u00e5saker som ska hinnas med samtidigt som man ska ta hand om patienterna. Sen blev det ju inte b\u00e4ttre av att Angelica, som var l\u00f6pare idag, fick g\u00e5 \u00f6ver till f\u00f6rlossningen och rycka in, och blev kvar d\u00e4r resten av passet. Till slut lugnade det \u00e4nd\u00e5 ner sig lite s\u00e5 att jag kunde \u00e4ta lunch, och sen var det bara en timme kvar till hemg\u00e5ng.<br \/>\nJag sa till sektionsledaren redan tidigt att jag skulle flexa ut tidigt f\u00f6r att vara s\u00e4ker p\u00e5 att komma hem, f\u00f6r det pratades ju massor om stormen Xynthia, som skulle vr\u00e4ka sn\u00f6 och kraftiga vindar \u00f6ver den lilla delen av Sverige som jag r\u00e5kar bo i.<br \/>\nN\u00e4r jag klev av t\u00e5get hamnade jag i 15 cm djup nysn\u00f6. Kul. Verkligen. Inte.<\/p>\n<p>Nu sitter jag och forts\u00e4tter med det trista arbetet att r\u00e4dda filer fr\u00e5n datorn innan den ska \u00e5terst\u00e4llas. Middagen \u00e4r avklarad. Idag blev det n\u00e5got s\u00e5 enkelt som korv och potatis, fast jag lyxade till det lite genom att v\u00e4lja lunchkorvar och g\u00f6ra ugnsstekt potatis. Mums. Snart blir det CSI och efter det en &#8211; f\u00f6rhoppningsvis &#8211; god natts s\u00f6mn. Om v\u00e4dret till\u00e5ter bilk\u00f6rning imorgon ska modern och fadern se p\u00e5 l\u00e4genhet i grannhuset. I vilket fall som helst ska jag st\u00e4da h\u00e4r hemma. Lite hafsande d\u00e5 och d\u00e5 r\u00e4cker inte f\u00f6r att det ska bli rent.<\/p>\n","protected":false},"excerpt":{"rendered":"<p>bara ordet s\u00e4ger en hel del om vad f\u00f6r slags dag det har varit idag&#8230;. Det b\u00f6rjade redan ig\u00e5r, n\u00e4r jag var glad och trodde att jag skulle vara ledig idag, men d\u00e5 tittade Robin i almanackan och s\u00e5g att jag jobbar 7-16. Jaha. Upp 4.30 d\u00e5, och ut i bl\u00e5st och sn\u00f6. Fast p\u00e5&#8230;<\/p>\n","protected":false},"author":1,"featured_media":0,"comment_status":"open","ping_status":"open","sticky":false,"template":"","format":"standard","meta":{"jetpack_post_was_ever_published":false,"_jetpack_newsletter_access":"","_jetpack_dont_email_post_to_subs":false,"_jetpack_newsletter_tier_id":0,"_jetpack_memberships_contains_paywalled_content":false,"_jetpack_memberships_contains_paid_content":false,"footnotes":"","jetpack_publicize_message":"","jetpack_publicize_feature_enabled":true,"jetpack_social_post_already_shared":false,"jetpack_social_options":{"image_generator_settings":{"template":"highway","default_image_id":0,"font":"","enabled":false},"version":2}},"categories":[47],"tags":[],"class_list":["post-283","post","type-post","status-publish","format-standard","hentry","category-vardagsliv"],"jetpack_publicize_connections":[],"jetpack_featured_media_url":"","jetpack_shortlink":"https:\/\/wp.me\/s3qko4-mandag","jetpack_sharing_enabled":true,"jetpack_likes_enabled":true,"jetpack-related-posts":[{"id":1179,"url":"https:\/\/blogg.fumei.se\/?p=1179","url_meta":{"origin":283,"position":0},"title":"Cursed be thy name","author":"M :)","date":"2009-10-01","format":false,"excerpt":"Idag bjuder jag p\u00e5 \u00e4nnu en liten solskenshistoria d\u00e4r SJ har huvudrollen. Det b\u00f6rjade som vanligt med att jag skule ta t\u00e5get hem kl 17.07 fr\u00e5n Gbg. Det t\u00e5g jag kliver p\u00e5 skulle fr\u00e5n b\u00f6rjan ha g\u00e5tt till Stenungsund och Uddevalla, men de bytte om p\u00e5 de tv\u00e5 t\u00e5gen och\u2026","rel":"","context":"I \u201dVardagsliv\u201d","block_context":{"text":"Vardagsliv","link":"https:\/\/blogg.fumei.se\/?cat=47"},"img":{"alt_text":"","src":"","width":0,"height":0},"classes":[]},{"id":46,"url":"https:\/\/blogg.fumei.se\/?p=46","url_meta":{"origin":283,"position":1},"title":"Ibland undrar man&#8230;","author":"M :)","date":"2011-05-05","format":false,"excerpt":"Som vanligt idag efter jobbet, var\u00a0det massor med folk som skulle med samma t\u00e5g som jag kl 17.07 fr\u00e5n Gbg. S\u00e5 knastrar det till i h\u00f6gtalarna och det kommer inte bara ett, utan tre meddelanden om f\u00f6rseningar och inst\u00e4llda t\u00e5g. F\u00f6r det f\u00f6rsta skulle mitt t\u00e5g bli f\u00f6rsenat \u00e5ga v\u00e4xelfel\u2026","rel":"","context":"I \u201dVardagsliv\u201d","block_context":{"text":"Vardagsliv","link":"https:\/\/blogg.fumei.se\/?cat=47"},"img":{"alt_text":"","src":"https:\/\/i0.wp.com\/blogg.fumei.se\/wp-content\/uploads\/2011\/05\/201105042745-300x224.jpg?resize=350%2C200","width":350,"height":200},"classes":[]},{"id":1226,"url":"https:\/\/blogg.fumei.se\/?p=1226","url_meta":{"origin":283,"position":2},"title":"Happy andra advent!","author":"M :)","date":"2009-12-06","format":false,"excerpt":"Idag \u00e4r det 17 dagar kvar till julafton. Fortsatt sn\u00f6fritt, men fortsatt bl\u00f6tt. trist. Det \u00e4r nu man vill att sn\u00f6n ska b\u00f6rja falla s\u00e5 man hinner komma i julst\u00e4mning. Jul utan sn\u00f6 k\u00e4nns inte riktigt som jul, om jag f\u00e5r s\u00e4ga vad jag tycker. Har inte t\u00e4nt andra ljuset\u2026","rel":"","context":"I \u201dVardagsliv\u201d","block_context":{"text":"Vardagsliv","link":"https:\/\/blogg.fumei.se\/?cat=47"},"img":{"alt_text":"","src":"","width":0,"height":0},"classes":[]},{"id":1027,"url":"https:\/\/blogg.fumei.se\/?p=1027","url_meta":{"origin":283,"position":3},"title":"Sista rycket","author":"M :)","date":"2009-07-12","format":false,"excerpt":"Nu \u00e4r det bara n\u00e5gra timmar kvar av min semester. Imorgon bitti blir det till att g\u00e5 upp halv 5 och sn\u00e4llt fara iv\u00e4g till jobbet igen. Fast det ska bli kul \u00e4nd\u00e5. Jag har ju haft en ganska bra semester, med underbart v\u00e4der n\u00e4stan hela tiden, och jag har\u2026","rel":"","context":"I \u201dVardagsliv\u201d","block_context":{"text":"Vardagsliv","link":"https:\/\/blogg.fumei.se\/?cat=47"},"img":{"alt_text":"","src":"","width":0,"height":0},"classes":[]},{"id":310,"url":"https:\/\/blogg.fumei.se\/?p=310","url_meta":{"origin":283,"position":4},"title":"M\u00e5ndag. Igen.","author":"M :)","date":"2010-02-01","format":false,"excerpt":"Var p\u00e5 vippen att skriva \"hur m\u00e5nga m\u00e5ndagar finns det egentligen?\", men kom p\u00e5 att det kunde nog uppfattas lite blont haha. Men ibland k\u00e4nns det som om det nyss var b\u00f6rjan p\u00e5 veckan, och s\u00e5 \u00e4r det pl\u00f6tsligt det igen! Jag \u00e4r i alla fall ledig idag, och har\u2026","rel":"","context":"I \u201dVardagsliv\u201d","block_context":{"text":"Vardagsliv","link":"https:\/\/blogg.fumei.se\/?cat=47"},"img":{"alt_text":"","src":"","width":0,"height":0},"classes":[]},{"id":170,"url":"https:\/\/blogg.fumei.se\/?p=170","url_meta":{"origin":283,"position":5},"title":"Bloggtorka","author":"M :)","date":"2010-10-30","format":false,"excerpt":"N\u00e4r man inte g\u00f6r mycket mer \u00e4n jobbar och tar hand om hemmet - och dessemellan f\u00f6rs\u00f6ker vara lite social med resten av familjen - d\u00e5 har man inte mycket att skriva om. F\u00f6r hur kul \u00e4r det att l\u00e4sa varje dag att jag har lagat middag och jobbat och\u2026","rel":"","context":"I \u201dVardagsliv\u201d","block_context":{"text":"Vardagsliv","link":"https:\/\/blogg.fumei.se\/?cat=47"},"img":{"alt_text":"","src":"","width":0,"height":0},"classes":[]}],"_links":{"self":[{"href":"https:\/\/blogg.fumei.se\/index.php?rest_route=\/wp\/v2\/posts\/283","targetHints":{"allow":["GET"]}}],"collection":[{"href":"https:\/\/blogg.fumei.se\/index.php?rest_route=\/wp\/v2\/posts"}],"about":[{"href":"https:\/\/blogg.fumei.se\/index.php?rest_route=\/wp\/v2\/types\/post"}],"author":[{"embeddable":true,"href":"https:\/\/blogg.fumei.se\/index.php?rest_route=\/wp\/v2\/users\/1"}],"replies":[{"embeddable":true,"href":"https:\/\/blogg.fumei.se\/index.php?rest_route=%2Fwp%2Fv2%2Fcomments&post=283"}],"version-history":[{"count":2,"href":"https:\/\/blogg.fumei.se\/index.php?rest_route=\/wp\/v2\/posts\/283\/revisions"}],"predecessor-version":[{"id":6700,"href":"https:\/\/blogg.fumei.se\/index.php?rest_route=\/wp\/v2\/posts\/283\/revisions\/6700"}],"wp:attachment":[{"href":"https:\/\/blogg.fumei.se\/index.php?rest_route=%2Fwp%2Fv2%2Fmedia&parent=283"}],"wp:term":[{"taxonomy":"category","embeddable":true,"href":"https:\/\/blogg.fumei.se\/index.php?rest_route=%2Fwp%2Fv2%2Fcategories&post=283"},{"taxonomy":"post_tag","embeddable":true,"href":"https:\/\/blogg.fumei.se\/index.php?rest_route=%2Fwp%2Fv2%2Ftags&post=283"}],"curies":[{"name":"wp","href":"https:\/\/api.w.org\/{rel}","templated":true}]}}