{"id":2849,"date":"2012-12-03T20:14:20","date_gmt":"2012-12-03T19:14:20","guid":{"rendered":"http:\/\/blogg.fumei.se\/?p=2849"},"modified":"2012-12-03T20:14:20","modified_gmt":"2012-12-03T19:14:20","slug":"change-of-plans","status":"publish","type":"post","link":"https:\/\/blogg.fumei.se\/?p=2849","title":{"rendered":"Change of plans"},"content":{"rendered":"<p>P\u00e5 Torsdag s\u00e4tter Fia och jag oss p\u00e5 t\u00e5get till Stockholm. Fr\u00e5n b\u00f6rjan var det t\u00e4nkt att vi skulle tr\u00e4ffa <a href=\"http:\/\/www.ninsan.se\/\" target=\"_blank\">Nina<\/a> och <a href=\"http:\/\/elilaserochskriver.wordpress.com\/\" target=\"_blank\">Kerstin<\/a> och g\u00e5 p\u00e5 Muse, men s\u00e5 meddelade bandet i L\u00f6rdags att <a href=\"http:\/\/www.globearenas.se\/sv\/evenemang\/18733\/22629\/muse-installt.aspx\" target=\"_blank\">konserterna i Stockholm, Malm\u00f6 och Oslo st\u00e4llts i<\/a>n f\u00f6r att Matt Bellamy brutit foten.<\/p>\n<p>Nu har ju jag sett dem live en g\u00e5ng innan, och vet med s\u00e4kerhet att Matt varken sjunger eller spelar gitarr med f\u00f6tterna, s\u00e5 d\u00e4rf\u00f6r tycker jag v\u00e4l att de gott kunde k\u00f6rt p\u00e5 \u00e4nd\u00e5. Jag menar, Helsingfors och resten \u00e4r fortfarande planerat att g\u00e5 av stapeln.<br \/>\nOkej det \u00e4r klart att jag tycker synd om honom, han har s\u00e4kert ont, men varf\u00f6r bara st\u00e4lla in tre av alla spelningar p\u00e5 turn\u00e8n? Om han har j\u00e4tteont f\u00f6rsta tiden har det g\u00e5tt \u00f6ver till p\u00e5 Torsdag, eller s\u00e5 har han fortfarande ont, och d\u00e5 kan han v\u00e4l knappast genomf\u00f6ra spelningar dagarna efter heller? Dessutom kan han ju sitta och spela. Eller kanske inte f\u00f6rresten, det \u00e4r ju Matt Bellamy vi snackar om h\u00e4r.<\/p>\n<p>S\u00e5klart f\u00e5r vi ju tillbaka pengarna f\u00f6r biljetterna, men jag hade inte haft n\u00e5got emot om de skjutit upp konserten ett tag s\u00e5 vi f\u00e5tt g\u00e5 l\u00e4ngre fram. Som det \u00e4r nu missar vi dem ju helt. Igen.<br \/>\nF\u00f6r de st\u00e4llde ju in 2010 ocks\u00e5. D\u00e5 utan att ange anledningen.<\/p>\n<p>Men till Stockholm far vi \u00e4nd\u00e5. T\u00e5gbiljetterna g\u00e5r inte att avboka, s\u00e5 lika bra att utnyttja dem, och s\u00e5 f\u00e5r vi ju lite &#8221;semester&#8221; och f\u00e5r tr\u00e4ffa tv\u00e5 v\u00e4nner som jag tr\u00e4ffar alldeles f\u00f6r s\u00e4llan. Och jag f\u00e5r tillf\u00e4lle att g\u00f6ra n\u00e5got md min dotter, det h\u00e4nder inte alldeles f\u00f6r ofta.<\/p>\n<p>\u00c4n s\u00e5 l\u00e4nge har vi inte best\u00e4mt vad vi ska ers\u00e4tta Muse-konserten med, men Fia har \u00f6nskat ett bes\u00f6k p\u00e5 slottet med livrustkammaren och skattkammaren p\u00e5 fredagen, och jag har best\u00e4mt att vi ska g\u00f6ra minst ett bes\u00f6k i Gamla Stan med fika p\u00e5 Caf\u00e8 Gr\u00e5munken.<\/p>\n","protected":false},"excerpt":{"rendered":"<p>P\u00e5 Torsdag s\u00e4tter Fia och jag oss p\u00e5 t\u00e5get till Stockholm. Fr\u00e5n b\u00f6rjan var det t\u00e4nkt att vi skulle tr\u00e4ffa Nina och Kerstin och g\u00e5 p\u00e5 Muse, men s\u00e5 meddelade bandet i L\u00f6rdags att konserterna i Stockholm, Malm\u00f6 och Oslo st\u00e4llts in f\u00f6r att Matt Bellamy brutit foten. Nu har ju jag sett dem live&#8230;<\/p>\n","protected":false},"author":1,"featured_media":0,"comment_status":"open","ping_status":"open","sticky":false,"template":"","format":"standard","meta":{"jetpack_post_was_ever_published":false,"_jetpack_newsletter_access":"","_jetpack_dont_email_post_to_subs":false,"_jetpack_newsletter_tier_id":0,"_jetpack_memberships_contains_paywalled_content":false,"_jetpack_memberships_contains_paid_content":false,"footnotes":"","jetpack_publicize_message":"","jetpack_publicize_feature_enabled":true,"jetpack_social_post_already_shared":false,"jetpack_social_options":{"image_generator_settings":{"template":"highway","default_image_id":0,"font":"","enabled":false},"version":2}},"categories":[48,47],"tags":[193,149,195],"class_list":["post-2849","post","type-post","status-publish","format-standard","hentry","category-musik","category-vardagsliv","tag-muse","tag-resa","tag-stockholm"],"jetpack_publicize_connections":[],"jetpack_featured_media_url":"","jetpack_shortlink":"https:\/\/wp.me\/p3qko4-JX","jetpack_sharing_enabled":true,"jetpack_likes_enabled":true,"jetpack-related-posts":[{"id":1007,"url":"https:\/\/blogg.fumei.se\/?p=1007","url_meta":{"origin":2849,"position":0},"title":"Det \u00e4r v\u00e4l sj\u00e4lva fan","author":"M :)","date":"2009-06-02","format":false,"excerpt":"att de band jag vill se live alltid spelar bara i Stockholm n\u00e4r de spelar i Sverige. Jag har ju lite sv\u00e5rt att g\u00e5 p\u00e5 konsert i huvudstaden, f\u00f6r det \u00e4r ju inte bara en biljett till sj\u00e4lva spelningen som beh\u00f6vs. nej man m\u00e5ste fixa resa t.o.r och g\u00e4rna n\u00e5nstans\u2026","rel":"","context":"I \u201dVardagsliv\u201d","block_context":{"text":"Vardagsliv","link":"https:\/\/blogg.fumei.se\/?cat=47"},"img":{"alt_text":"","src":"","width":0,"height":0},"classes":[]},{"id":1142,"url":"https:\/\/blogg.fumei.se\/?p=1142","url_meta":{"origin":2849,"position":1},"title":"En musikalisk resa. Eller; Den musikaliska delen av resan, om man s\u00e5 vill.","author":"M :)","date":"2009-10-30","format":false,"excerpt":"Muse. Ett band som jag genom \u00e5ren h\u00f6rt enstaka l\u00e5tar av och med, men som inte fastnat. Tills f\u00f6r sis\u00e5d\u00e4r ett \u00e5r sedan. Jag \u00e4r allts\u00e5 ett nytt fan, och d\u00e4rmed hatad och avskydd av alla \"\u00e4kta\" Muse-fans v\u00e4rlden \u00f6ver. F\u00f6r ett \u00e5r sedan kom filmen Twilight, och med den\u2026","rel":"","context":"I \u201dVardagsliv\u201d","block_context":{"text":"Vardagsliv","link":"https:\/\/blogg.fumei.se\/?cat=47"},"img":{"alt_text":"","src":"","width":0,"height":0},"classes":[]},{"id":4133,"url":"https:\/\/blogg.fumei.se\/?p=4133","url_meta":{"origin":2849,"position":2},"title":"Man kan kl\u00e4mma in mycket p\u00e5 en helg&#8230;","author":"M :)","date":"2017-02-05","format":false,"excerpt":"Fredag 27 Januari \u00e5kte jag till Stockholm med Maria\u00a0f\u00f6r konsert med Green Day. D\u00e4r m\u00f6tte vi upp Linda och Anna\u00a0som \u00e5kt upp dagen innan. Efter att vi checkat in p\u00e5 hotellet (uppgraderade blev vi ocks\u00e5!) gick vi en sv\u00e4ng runt Norrmalm och kikade, fikade och tog en \u00f6l. Tillbaka p\u00e5\u2026","rel":"","context":"I \u201dVardagsliv\u201d","block_context":{"text":"Vardagsliv","link":"https:\/\/blogg.fumei.se\/?cat=47"},"img":{"alt_text":"","src":"https:\/\/i0.wp.com\/blogg.fumei.se\/wp-content\/uploads\/2017\/02\/31015.jpg?resize=350%2C200","width":350,"height":200},"classes":[]},{"id":1143,"url":"https:\/\/blogg.fumei.se\/?p=1143","url_meta":{"origin":2849,"position":3},"title":"Det var det h\u00e4r med att f\u00f6rs\u00f6ka sammanfatta helgen i ett enda litet blogginl\u00e4gg&#8230;","author":"M :)","date":"2009-10-28","format":false,"excerpt":"Inte jordens enklaste uppgift, men efter att ha l\u00e4st Kerstins inl\u00e4gg inser jag att jag beh\u00f6ver nog inte skriva s\u00e5 mycket egentligen, f\u00f6r hon har ju redan gjort hela jobbet s\u00e5 bra! Men lite grann kan jag nog f\u00e5 till ur eget perspektiv. F\u00f6r min del b\u00f6rjade det ju s\u00e5\u2026","rel":"","context":"I \u201dVardagsliv\u201d","block_context":{"text":"Vardagsliv","link":"https:\/\/blogg.fumei.se\/?cat=47"},"img":{"alt_text":"","src":"","width":0,"height":0},"classes":[]},{"id":1107,"url":"https:\/\/blogg.fumei.se\/?p=1107","url_meta":{"origin":2849,"position":4},"title":"Muse &#8211; &#8221;The resistance&#8221; recension","author":"M :)","date":"2009-09-15","format":false,"excerpt":"\u00a0Fr\u00e5n b\u00f6rjan hade jag t\u00e4nkt g\u00f6ra en recension l\u00e5t f\u00f6r l\u00e5t, men jag struntar i det och recenserar lite som jag k\u00e4nner det ist\u00e4llet.Albumet har alla de v\u00e4lk\u00e4nda Muse-elementen, s\u00e5klart. Effektfulla gitarrer, sugande basg\u00e5ngar, pianoslingorna och tempo\u00e4ndringar. Allt finns d\u00e4r. Och lite till.Matthew Bellamy har kvar sin egen, personliga s\u00e5ngstil,\u2026","rel":"","context":"I \u201dVardagsliv\u201d","block_context":{"text":"Vardagsliv","link":"https:\/\/blogg.fumei.se\/?cat=47"},"img":{"alt_text":"","src":"https:\/\/i0.wp.com\/blogg.fumei.se\/wp-content\/uploads\/2009\/09\/5C9616F9-F938-40A6-B13B-6847C61266BA_4_5005_c.jpeg?resize=350%2C200&ssl=1","width":350,"height":200},"classes":[]},{"id":2408,"url":"https:\/\/blogg.fumei.se\/?p=2408","url_meta":{"origin":2849,"position":5},"title":"Vad spelar det f\u00f6r roll att jag inte kommer iv\u00e4g p\u00e5 Sweden Rock i \u00e5r heller&#8230;","author":"M :)","date":"2012-06-07","format":false,"excerpt":"...n\u00e4r MUSE ska komma till Sverige igen?!! Svar: Absolut INGENTING!! Kerstin hade godheten och v\u00e4nligheten att meddela mig detta via en l\u00e4nk p\u00e5 FB, som jag s\u00e5g n\u00e4r jag kom hem, och \u00e4ven om jag inte har s\u00e5 m\u00e5nga \u00f6ren kvar efter alla r\u00e4kningar och s\u00e5nt d\u00e4r, s\u00e5 kommer det\u2026","rel":"","context":"I \u201dMusik\u201d","block_context":{"text":"Musik","link":"https:\/\/blogg.fumei.se\/?cat=48"},"img":{"alt_text":"","src":"","width":0,"height":0},"classes":[]}],"_links":{"self":[{"href":"https:\/\/blogg.fumei.se\/index.php?rest_route=\/wp\/v2\/posts\/2849","targetHints":{"allow":["GET"]}}],"collection":[{"href":"https:\/\/blogg.fumei.se\/index.php?rest_route=\/wp\/v2\/posts"}],"about":[{"href":"https:\/\/blogg.fumei.se\/index.php?rest_route=\/wp\/v2\/types\/post"}],"author":[{"embeddable":true,"href":"https:\/\/blogg.fumei.se\/index.php?rest_route=\/wp\/v2\/users\/1"}],"replies":[{"embeddable":true,"href":"https:\/\/blogg.fumei.se\/index.php?rest_route=%2Fwp%2Fv2%2Fcomments&post=2849"}],"version-history":[{"count":1,"href":"https:\/\/blogg.fumei.se\/index.php?rest_route=\/wp\/v2\/posts\/2849\/revisions"}],"predecessor-version":[{"id":2850,"href":"https:\/\/blogg.fumei.se\/index.php?rest_route=\/wp\/v2\/posts\/2849\/revisions\/2850"}],"wp:attachment":[{"href":"https:\/\/blogg.fumei.se\/index.php?rest_route=%2Fwp%2Fv2%2Fmedia&parent=2849"}],"wp:term":[{"taxonomy":"category","embeddable":true,"href":"https:\/\/blogg.fumei.se\/index.php?rest_route=%2Fwp%2Fv2%2Fcategories&post=2849"},{"taxonomy":"post_tag","embeddable":true,"href":"https:\/\/blogg.fumei.se\/index.php?rest_route=%2Fwp%2Fv2%2Ftags&post=2849"}],"curies":[{"name":"wp","href":"https:\/\/api.w.org\/{rel}","templated":true}]}}