{"id":286,"date":"2010-02-25T18:48:00","date_gmt":"2010-02-25T18:48:00","guid":{"rendered":"\/Blogg\/post\/Saker-jag-borde-gora-del-2.aspx"},"modified":"2010-02-25T18:48:00","modified_gmt":"2010-02-25T18:48:00","slug":"saker-jag-borde-gora-del-2","status":"publish","type":"post","link":"https:\/\/blogg.fumei.se\/?p=286","title":{"rendered":"Saker jag borde g\u00f6ra, del 2"},"content":{"rendered":"<ul>\n<li>Flytta mina kl&auml;der fr&aring;n Fias rum till sk&aring;pet i sovrumsdelen av vardagsrummet<\/li>\n<li>Flytta s&auml;ngen fr&aring;n kl&auml;dkammaren till sovrumsh&ouml;rnan<\/li>\n<li>L&auml;gga ut mitt skrivbord till f&ouml;rs&auml;ljning p&aring; Blocket.<\/li>\n<li>Rensa bland alla papper och crap jag har i och p&aring; skrivbordet<\/li>\n<li>Skaffe en l&aring;da att ha alla scrapsaker i<\/li>\n<li>Skaffa en till l&aring;da &#8211; att ha allt annat crap i<\/li>\n<li>Skaffa ett hemarkiv till alla viktiga papper<\/li>\n<\/ul>\n","protected":false},"excerpt":{"rendered":"<p>Flytta mina kl&auml;der fr&aring;n Fias rum till sk&aring;pet i sovrumsdelen av vardagsrummet Flytta s&auml;ngen fr&aring;n kl&auml;dkammaren till sovrumsh&ouml;rnan L&auml;gga ut mitt skrivbord till f&ouml;rs&auml;ljning p&aring; Blocket. Rensa bland alla papper och crap jag har i och p&aring; skrivbordet Skaffe en l&aring;da att ha alla scrapsaker i Skaffa en till l&aring;da &#8211; att ha allt annat&#8230;<\/p>\n","protected":false},"author":1,"featured_media":0,"comment_status":"open","ping_status":"open","sticky":false,"template":"","format":"standard","meta":{"jetpack_post_was_ever_published":false,"_jetpack_newsletter_access":"","_jetpack_dont_email_post_to_subs":false,"_jetpack_newsletter_tier_id":0,"_jetpack_memberships_contains_paywalled_content":false,"_jetpack_memberships_contains_paid_content":false,"footnotes":"","jetpack_publicize_message":"","jetpack_publicize_feature_enabled":true,"jetpack_social_post_already_shared":false,"jetpack_social_options":{"image_generator_settings":{"template":"highway","default_image_id":0,"font":"","enabled":false},"version":2}},"categories":[47],"tags":[],"class_list":["post-286","post","type-post","status-publish","format-standard","hentry","category-vardagsliv"],"jetpack_publicize_connections":[],"jetpack_featured_media_url":"","jetpack_shortlink":"https:\/\/wp.me\/p3qko4-4C","jetpack_sharing_enabled":true,"jetpack_likes_enabled":true,"jetpack-related-posts":[{"id":5871,"url":"https:\/\/blogg.fumei.se\/?p=5871","url_meta":{"origin":286,"position":0},"title":"Sl\u00e4ktforskning","author":"M :)","date":"2023-02-12","format":false,"excerpt":"Jag har fuskat lite med sl\u00e4ktforskning sedan jag var ton\u00e5ring. Det b\u00f6rjade med att mamma och jag satt och tittade i gamla fotoalbum och hon ber\u00e4ttade om n\u00e5gra olika personer p\u00e5 bilderna. Jag blev nyfiken p\u00e5 hur alla h\u00f6rde ihop, s\u00e5 jag ritade upp ett sl\u00e4kttr\u00e4d utifr\u00e5n de uppgifter jag\u2026","rel":"","context":"I \u201dFamiljen\u201d","block_context":{"text":"Familjen","link":"https:\/\/blogg.fumei.se\/?cat=34"},"img":{"alt_text":"","src":"","width":0,"height":0},"classes":[]},{"id":277,"url":"https:\/\/blogg.fumei.se\/?p=277","url_meta":{"origin":286,"position":1},"title":"S\u00e5d\u00e4r d\u00e5","author":"M :)","date":"2010-03-07","format":false,"excerpt":"D\u00e5 var det slut p\u00e5 \u00e4nnu en vecka. Den h\u00e4r veckan har jag klarat av att arbeta sex arbetspass fast\u00e4n jag bara hade\u00a0tre pass inlagda i schemat, inte illa pinkat av en gammal h\u00e4st. Hoppas det visar sig positivt i kassan n\u00e4r l\u00f6nen kommer ocks\u00e5. Allts\u00e5 n\u00e4sta m\u00e5nads l\u00f6n, f\u00f6r\u2026","rel":"","context":"I \u201dVardagsliv\u201d","block_context":{"text":"Vardagsliv","link":"https:\/\/blogg.fumei.se\/?cat=47"},"img":{"alt_text":"","src":"","width":0,"height":0},"classes":[]},{"id":211,"url":"https:\/\/blogg.fumei.se\/?p=211","url_meta":{"origin":286,"position":2},"title":"So much to do, so little time&#8230;","author":"M :)","date":"2010-06-23","format":false,"excerpt":"Nu n\u00e4r det \u00e4r klart med uppeh\u00e5llstillst\u00e5nd m\u00e5ste jag: ringa KF och meddela att jag ska bli sambo, och att de m\u00e5ste g\u00f6ra en omr\u00e4kning tills vidare. ringa kommunen och h\u00f6ra hur man g\u00e5r tillv\u00e4ga med integrationsprojektet. kolla med Transportstyrelsen vilka regler som g\u00e4ller f\u00f6r k\u00f6rkort fr\u00e5n CR. skaffa en\u2026","rel":"","context":"I \u201dVardagsliv\u201d","block_context":{"text":"Vardagsliv","link":"https:\/\/blogg.fumei.se\/?cat=47"},"img":{"alt_text":"","src":"","width":0,"height":0},"classes":[]},{"id":5818,"url":"https:\/\/blogg.fumei.se\/?p=5818","url_meta":{"origin":286,"position":3},"title":"I g\u00f6mmorna","author":"M :)","date":"2018-07-16","format":false,"excerpt":"Jag har varit hos mamma och hj\u00e4lpt henne rensa och r\u00f6ja inf\u00f6r flytt. Hon ska flytta till Sk\u00e5ne och bli inneboende hos Roberto och hans sambo. L\u00e4genheten i Floby \u00e4r allladelse f\u00f6r stor f\u00f6r henne, s\u00e5 detta blir en bra l\u00f6sning eftersom det blir sv\u00e5rt att hitta en l\u00e4genhet med\u2026","rel":"","context":"I \u201dFamiljen\u201d","block_context":{"text":"Familjen","link":"https:\/\/blogg.fumei.se\/?cat=34"},"img":{"alt_text":"","src":"https:\/\/i0.wp.com\/blogg.fumei.se\/wp-content\/uploads\/2024\/02\/A11A8591-3CBF-44D2-9691-04D9625E02B7-scaled.jpeg?resize=350%2C200","width":350,"height":200,"srcset":"https:\/\/i0.wp.com\/blogg.fumei.se\/wp-content\/uploads\/2024\/02\/A11A8591-3CBF-44D2-9691-04D9625E02B7-scaled.jpeg?resize=350%2C200 1x, https:\/\/i0.wp.com\/blogg.fumei.se\/wp-content\/uploads\/2024\/02\/A11A8591-3CBF-44D2-9691-04D9625E02B7-scaled.jpeg?resize=525%2C300 1.5x, https:\/\/i0.wp.com\/blogg.fumei.se\/wp-content\/uploads\/2024\/02\/A11A8591-3CBF-44D2-9691-04D9625E02B7-scaled.jpeg?resize=700%2C400 2x, https:\/\/i0.wp.com\/blogg.fumei.se\/wp-content\/uploads\/2024\/02\/A11A8591-3CBF-44D2-9691-04D9625E02B7-scaled.jpeg?resize=1050%2C600 3x, https:\/\/i0.wp.com\/blogg.fumei.se\/wp-content\/uploads\/2024\/02\/A11A8591-3CBF-44D2-9691-04D9625E02B7-scaled.jpeg?resize=1400%2C800 4x"},"classes":[]},{"id":960,"url":"https:\/\/blogg.fumei.se\/?p=960","url_meta":{"origin":286,"position":4},"title":"Tjesnack vecka 19","author":"M :)","date":"2009-05-03","format":false,"excerpt":"*skrattar lite* Hoppsan h\u00e4r g\u00e5r det undan! Jag hade knappt hunnit posta mitt bidrag till Tjejsnack, s\u00e5 har Milo hunnit l\u00e4gga upp en ny! Men vi k\u00f6r v\u00e4l d\u00e5:Datorn1. Finns du med p\u00e5 Facebook?Japp. Jag gillar FB. Man hittar gamla v\u00e4nner och bekanta som man inte pratat med eller h\u00f6rt\u2026","rel":"","context":"I \u201dVardagsliv\u201d","block_context":{"text":"Vardagsliv","link":"https:\/\/blogg.fumei.se\/?cat=47"},"img":{"alt_text":"","src":"","width":0,"height":0},"classes":[]},{"id":4242,"url":"https:\/\/blogg.fumei.se\/?p=4242","url_meta":{"origin":286,"position":5},"title":"\u2665 Pappa \u2665","author":"M :)","date":"2017-03-12","format":false,"excerpt":"Min pappa Dino Roberto Fumei f\u00f6ddes 1939 i Perosa Argentina\u00a0utanf\u00f6r Turin i Italien, som f\u00f6rsta barnet till mina farf\u00f6r\u00e4ldrar Alfonso\u00a0Fumei och Cesira Stocco. 1949 flyttade min farfar till Sverige f\u00f6r att arbeta p\u00e5 ASEA i V\u00e4ster\u00e5s, och 1951 kom \u00e4ven farmor och pappa och min faster Nella till Sverige. Det\u2026","rel":"","context":"I \u201dFamiljen\u201d","block_context":{"text":"Familjen","link":"https:\/\/blogg.fumei.se\/?cat=34"},"img":{"alt_text":"","src":"https:\/\/i0.wp.com\/blogg.fumei.se\/wp-content\/uploads\/2017\/03\/Pappa.jpg?resize=350%2C200","width":350,"height":200},"classes":[]}],"_links":{"self":[{"href":"https:\/\/blogg.fumei.se\/index.php?rest_route=\/wp\/v2\/posts\/286","targetHints":{"allow":["GET"]}}],"collection":[{"href":"https:\/\/blogg.fumei.se\/index.php?rest_route=\/wp\/v2\/posts"}],"about":[{"href":"https:\/\/blogg.fumei.se\/index.php?rest_route=\/wp\/v2\/types\/post"}],"author":[{"embeddable":true,"href":"https:\/\/blogg.fumei.se\/index.php?rest_route=\/wp\/v2\/users\/1"}],"replies":[{"embeddable":true,"href":"https:\/\/blogg.fumei.se\/index.php?rest_route=%2Fwp%2Fv2%2Fcomments&post=286"}],"version-history":[{"count":0,"href":"https:\/\/blogg.fumei.se\/index.php?rest_route=\/wp\/v2\/posts\/286\/revisions"}],"wp:attachment":[{"href":"https:\/\/blogg.fumei.se\/index.php?rest_route=%2Fwp%2Fv2%2Fmedia&parent=286"}],"wp:term":[{"taxonomy":"category","embeddable":true,"href":"https:\/\/blogg.fumei.se\/index.php?rest_route=%2Fwp%2Fv2%2Fcategories&post=286"},{"taxonomy":"post_tag","embeddable":true,"href":"https:\/\/blogg.fumei.se\/index.php?rest_route=%2Fwp%2Fv2%2Ftags&post=286"}],"curies":[{"name":"wp","href":"https:\/\/api.w.org\/{rel}","templated":true}]}}