{"id":2861,"date":"2012-12-20T12:38:52","date_gmt":"2012-12-20T11:38:52","guid":{"rendered":"http:\/\/blogg.fumei.se\/?p=2861"},"modified":"2012-12-20T12:38:52","modified_gmt":"2012-12-20T11:38:52","slug":"saker-jag-ska-ha-gjort-innan-julafton-listan","status":"publish","type":"post","link":"https:\/\/blogg.fumei.se\/?p=2861","title":{"rendered":"Saker-jag-ska-ha-gjort-innan-julafton-listan"},"content":{"rendered":"<p><strong>Torsdag<\/strong>:<\/p>\n<ul>\n<li>k\u00f6ttbullar<\/li>\n<li>lammstek<\/li>\n<li>den d\u00e4r d\u00f6rrprydnaden som jag skulle gjort f\u00f6r flera veckor sen<\/li>\n<li>tv\u00e4tta<\/li>\n<li>st\u00e4da<\/li>\n<li>b\u00e4ra upp l\u00e5dor p\u00e5 vinden<\/li>\n<\/ul>\n<p><strong>Fredag<\/strong>:<\/p>\n<ul>\n<li>handla klappar<\/li>\n<li>vika tv\u00e4tt och l\u00e4gga undan<\/li>\n<li>se till att mina ton\u00e5ringar kommer iv\u00e4g till sin pappa<\/li>\n<\/ul>\n<p><strong>L\u00f6rdag<\/strong><\/p>\n<ul>\n<li>Dammsuga och torka golv<\/li>\n<li>St\u00e4da badrummet och k\u00f6ket<\/li>\n<\/ul>\n<p><strong>S\u00f6ndag<\/strong>:<\/p>\n<ul>\n<li>handla det allra sista<\/li>\n<\/ul>\n<p>Ska dessutom jobba fredag, l\u00f6rdag och s\u00f6ndag kv\u00e4llspass, och mellan l\u00f6rdag och s\u00f6ndag sover jag hos J. L\u00e5ter inte j\u00e4ttestressigt och det \u00e4r det egentligen inte heller, men jag har som bekant lite sv\u00e5rt att f\u00e5 ut den ber\u00f6mda tummen. Det \u00e4r ju s\u00e5 gott att bara sitta och l\u00e4sa en bok eller se en film. Men det blir nog bra det h\u00e4r&#8230;<\/p>\n<p>&nbsp;<\/p>\n","protected":false},"excerpt":{"rendered":"<p>Torsdag: k\u00f6ttbullar lammstek den d\u00e4r d\u00f6rrprydnaden som jag skulle gjort f\u00f6r flera veckor sen tv\u00e4tta st\u00e4da b\u00e4ra upp l\u00e5dor p\u00e5 vinden Fredag: handla klappar vika tv\u00e4tt och l\u00e4gga undan se till att mina ton\u00e5ringar kommer iv\u00e4g till sin pappa L\u00f6rdag Dammsuga och torka golv St\u00e4da badrummet och k\u00f6ket S\u00f6ndag: handla det allra sista Ska dessutom&#8230;<\/p>\n","protected":false},"author":1,"featured_media":0,"comment_status":"open","ping_status":"open","sticky":false,"template":"","format":"standard","meta":{"jetpack_post_was_ever_published":false,"_jetpack_newsletter_access":"","_jetpack_dont_email_post_to_subs":false,"_jetpack_newsletter_tier_id":0,"_jetpack_memberships_contains_paywalled_content":false,"_jetpack_memberships_contains_paid_content":false,"footnotes":"","jetpack_publicize_message":"","jetpack_publicize_feature_enabled":true,"jetpack_social_post_already_shared":false,"jetpack_social_options":{"image_generator_settings":{"template":"highway","default_image_id":0,"font":"","enabled":false},"version":2}},"categories":[47],"tags":[88],"class_list":["post-2861","post","type-post","status-publish","format-standard","hentry","category-vardagsliv","tag-jul"],"jetpack_publicize_connections":[],"jetpack_featured_media_url":"","jetpack_shortlink":"https:\/\/wp.me\/p3qko4-K9","jetpack_sharing_enabled":true,"jetpack_likes_enabled":true,"jetpack-related-posts":[{"id":934,"url":"https:\/\/blogg.fumei.se\/?p=934","url_meta":{"origin":2861,"position":0},"title":"S\u00f6ndag?","author":"M :)","date":"2009-05-21","format":false,"excerpt":"Nej visst, men \"r\u00f6d\" dag var det idag, s\u00e5 det k\u00e4nns som en s\u00f6ndag. Ingen tidning, ingen post, inte en massa saker man m\u00e5ste g\u00f6ra. Eller jo, lite hade jag tagit p\u00e5 mig, men det var ju f\u00f6r Fias skull, s\u00e5 det gjorde ju inget. Idag fyller ju skruttfia 16\u2026","rel":"","context":"I \u201dVardagsliv\u201d","block_context":{"text":"Vardagsliv","link":"https:\/\/blogg.fumei.se\/?cat=47"},"img":{"alt_text":"","src":"","width":0,"height":0},"classes":[]},{"id":1856,"url":"https:\/\/blogg.fumei.se\/?p=1856","url_meta":{"origin":2861,"position":1},"title":"Julbestyr","author":"M :)","date":"2011-12-14","format":false,"excerpt":"Idag \u00e4r det 10 dagar kvar till julafton, och jag har som vanligt knappt gjort n\u00e5gonting. Idag ska jag hj\u00e4lpa lilla mamsen med en sak som hon ska ge bort, sen ska jag fixa alla julkort och \u00e4ven en annan grej som jag t\u00e4nkte ge bort. Imorgon \u00e4r det \u00e5ter\u2026","rel":"","context":"I \u201dVardagsliv\u201d","block_context":{"text":"Vardagsliv","link":"https:\/\/blogg.fumei.se\/?cat=47"},"img":{"alt_text":"","src":"","width":0,"height":0},"classes":[]},{"id":802,"url":"https:\/\/blogg.fumei.se\/?p=802","url_meta":{"origin":2861,"position":2},"title":"S\u00e5 var det M\u00e5ndag igen","author":"M :)","date":"2009-01-19","format":false,"excerpt":"Efter en helt ok helg, med himla trevlig l\u00f6rdag och slapp och sl\u00f6 s\u00f6ndag, var det \u00e5ter dagstillbaka till vardagen. Jag jobbade en tidig tur idag, kors i taket! V\u00e4ldigt lugnt p\u00e5 jobbet, lite lagom att g\u00f6ra, och vi var tv\u00e5, s\u00e5 vi hade gott om tid att st\u00e4da och\u2026","rel":"","context":"I \u201dVardagsliv\u201d","block_context":{"text":"Vardagsliv","link":"https:\/\/blogg.fumei.se\/?cat=47"},"img":{"alt_text":"","src":"","width":0,"height":0},"classes":[]},{"id":271,"url":"https:\/\/blogg.fumei.se\/?p=271","url_meta":{"origin":2861,"position":3},"title":"Redan tisdag","author":"EmEff","date":"2010-03-16","format":false,"excerpt":"Tiden g\u00e5r alldeles f\u00f6r fort f\u00f6r att jag ska hinna med ordentligt nu f\u00f6r tiden, k\u00e4nns det som. Nyss var det arbetsvecka med massor att g\u00f6ra, \u00e4nnu nyligare var det helg och jag skulle passa p\u00e5 att vila och formatera om datorn. Formaterat om har jag gjort, men vilan blev\u2026","rel":"","context":"I \u201dVardagsliv\u201d","block_context":{"text":"Vardagsliv","link":"https:\/\/blogg.fumei.se\/?cat=47"},"img":{"alt_text":"","src":"","width":0,"height":0},"classes":[]},{"id":921,"url":"https:\/\/blogg.fumei.se\/?p=921","url_meta":{"origin":2861,"position":4},"title":"En ganska l\u00e5ng uppdatering","author":"M :)","date":"2009-04-03","format":false,"excerpt":"Jag tycker egentligen inte att det har h\u00e4nt s\u00e5 mycket som \u00e4r v\u00e4rt att skriva om, men okej d\u00e5... Vi har som sagt flyttat nu. \u00c4ntligen. Vi har dessutom lyckats f\u00e5 undan n\u00e4stan allt som inte ska st\u00e5 framme och tom hivat upp allt p\u00e5 vinden som ska dit. En\u2026","rel":"","context":"I \u201dVardagsliv\u201d","block_context":{"text":"Vardagsliv","link":"https:\/\/blogg.fumei.se\/?cat=47"},"img":{"alt_text":"","src":"","width":0,"height":0},"classes":[]},{"id":1589,"url":"https:\/\/blogg.fumei.se\/?p=1589","url_meta":{"origin":2861,"position":5},"title":"Tisdagsn\u00f6je","author":"M :)","date":"2011-10-11","format":false,"excerpt":"Tja, egentligen kunde jag v\u00e4l gjort det vilken dag som helst i veckan - utom l\u00f6rdag och s\u00f6ndag, d\u00e5 - men nu blev det idag. Jag har varit hos tandl\u00e4karen. Jag har varit v\u00e4ldigt slarvig, och inte varit hos tandl\u00e4karen p\u00e5 s\u00e4kert 18 \u00e5r. Jag gick regelbundet medan jag v\u00e4ntade\u2026","rel":"","context":"I \u201dVardagsliv\u201d","block_context":{"text":"Vardagsliv","link":"https:\/\/blogg.fumei.se\/?cat=47"},"img":{"alt_text":"","src":"","width":0,"height":0},"classes":[]}],"_links":{"self":[{"href":"https:\/\/blogg.fumei.se\/index.php?rest_route=\/wp\/v2\/posts\/2861","targetHints":{"allow":["GET"]}}],"collection":[{"href":"https:\/\/blogg.fumei.se\/index.php?rest_route=\/wp\/v2\/posts"}],"about":[{"href":"https:\/\/blogg.fumei.se\/index.php?rest_route=\/wp\/v2\/types\/post"}],"author":[{"embeddable":true,"href":"https:\/\/blogg.fumei.se\/index.php?rest_route=\/wp\/v2\/users\/1"}],"replies":[{"embeddable":true,"href":"https:\/\/blogg.fumei.se\/index.php?rest_route=%2Fwp%2Fv2%2Fcomments&post=2861"}],"version-history":[{"count":2,"href":"https:\/\/blogg.fumei.se\/index.php?rest_route=\/wp\/v2\/posts\/2861\/revisions"}],"predecessor-version":[{"id":2863,"href":"https:\/\/blogg.fumei.se\/index.php?rest_route=\/wp\/v2\/posts\/2861\/revisions\/2863"}],"wp:attachment":[{"href":"https:\/\/blogg.fumei.se\/index.php?rest_route=%2Fwp%2Fv2%2Fmedia&parent=2861"}],"wp:term":[{"taxonomy":"category","embeddable":true,"href":"https:\/\/blogg.fumei.se\/index.php?rest_route=%2Fwp%2Fv2%2Fcategories&post=2861"},{"taxonomy":"post_tag","embeddable":true,"href":"https:\/\/blogg.fumei.se\/index.php?rest_route=%2Fwp%2Fv2%2Ftags&post=2861"}],"curies":[{"name":"wp","href":"https:\/\/api.w.org\/{rel}","templated":true}]}}