{"id":2888,"date":"2013-01-07T10:56:59","date_gmt":"2013-01-07T09:56:59","guid":{"rendered":"http:\/\/blogg.fumei.se\/?p=2888"},"modified":"2013-01-07T10:56:59","modified_gmt":"2013-01-07T09:56:59","slug":"nytt-ar-nya-tag","status":"publish","type":"post","link":"https:\/\/blogg.fumei.se\/?p=2888","title":{"rendered":"Nytt \u00e5r &#8211; nya tag"},"content":{"rendered":"<p>Hej 2013. \u00c4n s\u00e5 l\u00e4nge har du inte bjudit p\u00e5 n\u00e5gra spektakul\u00e4ra eller minnesv\u00e4rda h\u00e4ndelser, om man inte r\u00e4knar med ink\u00f6pet av tv\u00e4ttmaskinen, f\u00f6rst\u00e5s.<br \/>\nSamma tv\u00e4ttmaskin som envisas med att studsa runt i badrummet n\u00e4r den centrifugerar. S\u00e5 den st\u00e5r oanv\u00e4nd tills n\u00e5gon nisse har kollat p\u00e5 den. Men jag\u00a0har\u00a0i alla fall en tv\u00e4ttmaskin.<\/p>\n<p>Nu t\u00e4nkte jag v\u00e4l inte att resten av \u00e5ret skulle bli s\u00e5d\u00e4r som att jag b\u00f6rjar med n\u00e5got och s\u00e5 blir det bara halvf\u00e4rdigt, utan jag ska verligen f\u00f6rs\u00f6ka ge mitt b\u00e4sta.<br \/>\nSom tex det h\u00e4r med gymmet. \u00c4n har jag inte kommit iv\u00e4g dit, och nu \u00e4r det en m\u00e5nad sen sist. Usch och fy p\u00e5 mig! Idag blir det inget eftersom jag jobbar sent, men imorgon efter jobbet blir det en timme, banne mig! Och p\u00e5 onsdag, och p\u00e5 torsdag. Sen vilar jag \u00f6ver helgen, och s\u00e5 k\u00f6r jag igen. Tre dagar i veckan, varje vecka, hela \u00e5ret. Med undantag f\u00f6r om jag \u00e4r sjuk eller p\u00e5 semester p\u00e5 annan ort d\u00e4r mitt gym inte finns.<br \/>\n(Ny tabell f\u00f6r 2013 finns under fliken VIKTigt.)<\/p>\n<p>Hemma ska det bli lite b\u00e4ttre ocks\u00e5. Det ska lagas fler matl\u00e5dor och jag ska g\u00f6ra mer hemma ist\u00e4llet f\u00f6r att bara vara. Alla de d\u00e4r projekten jag lagt \u00e5t sidan ska jag ta tag i det h\u00e4r \u00e5ret. Vi har ju tex nyckelsk\u00e5pet jag ska m\u00e5la, fotov\u00e4ggen, soffbordet och k\u00f6ksstolarna. Vad som ska h\u00e4nda f\u00e5r ni se n\u00e4r jag kommer dit.<\/p>\n<p>S\u00e5 har vi ju det d\u00e4r med bostadsletandet. Mer engagemang kommer det att bli nu, f\u00f6r jag orkar verkligen inte pendla l\u00e4ngre. Nu har jag gjort det i tio \u00e5r, och ton\u00e5ringarna \u00e4r s\u00e5 stora att de kan pendla utan problem nu. De f\u00e5r v\u00e4l l\u00e4ra sig att sova, \u00e4ta frukost eller g\u00f6ra l\u00e4xor p\u00e5 t\u00e5get, precis som jag.<\/p>\n<p>Och framf\u00f6rallt ska jag njuta i \u00e5r. Jag ska ta mig tid att vara glad f\u00f6r det jag har och f\u00f6r det jag f\u00e5r. Jag ska ta till mig av det som finns omkring mig, jag ska utforska och uppt\u00e4cka. Jag ska g\u00e5 p\u00e5 konserter, teater, opera och festivaler. Jag ska tillbringa tid med de jag \u00e4lskar och g\u00f6ra tiden v\u00e4rd att minnas.<\/p>\n<p>Gott nytt \u00e5r!<\/p>\n","protected":false},"excerpt":{"rendered":"<p>Hej 2013. \u00c4n s\u00e5 l\u00e4nge har du inte bjudit p\u00e5 n\u00e5gra spektakul\u00e4ra eller minnesv\u00e4rda h\u00e4ndelser, om man inte r\u00e4knar med ink\u00f6pet av tv\u00e4ttmaskinen, f\u00f6rst\u00e5s. Samma tv\u00e4ttmaskin som envisas med att studsa runt i badrummet n\u00e4r den centrifugerar. S\u00e5 den st\u00e5r oanv\u00e4nd tills n\u00e5gon nisse har kollat p\u00e5 den. Men jag\u00a0har\u00a0i alla fall en tv\u00e4ttmaskin. Nu&#8230;<\/p>\n","protected":false},"author":1,"featured_media":0,"comment_status":"open","ping_status":"open","sticky":false,"template":"","format":"standard","meta":{"jetpack_post_was_ever_published":false,"_jetpack_newsletter_access":"","_jetpack_dont_email_post_to_subs":false,"_jetpack_newsletter_tier_id":0,"_jetpack_memberships_contains_paywalled_content":false,"_jetpack_memberships_contains_paid_content":false,"footnotes":"","jetpack_publicize_message":"","jetpack_publicize_feature_enabled":true,"jetpack_social_post_already_shared":false,"jetpack_social_options":{"image_generator_settings":{"template":"highway","default_image_id":0,"font":"","enabled":false},"version":2}},"categories":[47],"tags":[241,242],"class_list":["post-2888","post","type-post","status-publish","format-standard","hentry","category-vardagsliv","tag-241","tag-loften"],"jetpack_publicize_connections":[],"jetpack_featured_media_url":"","jetpack_shortlink":"https:\/\/wp.me\/p3qko4-KA","jetpack_sharing_enabled":true,"jetpack_likes_enabled":true,"jetpack-related-posts":[{"id":3230,"url":"https:\/\/blogg.fumei.se\/?p=3230","url_meta":{"origin":2888,"position":0},"title":"F\u00e4\u00e4\u00e4rdig!","author":"M :)","date":"2014-03-01","format":false,"excerpt":"En knapp m\u00e5nad tog det. 26 dagar d\u00e5 vi fick tv\u00e4tta h\u00e4nderna i k\u00f6ket och springa upp och ner i trapphuset varje g\u00e5ng vi beh\u00f6vde pinka eller g\u00f6ra annat. 26 dagar med damm och smuts fr\u00e5n murbruk och puts, rost och annan skit \u00f6ver hela hallen och en bit in\u2026","rel":"","context":"I \u201dHemmet\u201d","block_context":{"text":"Hemmet","link":"https:\/\/blogg.fumei.se\/?cat=31"},"img":{"alt_text":"2014-03-01 09.54.32","src":"https:\/\/i0.wp.com\/blogg.fumei.se\/wp-content\/uploads\/2014\/03\/2014-03-01-09.54.32.jpg?resize=350%2C200","width":350,"height":200,"srcset":"https:\/\/i0.wp.com\/blogg.fumei.se\/wp-content\/uploads\/2014\/03\/2014-03-01-09.54.32.jpg?resize=350%2C200 1x, https:\/\/i0.wp.com\/blogg.fumei.se\/wp-content\/uploads\/2014\/03\/2014-03-01-09.54.32.jpg?resize=525%2C300 1.5x"},"classes":[]},{"id":3439,"url":"https:\/\/blogg.fumei.se\/?p=3439","url_meta":{"origin":2888,"position":1},"title":"Buzzning: Vanish","author":"M :)","date":"2014-12-14","format":false,"excerpt":"All skit f\u00f6rsvinner! sa Suzanne Reuter i en Lorry-sketch en g\u00e5ng i tiden. Detsamma h\u00e4vdar reklamen att det ska ske om man bara b\u00f6rjar anv\u00e4nda vanish p\u00e5 alla fl\u00e4ckar och missf\u00e4rgningar man f\u00e5r p\u00e5 kl\u00e4der och andra textilier. Som Buzzador fick jag chansen att testa om det verkligen \u00e4r s\u00e5.\u2026","rel":"","context":"I \u201dVardagsliv\u201d","block_context":{"text":"Vardagsliv","link":"https:\/\/blogg.fumei.se\/?cat=47"},"img":{"alt_text":"20141205_120135","src":"https:\/\/i0.wp.com\/blogg.fumei.se\/wp-content\/uploads\/2014\/12\/20141205_120135-300x277.jpg?resize=350%2C200","width":350,"height":200},"classes":[]},{"id":1244,"url":"https:\/\/blogg.fumei.se\/?p=1244","url_meta":{"origin":2888,"position":2},"title":"Nytt","author":"M :)","date":"2010-01-01","format":false,"excerpt":"Nytt \u00e5r! God forts\u00e4ttning, alla som l\u00e4ser den h\u00e4r bloggen!Ny sn\u00f6 (heter det nysn\u00f6 fast det sn\u00f6at i flera dagar?), ny almanacka, nya tag. S\u00e5 h\u00e4r den f\u00f6rsta dagen p\u00e5 det nya \u00e5ret kan man hoppas och \u00f6nska att det h\u00e4r \u00e5ret ska bli b\u00e4ttre \u00e4n det f\u00f6rra (\u00e4ven om\u2026","rel":"","context":"I \u201dVardagsliv\u201d","block_context":{"text":"Vardagsliv","link":"https:\/\/blogg.fumei.se\/?cat=47"},"img":{"alt_text":"","src":"","width":0,"height":0},"classes":[]},{"id":215,"url":"https:\/\/blogg.fumei.se\/?p=215","url_meta":{"origin":2888,"position":3},"title":"Senaste nytt","author":"EmEff","date":"2010-06-15","format":false,"excerpt":"F\u00f6rra g\u00e5ngen jag pratade med handl\u00e4ggaren p\u00e5 MV sa han ju att jag skulle \u00e5terkomma om en m\u00e5nad och d\u00e5 skulle han kunna ha ett n\u00e4rmare besked \u00e5t mig. Efter att ha f\u00f6rs\u00f6kt komma \u00e5t en telefon under sj\u00e4lva telefontiden (en timme mellan 8.30 och 9.30)\u00a0och, de g\u00e5nger jag lyckats\u2026","rel":"","context":"I \u201dVardagsliv\u201d","block_context":{"text":"Vardagsliv","link":"https:\/\/blogg.fumei.se\/?cat=47"},"img":{"alt_text":"","src":"","width":0,"height":0},"classes":[]},{"id":2270,"url":"https:\/\/blogg.fumei.se\/?p=2270","url_meta":{"origin":2888,"position":4},"title":"En tripp till farbror djurdoktorn","author":"M :)","date":"2012-04-10","format":false,"excerpt":"I brist p\u00e5 roligare och mer intressanta h\u00e4ndelser i mitt liv, kommer h\u00e4r ett inl\u00e4gg om att vi idag varit till veterin\u00e4ren med Stella. V\u00e5r lilla hund \u00e4r sjukt r\u00e4dd f\u00f6r att klippa klorna, s\u00e5 vi brukar \u00e5ka till vettis och g\u00f6ra det i samband med att han kollar t\u00e4nder\u2026","rel":"","context":"I \u201dVardagsliv\u201d","block_context":{"text":"Vardagsliv","link":"https:\/\/blogg.fumei.se\/?cat=47"},"img":{"alt_text":"","src":"https:\/\/i0.wp.com\/blogg.fumei.se\/wp-content\/uploads\/2012\/04\/2012-04-10-16.48.57.jpg?resize=350%2C200","width":350,"height":200},"classes":[]},{"id":142,"url":"https:\/\/blogg.fumei.se\/?p=142","url_meta":{"origin":2888,"position":5},"title":"Nystart","author":"M :)","date":"2011-01-01","format":false,"excerpt":"Solen skiner, himlen \u00e4r (n\u00e4stan) klarbl\u00e5 och jag \u00e4r ledig i tv\u00e5 dagar till. Kan det bli en b\u00e4ttre start p\u00e5 det nya \u00e5ret?Tja, det \u00e4r ju i alla fall en b\u00e4ttre start p\u00e5 f\u00f6rsta dagen p\u00e5 det nya \u00e5ret \u00e4n sj\u00e4lva b\u00f6rjan p\u00e5 \u00e5ret blev. Tolvslaget tillbringade vi n\u00e4mligen\u2026","rel":"","context":"I \u201dVardagsliv\u201d","block_context":{"text":"Vardagsliv","link":"https:\/\/blogg.fumei.se\/?cat=47"},"img":{"alt_text":"","src":"","width":0,"height":0},"classes":[]}],"_links":{"self":[{"href":"https:\/\/blogg.fumei.se\/index.php?rest_route=\/wp\/v2\/posts\/2888","targetHints":{"allow":["GET"]}}],"collection":[{"href":"https:\/\/blogg.fumei.se\/index.php?rest_route=\/wp\/v2\/posts"}],"about":[{"href":"https:\/\/blogg.fumei.se\/index.php?rest_route=\/wp\/v2\/types\/post"}],"author":[{"embeddable":true,"href":"https:\/\/blogg.fumei.se\/index.php?rest_route=\/wp\/v2\/users\/1"}],"replies":[{"embeddable":true,"href":"https:\/\/blogg.fumei.se\/index.php?rest_route=%2Fwp%2Fv2%2Fcomments&post=2888"}],"version-history":[{"count":1,"href":"https:\/\/blogg.fumei.se\/index.php?rest_route=\/wp\/v2\/posts\/2888\/revisions"}],"predecessor-version":[{"id":2889,"href":"https:\/\/blogg.fumei.se\/index.php?rest_route=\/wp\/v2\/posts\/2888\/revisions\/2889"}],"wp:attachment":[{"href":"https:\/\/blogg.fumei.se\/index.php?rest_route=%2Fwp%2Fv2%2Fmedia&parent=2888"}],"wp:term":[{"taxonomy":"category","embeddable":true,"href":"https:\/\/blogg.fumei.se\/index.php?rest_route=%2Fwp%2Fv2%2Fcategories&post=2888"},{"taxonomy":"post_tag","embeddable":true,"href":"https:\/\/blogg.fumei.se\/index.php?rest_route=%2Fwp%2Fv2%2Ftags&post=2888"}],"curies":[{"name":"wp","href":"https:\/\/api.w.org\/{rel}","templated":true}]}}