{"id":2893,"date":"2013-01-09T20:56:46","date_gmt":"2013-01-09T19:56:46","guid":{"rendered":"http:\/\/blogg.fumei.se\/?p=2893"},"modified":"2013-01-09T21:56:12","modified_gmt":"2013-01-09T20:56:12","slug":"kalasdax-2","status":"publish","type":"post","link":"https:\/\/blogg.fumei.se\/?p=2893","title":{"rendered":"Kalasdax"},"content":{"rendered":"<p style=\"text-align: center;\">F\u00f6r idag fyller v\u00e4rldens b\u00e4sta Lovisa \u00e5r!!<\/p>\n<h1 style=\"text-align: center;\"><span style=\"color: #800000;\">GRATTIS<\/span><\/h1>\n<p style=\"text-align: center;\">\u00f6nskar <del>moster <\/del><em>faster<\/em>, Fia, Robin och Jorge!<\/p>\n<p style=\"text-align: center;\"><a href=\"https:\/\/blogg.fumei.se\/?attachment_id=2894\" rel=\"attachment wp-att-2894\"><img data-recalc-dims=\"1\" loading=\"lazy\" decoding=\"async\" data-attachment-id=\"2894\" data-permalink=\"https:\/\/blogg.fumei.se\/?attachment_id=2894\" data-orig-file=\"https:\/\/i0.wp.com\/blogg.fumei.se\/wp-content\/uploads\/2013\/01\/Lovisa5-emeff2013.png?fit=561%2C541&amp;ssl=1\" data-orig-size=\"561,541\" data-comments-opened=\"1\" data-image-meta=\"{&quot;aperture&quot;:&quot;0&quot;,&quot;credit&quot;:&quot;&quot;,&quot;camera&quot;:&quot;&quot;,&quot;caption&quot;:&quot;&quot;,&quot;created_timestamp&quot;:&quot;0&quot;,&quot;copyright&quot;:&quot;&quot;,&quot;focal_length&quot;:&quot;0&quot;,&quot;iso&quot;:&quot;0&quot;,&quot;shutter_speed&quot;:&quot;0&quot;,&quot;title&quot;:&quot;&quot;}\" data-image-title=\"Lovisa5-emeff2013\" data-image-description=\"\" data-image-caption=\"\" data-large-file=\"https:\/\/i0.wp.com\/blogg.fumei.se\/wp-content\/uploads\/2013\/01\/Lovisa5-emeff2013.png?fit=561%2C541&amp;ssl=1\" class=\"aligncenter size-full wp-image-2894\" alt=\"Lovisa5-emeff2013\" src=\"https:\/\/i0.wp.com\/blogg.fumei.se\/wp-content\/uploads\/2013\/01\/Lovisa5-emeff2013.png?resize=561%2C541&#038;ssl=1\" width=\"561\" height=\"541\" srcset=\"https:\/\/i0.wp.com\/blogg.fumei.se\/wp-content\/uploads\/2013\/01\/Lovisa5-emeff2013.png?w=561&amp;ssl=1 561w, https:\/\/i0.wp.com\/blogg.fumei.se\/wp-content\/uploads\/2013\/01\/Lovisa5-emeff2013.png?resize=300%2C289&amp;ssl=1 300w\" sizes=\"auto, (max-width: 561px) 100vw, 561px\" \/><\/a><\/p>\n","protected":false},"excerpt":{"rendered":"<p>F\u00f6r idag fyller v\u00e4rldens b\u00e4sta Lovisa \u00e5r!! GRATTIS \u00f6nskar moster faster, Fia, Robin och Jorge!<\/p>\n","protected":false},"author":1,"featured_media":0,"comment_status":"open","ping_status":"open","sticky":false,"template":"","format":"standard","meta":{"jetpack_post_was_ever_published":false,"_jetpack_newsletter_access":"","_jetpack_dont_email_post_to_subs":false,"_jetpack_newsletter_tier_id":0,"_jetpack_memberships_contains_paywalled_content":false,"_jetpack_memberships_contains_paid_content":false,"footnotes":"","jetpack_publicize_message":"","jetpack_publicize_feature_enabled":true,"jetpack_social_post_already_shared":false,"jetpack_social_options":{"image_generator_settings":{"template":"highway","default_image_id":0,"font":"","enabled":false},"version":2}},"categories":[47],"tags":[106,137],"class_list":["post-2893","post","type-post","status-publish","format-standard","hentry","category-vardagsliv","tag-fodelsedag","tag-lovisa"],"jetpack_publicize_connections":[],"jetpack_featured_media_url":"","jetpack_shortlink":"https:\/\/wp.me\/p3qko4-KF","jetpack_sharing_enabled":true,"jetpack_likes_enabled":true,"jetpack-related-posts":[{"id":2034,"url":"https:\/\/blogg.fumei.se\/?p=2034","url_meta":{"origin":2893,"position":0},"title":"Hipp hipp hurra!! (b\u00e4ttre sent \u00e4n aldrig&#8230;)","author":"M :)","date":"2012-01-09","format":false,"excerpt":"Idag fyller prinsessan Lovisa 4 \u00e5r! GRATTIS \u00f6nskar faster, Fia, Robin och Jorge. Och Stella.","rel":"","context":"I \u201dVardagsliv\u201d","block_context":{"text":"Vardagsliv","link":"https:\/\/blogg.fumei.se\/?cat=47"},"img":{"alt_text":"","src":"https:\/\/i0.wp.com\/blogg.fumei.se\/wp-content\/uploads\/2012\/01\/PrinsessanLovisa4-emeff2012-300x300.png?resize=350%2C200","width":350,"height":200},"classes":[]},{"id":3451,"url":"https:\/\/blogg.fumei.se\/?p=3451","url_meta":{"origin":2893,"position":1},"title":"Stora tjejen!","author":"M :)","date":"2015-01-09","format":false,"excerpt":"Idag hurrar vi f\u00f6r Lovisa som fyller 7 \u00e5r! GRATTIS! \u00f6nskar faster, farmor, farfar,\u00a0Robin, Fia, Linus och Juliah","rel":"","context":"I \u201dVardagsliv\u201d","block_context":{"text":"Vardagsliv","link":"https:\/\/blogg.fumei.se\/?cat=47"},"img":{"alt_text":"lovisa7-emeff2015","src":"https:\/\/i0.wp.com\/blogg.fumei.se\/wp-content\/uploads\/2015\/01\/lovisa7-emeff2015.jpg?resize=350%2C200","width":350,"height":200,"srcset":"https:\/\/i0.wp.com\/blogg.fumei.se\/wp-content\/uploads\/2015\/01\/lovisa7-emeff2015.jpg?resize=350%2C200 1x, https:\/\/i0.wp.com\/blogg.fumei.se\/wp-content\/uploads\/2015\/01\/lovisa7-emeff2015.jpg?resize=525%2C300 1.5x"},"classes":[]},{"id":4537,"url":"https:\/\/blogg.fumei.se\/?p=4537","url_meta":{"origin":2893,"position":2},"title":"Grattis Tyra!","author":"M :)","date":"2018-05-23","format":false,"excerpt":"Idag fyller yngsta systerdottern 11 \u00e5r. GRATTIS \u00d6nskar moster & Robin Fia, Linus & Juliah mormor Lis Roberto & Isabella Silvio, Lovisa & Victor","rel":"","context":"I \u201dFamiljen\u201d","block_context":{"text":"Familjen","link":"https:\/\/blogg.fumei.se\/?cat=34"},"img":{"alt_text":"","src":"https:\/\/i0.wp.com\/blogg.fumei.se\/wp-content\/uploads\/2018\/05\/4232018192716.jpg?resize=350%2C200","width":350,"height":200,"srcset":"https:\/\/i0.wp.com\/blogg.fumei.se\/wp-content\/uploads\/2018\/05\/4232018192716.jpg?resize=350%2C200 1x, https:\/\/i0.wp.com\/blogg.fumei.se\/wp-content\/uploads\/2018\/05\/4232018192716.jpg?resize=525%2C300 1.5x, https:\/\/i0.wp.com\/blogg.fumei.se\/wp-content\/uploads\/2018\/05\/4232018192716.jpg?resize=700%2C400 2x"},"classes":[]},{"id":4308,"url":"https:\/\/blogg.fumei.se\/?p=4308","url_meta":{"origin":2893,"position":3},"title":"Frida firar f\u00f6delsedag!","author":"M :)","date":"2017-08-23","format":false,"excerpt":"Idag fyller \u00e4ldsta systerdottern 15 \u00e5r! GRATTIS! \u00f6nskar moster Robin Fia, Linus & Juliah mormor Lis Berto & Isabella Silvio, Lovisa & Victor \u00a0 \u00a0","rel":"","context":"I \u201dVardagsliv\u201d","block_context":{"text":"Vardagsliv","link":"https:\/\/blogg.fumei.se\/?cat=47"},"img":{"alt_text":"","src":"https:\/\/i0.wp.com\/blogg.fumei.se\/wp-content\/uploads\/2017\/08\/Frida15-emeff2017.png?resize=350%2C200","width":350,"height":200,"srcset":"https:\/\/i0.wp.com\/blogg.fumei.se\/wp-content\/uploads\/2017\/08\/Frida15-emeff2017.png?resize=350%2C200 1x, https:\/\/i0.wp.com\/blogg.fumei.se\/wp-content\/uploads\/2017\/08\/Frida15-emeff2017.png?resize=525%2C300 1.5x"},"classes":[]},{"id":4507,"url":"https:\/\/blogg.fumei.se\/?p=4507","url_meta":{"origin":2893,"position":4},"title":"Grattis Bella!","author":"M :)","date":"2018-03-13","format":false,"excerpt":"Idag fyller \u00e4ldsta brorsdottern myndig. Vi hurrar och gratulerar f\u00f6r dig idag! GRATTIS \u00f6nskar pappa farmor faster Fia, Linus, Juliah Robin Silvio Lovisa & Victor Ilse & Magnus Frida & Tyra","rel":"","context":"I \u201dFamiljen\u201d","block_context":{"text":"Familjen","link":"https:\/\/blogg.fumei.se\/?cat=34"},"img":{"alt_text":"","src":"https:\/\/i0.wp.com\/blogg.fumei.se\/wp-content\/uploads\/2018\/03\/Bella18-emeff2018.png?resize=350%2C200","width":350,"height":200,"srcset":"https:\/\/i0.wp.com\/blogg.fumei.se\/wp-content\/uploads\/2018\/03\/Bella18-emeff2018.png?resize=350%2C200 1x, https:\/\/i0.wp.com\/blogg.fumei.se\/wp-content\/uploads\/2018\/03\/Bella18-emeff2018.png?resize=525%2C300 1.5x"},"classes":[]},{"id":4569,"url":"https:\/\/blogg.fumei.se\/?p=4569","url_meta":{"origin":2893,"position":5},"title":"Fira Frida","author":"M :)","date":"2018-08-23","format":false,"excerpt":"F\u00f6delsedag i familjen Andersson, den h\u00e4r g\u00e5ngen \u00e4r det Frida som fyller \u00e5r! Det \u00e4r n\u00e5gra \u00e5r sen hon st\u00e4llde upp p\u00e5 bilder som de h\u00e4r :) GRATTIS! \u00f6nskar moster Robin Fia, Linus &Juliah mormor Lis Roberto & Isabella Silvio, Lovisa & Victor","rel":"","context":"I \u201dFamiljen\u201d","block_context":{"text":"Familjen","link":"https:\/\/blogg.fumei.se\/?cat=34"},"img":{"alt_text":"","src":"https:\/\/i0.wp.com\/blogg.fumei.se\/wp-content\/uploads\/2018\/08\/Frida16-emeff2018.png?resize=350%2C200","width":350,"height":200,"srcset":"https:\/\/i0.wp.com\/blogg.fumei.se\/wp-content\/uploads\/2018\/08\/Frida16-emeff2018.png?resize=350%2C200 1x, https:\/\/i0.wp.com\/blogg.fumei.se\/wp-content\/uploads\/2018\/08\/Frida16-emeff2018.png?resize=525%2C300 1.5x"},"classes":[]}],"_links":{"self":[{"href":"https:\/\/blogg.fumei.se\/index.php?rest_route=\/wp\/v2\/posts\/2893","targetHints":{"allow":["GET"]}}],"collection":[{"href":"https:\/\/blogg.fumei.se\/index.php?rest_route=\/wp\/v2\/posts"}],"about":[{"href":"https:\/\/blogg.fumei.se\/index.php?rest_route=\/wp\/v2\/types\/post"}],"author":[{"embeddable":true,"href":"https:\/\/blogg.fumei.se\/index.php?rest_route=\/wp\/v2\/users\/1"}],"replies":[{"embeddable":true,"href":"https:\/\/blogg.fumei.se\/index.php?rest_route=%2Fwp%2Fv2%2Fcomments&post=2893"}],"version-history":[{"count":4,"href":"https:\/\/blogg.fumei.se\/index.php?rest_route=\/wp\/v2\/posts\/2893\/revisions"}],"predecessor-version":[{"id":2899,"href":"https:\/\/blogg.fumei.se\/index.php?rest_route=\/wp\/v2\/posts\/2893\/revisions\/2899"}],"wp:attachment":[{"href":"https:\/\/blogg.fumei.se\/index.php?rest_route=%2Fwp%2Fv2%2Fmedia&parent=2893"}],"wp:term":[{"taxonomy":"category","embeddable":true,"href":"https:\/\/blogg.fumei.se\/index.php?rest_route=%2Fwp%2Fv2%2Fcategories&post=2893"},{"taxonomy":"post_tag","embeddable":true,"href":"https:\/\/blogg.fumei.se\/index.php?rest_route=%2Fwp%2Fv2%2Ftags&post=2893"}],"curies":[{"name":"wp","href":"https:\/\/api.w.org\/{rel}","templated":true}]}}