{"id":2901,"date":"2013-01-14T20:11:06","date_gmt":"2013-01-14T19:11:06","guid":{"rendered":"http:\/\/blogg.fumei.se\/?p=2901"},"modified":"2013-01-14T20:11:49","modified_gmt":"2013-01-14T19:11:49","slug":"lagom-lat-helg","status":"publish","type":"post","link":"https:\/\/blogg.fumei.se\/?p=2901","title":{"rendered":"Lagom lat helg"},"content":{"rendered":"<p>Det har blivit lite f\u00f6r mycket jobb och lite f\u00f6r lite vila de senaste m\u00e5naderna, och det har kommit ikapp mig nu, s\u00e5 f\u00f6rra veckan var det mycket mindre roligt \u00e4n vanligt att kliva upp klockan tjugo \u00f6ver fyra p\u00e5 morgonen. I torsdags var jag dessutom s\u00e5 tr\u00f6tt att jag m\u00e5dde illa och hade en huvudv\u00e4rk som gjorde att skallen k\u00e4ndes som en gigantisk tv\u00e4ttsvamp. Mina arbetskamrater fr\u00e5gade tom om jag ville g\u00e5 och l\u00e4gga mig en stund, men jag sa att det var nog b\u00e4st att jag h\u00f6ll ig\u00e5ng ist\u00e4llet, f\u00f6r hade jag lagt mig hade de inte f\u00e5tt liv i mig igen!<\/p>\n<p>N\u00e4r jag kom hem p\u00e5pekade Fia samma sak, s\u00e5 efter middag och h\u00f6gstn\u00f6dv\u00e4ndig undanst\u00e4dning av disk och s\u00e5nt intog jag s\u00e4ngen. Vaknade som vanligt sis\u00e5d\u00e4r en g\u00e5ng i timmen, men efter att Fia och Robin g\u00e5tt till skolan p\u00e5 fredag morgon somnade jag om och vaknade inte f\u00f6rr\u00e4n halv elva. Sen drog jag runt h\u00e4r hemma i pyjamas hela dagen, spelade spel p\u00e5 datorn, sl\u00f6surfade, l\u00e4ste bok, s\u00e5g filmer, lagade middag (enda vettiga jag gjorde p\u00e5 hela dagen f\u00f6rutom att borsta t\u00e4nderna) och sen lade jag mig igen vid elva p\u00e5 kv\u00e4llen.<\/p>\n<p>P\u00e5 l\u00f6rdagen k\u00e4nde jag mig lite piggare, och \u00e5kte iv\u00e4g till G\u00f6teborg f\u00f6r att tr\u00e4ffa J.<br \/>\nVi gick till Holmens marknad d\u00e4r jag fyndade billiga gardiner till vardagsrummet, vi bytte ut f\u00f6r sm\u00e5 byxor mot ett par som passade p\u00e5 H&amp;M, vi k\u00f6pte en skjorta till J, vi fikade p\u00e5 mysiga Caf\u00e8 Brul\u00e8, vi var p\u00e5 bio och s\u00e5g Ber\u00e4ttelsen om Pi och vi hade en allm\u00e4nt bra dag.<br \/>\nSen \u00e5kte vi till Backa och skulle fixa lite att \u00e4ta, men blev bjudna p\u00e5 vietnamesisk mat, vin och whisky. Eller ja, vinet och whiskyn var inte vietnamesiska men vi blev bjudna. S\u00e5 satt vi i k\u00f6ket d\u00e4r och pratade och skrattade och hade allm\u00e4nt trevligt resten av kv\u00e4llen, och sen rullade vi i s\u00e4ng och somnade gott efter n\u00e5gra glas.<\/p>\n<p>S\u00f6ndagsmorgonen kom lite f\u00f6r fort, men jag \u00e5tg\u00e4rdade det genom att sova en stund p\u00e5 t\u00e5get hem. J \u00e5kte till Skat\u00e5s f\u00f6r att tr\u00e4ffa ett g\u00e4ng frisbeespelare (han spelade Ultimate frisbee hemma i CR och har saknat det) och jag skulle egentligen ha tr\u00e4nat men m\u00e5dde fortfarande inte okej i kroppen, s\u00e5 jag hoppade \u00f6ver det.<\/p>\n<p>Hemma blev det mat och filmtittande, och sen tidigt i s\u00e4ng, eftersom jag skulle upp igen tjugo \u00f6ver fyra i morse. Fler s\u00e5na h\u00e4r helger, s\u00e5 har jag snart repat mig och kan jobba halvt ihj\u00e4l mig igen! \ud83d\ude09<\/p>\n","protected":false},"excerpt":{"rendered":"<p>Det har blivit lite f\u00f6r mycket jobb och lite f\u00f6r lite vila de senaste m\u00e5naderna, och det har kommit ikapp mig nu, s\u00e5 f\u00f6rra veckan var det mycket mindre roligt \u00e4n vanligt att kliva upp klockan tjugo \u00f6ver fyra p\u00e5 morgonen. I torsdags var jag dessutom s\u00e5 tr\u00f6tt att jag m\u00e5dde illa och hade en&#8230;<\/p>\n","protected":false},"author":1,"featured_media":0,"comment_status":"open","ping_status":"open","sticky":false,"template":"","format":"standard","meta":{"jetpack_post_was_ever_published":false,"_jetpack_newsletter_access":"","_jetpack_dont_email_post_to_subs":false,"_jetpack_newsletter_tier_id":0,"_jetpack_memberships_contains_paywalled_content":false,"_jetpack_memberships_contains_paid_content":false,"footnotes":"","jetpack_publicize_message":"","jetpack_publicize_feature_enabled":true,"jetpack_social_post_already_shared":false,"jetpack_social_options":{"image_generator_settings":{"template":"highway","default_image_id":0,"font":"","enabled":false},"version":2}},"categories":[47],"tags":[243,78,143],"class_list":["post-2901","post","type-post","status-publish","format-standard","hentry","category-vardagsliv","tag-jorge","tag-ledig","tag-trott"],"jetpack_publicize_connections":[],"jetpack_featured_media_url":"","jetpack_shortlink":"https:\/\/wp.me\/p3qko4-KN","jetpack_sharing_enabled":true,"jetpack_likes_enabled":true,"jetpack-related-posts":[{"id":926,"url":"https:\/\/blogg.fumei.se\/?p=926","url_meta":{"origin":2901,"position":0},"title":"Energizer bunny","author":"M :)","date":"2009-05-28","format":false,"excerpt":"skulle jag beh\u00f6vt vara de senaste 2 dygnen. Jag b\u00f6rjade med att \u00e5ka till jobbet som vanligt p\u00e5 Onsdag morgon. D\u00e4r blev jag strax tillfr\u00e5gad om jag kunde t\u00e4nka mig att jobba \u00e4ven nattpasset. Som vanligt fick den d\u00e5liga ekonomin best\u00e4mma, s\u00e5 jag sa ja. Det innebar att jag skulle\u2026","rel":"","context":"I \u201dVardagsliv\u201d","block_context":{"text":"Vardagsliv","link":"https:\/\/blogg.fumei.se\/?cat=47"},"img":{"alt_text":"","src":"","width":0,"height":0},"classes":[]},{"id":294,"url":"https:\/\/blogg.fumei.se\/?p=294","url_meta":{"origin":2901,"position":1},"title":"Bleurgh","author":"M :)","date":"2010-02-19","format":false,"excerpt":"Har varit sjuk. Inte s\u00e5 mycket, men tillr\u00e4ckligt f\u00f6r att g\u00e5 hem tidigare och stanna hemma en dag. Det b\u00f6rjade med att jag hade lite huvudv\u00e4rk ig\u00e5r morse, men jag avf\u00e4rdade det med att jag var tr\u00f6tt. Klockan var ju trots allt bara 4.45 p\u00e5 morgonen. Kom till jobbet, tog\u2026","rel":"","context":"I \u201dVardagsliv\u201d","block_context":{"text":"Vardagsliv","link":"https:\/\/blogg.fumei.se\/?cat=47"},"img":{"alt_text":"","src":"","width":0,"height":0},"classes":[]},{"id":169,"url":"https:\/\/blogg.fumei.se\/?p=169","url_meta":{"origin":2901,"position":2},"title":"Familjeutflykt","author":"M :)","date":"2010-11-03","format":false,"excerpt":"I m\u00e5ndags efter jobbet blev jag h\u00e4mtad av sambo och ton\u00e5ringar, och sedan for vi mot de sm\u00e5l\u00e4ndska skogarna (n\u00e5ja...) f\u00f6r att h\u00e4lsa p\u00e5 Silvio, Emma, Lovisa och Victor en snabbis. det var ingen rolig v\u00e4g, och det blev ju inte b\u00e4ttre av att det snart blev m\u00f6rka kv\u00e4llen, heller.\u2026","rel":"","context":"I \u201dVardagsliv\u201d","block_context":{"text":"Vardagsliv","link":"https:\/\/blogg.fumei.se\/?cat=47"},"img":{"alt_text":"","src":"","width":0,"height":0},"classes":[]},{"id":1027,"url":"https:\/\/blogg.fumei.se\/?p=1027","url_meta":{"origin":2901,"position":3},"title":"Sista rycket","author":"M :)","date":"2009-07-12","format":false,"excerpt":"Nu \u00e4r det bara n\u00e5gra timmar kvar av min semester. Imorgon bitti blir det till att g\u00e5 upp halv 5 och sn\u00e4llt fara iv\u00e4g till jobbet igen. Fast det ska bli kul \u00e4nd\u00e5. Jag har ju haft en ganska bra semester, med underbart v\u00e4der n\u00e4stan hela tiden, och jag har\u2026","rel":"","context":"I \u201dVardagsliv\u201d","block_context":{"text":"Vardagsliv","link":"https:\/\/blogg.fumei.se\/?cat=47"},"img":{"alt_text":"","src":"","width":0,"height":0},"classes":[]},{"id":267,"url":"https:\/\/blogg.fumei.se\/?p=267","url_meta":{"origin":2901,"position":4},"title":"\u00c4nnu en vecka \u00e4r till \u00e4nda&#8230;","author":"EmEff","date":"2010-03-21","format":false,"excerpt":"Nu har det g\u00e5tt 11 veckor av det h\u00e4r \u00e5ret. Det k\u00e4nns som det nyss var julafton, och snart \u00e4r det p\u00e5sk! Ibland undrar jag vart tiden tar v\u00e4gen, f\u00f6r det k\u00e4nns som om den bara rusar ifr\u00e5n mig. Jag hinner inte med det jag vill g\u00f6ra...Idag har jag dock\u2026","rel":"","context":"I \u201dVardagsliv\u201d","block_context":{"text":"Vardagsliv","link":"https:\/\/blogg.fumei.se\/?cat=47"},"img":{"alt_text":"","src":"","width":0,"height":0},"classes":[]},{"id":260,"url":"https:\/\/blogg.fumei.se\/?p=260","url_meta":{"origin":2901,"position":5},"title":"Det var v\u00e4ldigt vad det g\u00e5r undan!","author":"EmEff","date":"2010-03-28","format":false,"excerpt":"Nu har det g\u00e5tt en vecka till och jag har knappt hunnit med att fatta att det var ny vecka f\u00f6rr\u00e4n den var slut! Som vanligt...Har varit ledig i helgen i alla fall, och det var sk\u00f6nt. \u00c4ven om arbetsveckan inte var superanstr\u00e4ngande s\u00e5 \u00e4r det \u00e4nd\u00e5 sk\u00f6nt med en\u2026","rel":"","context":"I \u201dVardagsliv\u201d","block_context":{"text":"Vardagsliv","link":"https:\/\/blogg.fumei.se\/?cat=47"},"img":{"alt_text":"","src":"","width":0,"height":0},"classes":[]}],"_links":{"self":[{"href":"https:\/\/blogg.fumei.se\/index.php?rest_route=\/wp\/v2\/posts\/2901","targetHints":{"allow":["GET"]}}],"collection":[{"href":"https:\/\/blogg.fumei.se\/index.php?rest_route=\/wp\/v2\/posts"}],"about":[{"href":"https:\/\/blogg.fumei.se\/index.php?rest_route=\/wp\/v2\/types\/post"}],"author":[{"embeddable":true,"href":"https:\/\/blogg.fumei.se\/index.php?rest_route=\/wp\/v2\/users\/1"}],"replies":[{"embeddable":true,"href":"https:\/\/blogg.fumei.se\/index.php?rest_route=%2Fwp%2Fv2%2Fcomments&post=2901"}],"version-history":[{"count":2,"href":"https:\/\/blogg.fumei.se\/index.php?rest_route=\/wp\/v2\/posts\/2901\/revisions"}],"predecessor-version":[{"id":2903,"href":"https:\/\/blogg.fumei.se\/index.php?rest_route=\/wp\/v2\/posts\/2901\/revisions\/2903"}],"wp:attachment":[{"href":"https:\/\/blogg.fumei.se\/index.php?rest_route=%2Fwp%2Fv2%2Fmedia&parent=2901"}],"wp:term":[{"taxonomy":"category","embeddable":true,"href":"https:\/\/blogg.fumei.se\/index.php?rest_route=%2Fwp%2Fv2%2Fcategories&post=2901"},{"taxonomy":"post_tag","embeddable":true,"href":"https:\/\/blogg.fumei.se\/index.php?rest_route=%2Fwp%2Fv2%2Ftags&post=2901"}],"curies":[{"name":"wp","href":"https:\/\/api.w.org\/{rel}","templated":true}]}}