{"id":2908,"date":"2013-01-17T12:50:11","date_gmt":"2013-01-17T11:50:11","guid":{"rendered":"http:\/\/blogg.fumei.se\/?p=2908"},"modified":"2013-01-17T12:50:11","modified_gmt":"2013-01-17T11:50:11","slug":"vi-hurrar","status":"publish","type":"post","link":"https:\/\/blogg.fumei.se\/?p=2908","title":{"rendered":"Vi hurrar"},"content":{"rendered":"<p style=\"text-align: center;\"><span style=\"color: #339966;\">f\u00f6r Victor idag!<\/span><\/p>\n<p style=\"text-align: center;\"><span style=\"color: #339966;\">Stort <\/span><\/p>\n<h1 style=\"text-align: center;\"><span style=\"color: #339966;\">GRATTIS<\/span><\/h1>\n<p style=\"text-align: center;\"><span style=\"color: #339966;\">\u00f6nskar<\/span><\/p>\n<p style=\"text-align: center;\"><span style=\"color: #339966;\">faster, Fia, Robin och Jorge<\/span><\/p>\n<p style=\"text-align: center;\"><a href=\"https:\/\/blogg.fumei.se\/?attachment_id=2909\" rel=\"attachment wp-att-2909\"><img data-recalc-dims=\"1\" loading=\"lazy\" decoding=\"async\" data-attachment-id=\"2909\" data-permalink=\"https:\/\/blogg.fumei.se\/?attachment_id=2909\" data-orig-file=\"https:\/\/i0.wp.com\/blogg.fumei.se\/wp-content\/uploads\/2013\/01\/Victor4-emeff2013.png?fit=600%2C600&amp;ssl=1\" data-orig-size=\"600,600\" data-comments-opened=\"1\" data-image-meta=\"{&quot;aperture&quot;:&quot;0&quot;,&quot;credit&quot;:&quot;&quot;,&quot;camera&quot;:&quot;&quot;,&quot;caption&quot;:&quot;&quot;,&quot;created_timestamp&quot;:&quot;0&quot;,&quot;copyright&quot;:&quot;&quot;,&quot;focal_length&quot;:&quot;0&quot;,&quot;iso&quot;:&quot;0&quot;,&quot;shutter_speed&quot;:&quot;0&quot;,&quot;title&quot;:&quot;&quot;}\" data-image-title=\"Victor4-emeff2013\" data-image-description=\"\" data-image-caption=\"\" data-large-file=\"https:\/\/i0.wp.com\/blogg.fumei.se\/wp-content\/uploads\/2013\/01\/Victor4-emeff2013.png?fit=600%2C600&amp;ssl=1\" class=\"aligncenter size-full wp-image-2909\" alt=\"Victor4-emeff2013\" src=\"https:\/\/i0.wp.com\/blogg.fumei.se\/wp-content\/uploads\/2013\/01\/Victor4-emeff2013.png?resize=600%2C600&#038;ssl=1\" width=\"600\" height=\"600\" srcset=\"https:\/\/i0.wp.com\/blogg.fumei.se\/wp-content\/uploads\/2013\/01\/Victor4-emeff2013.png?w=600&amp;ssl=1 600w, https:\/\/i0.wp.com\/blogg.fumei.se\/wp-content\/uploads\/2013\/01\/Victor4-emeff2013.png?resize=180%2C180&amp;ssl=1 180w, https:\/\/i0.wp.com\/blogg.fumei.se\/wp-content\/uploads\/2013\/01\/Victor4-emeff2013.png?resize=300%2C300&amp;ssl=1 300w\" sizes=\"auto, (max-width: 600px) 100vw, 600px\" \/><\/a><\/p>\n","protected":false},"excerpt":{"rendered":"<p>f\u00f6r Victor idag! Stort GRATTIS \u00f6nskar faster, Fia, Robin och Jorge<\/p>\n","protected":false},"author":1,"featured_media":0,"comment_status":"open","ping_status":"open","sticky":false,"template":"","format":"standard","meta":{"jetpack_post_was_ever_published":false,"_jetpack_newsletter_access":"","_jetpack_dont_email_post_to_subs":false,"_jetpack_newsletter_tier_id":0,"_jetpack_memberships_contains_paywalled_content":false,"_jetpack_memberships_contains_paid_content":false,"footnotes":"","jetpack_publicize_message":"","jetpack_publicize_feature_enabled":true,"jetpack_social_post_already_shared":false,"jetpack_social_options":{"image_generator_settings":{"template":"highway","default_image_id":0,"font":"","enabled":false},"version":2}},"categories":[47],"tags":[220,106,138],"class_list":["post-2908","post","type-post","status-publish","format-standard","hentry","category-vardagsliv","tag-fira","tag-fodelsedag","tag-victor"],"jetpack_publicize_connections":[],"jetpack_featured_media_url":"","jetpack_shortlink":"https:\/\/wp.me\/p3qko4-KU","jetpack_sharing_enabled":true,"jetpack_likes_enabled":true,"jetpack-related-posts":[{"id":4507,"url":"https:\/\/blogg.fumei.se\/?p=4507","url_meta":{"origin":2908,"position":0},"title":"Grattis Bella!","author":"M :)","date":"2018-03-13","format":false,"excerpt":"Idag fyller \u00e4ldsta brorsdottern myndig. Vi hurrar och gratulerar f\u00f6r dig idag! GRATTIS \u00f6nskar pappa farmor faster Fia, Linus, Juliah Robin Silvio Lovisa & Victor Ilse & Magnus Frida & Tyra","rel":"","context":"I \u201dFamiljen\u201d","block_context":{"text":"Familjen","link":"https:\/\/blogg.fumei.se\/?cat=34"},"img":{"alt_text":"","src":"https:\/\/i0.wp.com\/blogg.fumei.se\/wp-content\/uploads\/2018\/03\/Bella18-emeff2018.png?resize=350%2C200","width":350,"height":200,"srcset":"https:\/\/i0.wp.com\/blogg.fumei.se\/wp-content\/uploads\/2018\/03\/Bella18-emeff2018.png?resize=350%2C200 1x, https:\/\/i0.wp.com\/blogg.fumei.se\/wp-content\/uploads\/2018\/03\/Bella18-emeff2018.png?resize=525%2C300 1.5x"},"classes":[]},{"id":3454,"url":"https:\/\/blogg.fumei.se\/?p=3454","url_meta":{"origin":2908,"position":1},"title":"Idag fyller vi \u00e5r!","author":"M :)","date":"2015-01-17","format":false,"excerpt":"Vi b\u00f6rjar med att hurra f\u00f6r den h\u00e4r killen: Hipp hurra f\u00f6r Victor idag p\u00e5 din 6-\u00e5rsdag! GRATTIS \u00f6nskar faster, farmor, farfar, Robin, Fia, Linus och Juliah. Och ja, det \u00e4r ju faktiskt min f\u00f6delsedag ocks\u00e5, s\u00e5 hurra och grattis till mig ocks\u00e5! N\u00e5gra andra som fyller \u00e5r idag \u00e4r\u2026","rel":"","context":"I \u201dVardagsliv\u201d","block_context":{"text":"Vardagsliv","link":"https:\/\/blogg.fumei.se\/?cat=47"},"img":{"alt_text":"Victor6-emeff2015","src":"https:\/\/i0.wp.com\/blogg.fumei.se\/wp-content\/uploads\/2015\/01\/Victor6-emeff2015.jpg?resize=350%2C200","width":350,"height":200,"srcset":"https:\/\/i0.wp.com\/blogg.fumei.se\/wp-content\/uploads\/2015\/01\/Victor6-emeff2015.jpg?resize=350%2C200 1x, https:\/\/i0.wp.com\/blogg.fumei.se\/wp-content\/uploads\/2015\/01\/Victor6-emeff2015.jpg?resize=525%2C300 1.5x"},"classes":[]},{"id":2051,"url":"https:\/\/blogg.fumei.se\/?p=2051","url_meta":{"origin":2908,"position":2},"title":"Happy f\u00f6delsedag!","author":"M :)","date":"2012-01-17","format":false,"excerpt":"Idag \u00e4r det lillskrutt Victor som st\u00e5r p\u00e5 tur att fylla \u00e5r, hela tre (3) har det hunnit bli!! GRATTIS! \u00f6nskar faster, Fia, Robin och Jorge. Och Stella.","rel":"","context":"I \u201dVardagsliv\u201d","block_context":{"text":"Vardagsliv","link":"https:\/\/blogg.fumei.se\/?cat=47"},"img":{"alt_text":"","src":"https:\/\/i0.wp.com\/blogg.fumei.se\/wp-content\/uploads\/2012\/01\/Victor3-emeff2012-300x200.jpg?resize=350%2C200","width":350,"height":200},"classes":[]},{"id":3824,"url":"https:\/\/blogg.fumei.se\/?p=3824","url_meta":{"origin":2908,"position":3},"title":"F\u00f6delsedagsdags igen!","author":"M :)","date":"2016-01-17","format":false,"excerpt":"Idag hurrar vi f\u00f6r Victor som fyller 7 \u00e5r! GRATTIS \u00f6nskar Farmor och farfar Faster och Robin Fia, Linus och Juliah","rel":"","context":"I \u201dFamiljen\u201d","block_context":{"text":"Familjen","link":"https:\/\/blogg.fumei.se\/?cat=34"},"img":{"alt_text":"victor7-emeff2016","src":"https:\/\/i0.wp.com\/blogg.fumei.se\/wp-content\/uploads\/2016\/01\/victor7-emeff2016.jpg?resize=350%2C200","width":350,"height":200},"classes":[]},{"id":4525,"url":"https:\/\/blogg.fumei.se\/?p=4525","url_meta":{"origin":2908,"position":4},"title":"Mammas p\u00f4jk!","author":"M :)","date":"2018-04-25","format":false,"excerpt":"Idag fyller Robin \u00e5r! Hipp hurra!! GRATTIS! \u00f6nskar mamma Fia, Linus & Juliah mormor Berto & Bella Silvio, Lovisa & Victor Ilse, Magnus, Frida & Tyra","rel":"","context":"I \u201dFamiljen\u201d","block_context":{"text":"Familjen","link":"https:\/\/blogg.fumei.se\/?cat=34"},"img":{"alt_text":"","src":"https:\/\/i0.wp.com\/blogg.fumei.se\/wp-content\/uploads\/2018\/04\/Robin21-emeff2018.png?resize=350%2C200","width":350,"height":200,"srcset":"https:\/\/i0.wp.com\/blogg.fumei.se\/wp-content\/uploads\/2018\/04\/Robin21-emeff2018.png?resize=350%2C200 1x, https:\/\/i0.wp.com\/blogg.fumei.se\/wp-content\/uploads\/2018\/04\/Robin21-emeff2018.png?resize=525%2C300 1.5x"},"classes":[]},{"id":4537,"url":"https:\/\/blogg.fumei.se\/?p=4537","url_meta":{"origin":2908,"position":5},"title":"Grattis Tyra!","author":"M :)","date":"2018-05-23","format":false,"excerpt":"Idag fyller yngsta systerdottern 11 \u00e5r. GRATTIS \u00d6nskar moster & Robin Fia, Linus & Juliah mormor Lis Roberto & Isabella Silvio, Lovisa & Victor","rel":"","context":"I \u201dFamiljen\u201d","block_context":{"text":"Familjen","link":"https:\/\/blogg.fumei.se\/?cat=34"},"img":{"alt_text":"","src":"https:\/\/i0.wp.com\/blogg.fumei.se\/wp-content\/uploads\/2018\/05\/4232018192716.jpg?resize=350%2C200","width":350,"height":200,"srcset":"https:\/\/i0.wp.com\/blogg.fumei.se\/wp-content\/uploads\/2018\/05\/4232018192716.jpg?resize=350%2C200 1x, https:\/\/i0.wp.com\/blogg.fumei.se\/wp-content\/uploads\/2018\/05\/4232018192716.jpg?resize=525%2C300 1.5x, https:\/\/i0.wp.com\/blogg.fumei.se\/wp-content\/uploads\/2018\/05\/4232018192716.jpg?resize=700%2C400 2x"},"classes":[]}],"_links":{"self":[{"href":"https:\/\/blogg.fumei.se\/index.php?rest_route=\/wp\/v2\/posts\/2908","targetHints":{"allow":["GET"]}}],"collection":[{"href":"https:\/\/blogg.fumei.se\/index.php?rest_route=\/wp\/v2\/posts"}],"about":[{"href":"https:\/\/blogg.fumei.se\/index.php?rest_route=\/wp\/v2\/types\/post"}],"author":[{"embeddable":true,"href":"https:\/\/blogg.fumei.se\/index.php?rest_route=\/wp\/v2\/users\/1"}],"replies":[{"embeddable":true,"href":"https:\/\/blogg.fumei.se\/index.php?rest_route=%2Fwp%2Fv2%2Fcomments&post=2908"}],"version-history":[{"count":1,"href":"https:\/\/blogg.fumei.se\/index.php?rest_route=\/wp\/v2\/posts\/2908\/revisions"}],"predecessor-version":[{"id":2910,"href":"https:\/\/blogg.fumei.se\/index.php?rest_route=\/wp\/v2\/posts\/2908\/revisions\/2910"}],"wp:attachment":[{"href":"https:\/\/blogg.fumei.se\/index.php?rest_route=%2Fwp%2Fv2%2Fmedia&parent=2908"}],"wp:term":[{"taxonomy":"category","embeddable":true,"href":"https:\/\/blogg.fumei.se\/index.php?rest_route=%2Fwp%2Fv2%2Fcategories&post=2908"},{"taxonomy":"post_tag","embeddable":true,"href":"https:\/\/blogg.fumei.se\/index.php?rest_route=%2Fwp%2Fv2%2Ftags&post=2908"}],"curies":[{"name":"wp","href":"https:\/\/api.w.org\/{rel}","templated":true}]}}