{"id":2928,"date":"2013-02-23T10:50:29","date_gmt":"2013-02-23T09:50:29","guid":{"rendered":"http:\/\/blogg.fumei.se\/?p=2928"},"modified":"2013-02-23T10:50:29","modified_gmt":"2013-02-23T09:50:29","slug":"sla-dovorat-till","status":"publish","type":"post","link":"https:\/\/blogg.fumei.se\/?p=2928","title":{"rendered":"Sl\u00e5 d\u00f6v\u00f6rat till"},"content":{"rendered":"<p>Det har jag ju i praktiken kunnat g\u00f6ra s\u00e5 l\u00e4nge jag kan minnas. Det b\u00f6rjade ju med n\u00e5gra \u00f6roninflammationer n\u00e4r jag var barn, fortsatte med st\u00e4ndig v\u00e4rk i \u00f6rat och till slut ett antal operationer under n\u00e5gra \u00e5r, f\u00f6r att jag <em>till slut<\/em> hamnade hos en l\u00e4kare som verkligen kollade vad som var fel!<br \/>\nDet visade sig att jag hade benr\u00f6ta i v\u00e4nster \u00f6ra, ganska kraftig s\u00e5dan, och d\u00e4rf\u00f6r har jag idag en halv h\u00f6rselg\u00e5ng och kraftigt nedsatt h\u00f6rsel p\u00e5 det \u00f6rat.<\/p>\n<p>I flera \u00e5r har jag sagt att n\u00e5n dag ska jag g\u00f6ra n\u00e5t \u00e5t saken, men inte f\u00f6rr\u00e4n nu n\u00e4r tv\u00e5 av mina arbetskamrater varit iv\u00e4g och f\u00e5tt fina h\u00f6rapparater och \u00e4r n\u00f6jda och glada, har jag f\u00e5tt tummen ur.<\/p>\n<p>Men, den 13:e mars \u00e4r det min tur att testa h\u00f6rsel och kolla l\u00e4get! S\u00e5 snart kan jag inte ens skylla p\u00e5 min partiella d\u00f6vhet&#8230;<\/p>\n<p><a href=\"https:\/\/blogg.fumei.se\/?attachment_id=2929\" rel=\"attachment wp-att-2929\"><img data-recalc-dims=\"1\" loading=\"lazy\" decoding=\"async\" data-attachment-id=\"2929\" data-permalink=\"https:\/\/blogg.fumei.se\/?attachment_id=2929\" data-orig-file=\"https:\/\/i0.wp.com\/blogg.fumei.se\/wp-content\/uploads\/2013\/02\/kallelseh%C3%B6r.jpg?fit=500%2C267&amp;ssl=1\" data-orig-size=\"500,267\" data-comments-opened=\"1\" data-image-meta=\"{&quot;aperture&quot;:&quot;0&quot;,&quot;credit&quot;:&quot;&quot;,&quot;camera&quot;:&quot;&quot;,&quot;caption&quot;:&quot;&quot;,&quot;created_timestamp&quot;:&quot;0&quot;,&quot;copyright&quot;:&quot;&quot;,&quot;focal_length&quot;:&quot;0&quot;,&quot;iso&quot;:&quot;0&quot;,&quot;shutter_speed&quot;:&quot;0&quot;,&quot;title&quot;:&quot;&quot;}\" data-image-title=\"kallelseh\u00f6r\" data-image-description=\"\" data-image-caption=\"\" data-large-file=\"https:\/\/i0.wp.com\/blogg.fumei.se\/wp-content\/uploads\/2013\/02\/kallelseh%C3%B6r.jpg?fit=500%2C267&amp;ssl=1\" class=\"aligncenter size-full wp-image-2929\" alt=\"kallelseh\u00f6r\" src=\"https:\/\/i0.wp.com\/blogg.fumei.se\/wp-content\/uploads\/2013\/02\/kallelseh%C3%B6r.jpg?resize=500%2C267&#038;ssl=1\" width=\"500\" height=\"267\" srcset=\"https:\/\/i0.wp.com\/blogg.fumei.se\/wp-content\/uploads\/2013\/02\/kallelseh%C3%B6r.jpg?w=500&amp;ssl=1 500w, https:\/\/i0.wp.com\/blogg.fumei.se\/wp-content\/uploads\/2013\/02\/kallelseh%C3%B6r.jpg?resize=300%2C160&amp;ssl=1 300w\" sizes=\"auto, (max-width: 500px) 100vw, 500px\" \/><\/a><\/p>\n","protected":false},"excerpt":{"rendered":"<p>Det har jag ju i praktiken kunnat g\u00f6ra s\u00e5 l\u00e4nge jag kan minnas. Det b\u00f6rjade ju med n\u00e5gra \u00f6roninflammationer n\u00e4r jag var barn, fortsatte med st\u00e4ndig v\u00e4rk i \u00f6rat och till slut ett antal operationer under n\u00e5gra \u00e5r, f\u00f6r att jag till slut hamnade hos en l\u00e4kare som verkligen kollade vad som var fel! Det&#8230;<\/p>\n","protected":false},"author":1,"featured_media":0,"comment_status":"open","ping_status":"open","sticky":false,"template":"","format":"standard","meta":{"jetpack_post_was_ever_published":false,"_jetpack_newsletter_access":"","_jetpack_dont_email_post_to_subs":false,"_jetpack_newsletter_tier_id":0,"_jetpack_memberships_contains_paywalled_content":false,"_jetpack_memberships_contains_paid_content":false,"footnotes":"","jetpack_publicize_message":"","jetpack_publicize_feature_enabled":true,"jetpack_social_post_already_shared":false,"jetpack_social_options":{"image_generator_settings":{"template":"highway","default_image_id":0,"font":"","enabled":false},"version":2}},"categories":[47],"tags":[248,245,246,247],"class_list":["post-2928","post","type-post","status-publish","format-standard","hentry","category-vardagsliv","tag-doktor","tag-horsel","tag-oron","tag-sjukhus"],"jetpack_publicize_connections":[],"jetpack_featured_media_url":"","jetpack_shortlink":"https:\/\/wp.me\/p3qko4-Le","jetpack_sharing_enabled":true,"jetpack_likes_enabled":true,"jetpack-related-posts":[{"id":1098,"url":"https:\/\/blogg.fumei.se\/?p=1098","url_meta":{"origin":2928,"position":0},"title":"Uppbackning","author":"M :)","date":"2009-09-21","format":false,"excerpt":"fick jag idag n\u00e4r vi hade USK-m\u00f6te p\u00e5 jobbet. Jag har n\u00e4mligen, vid ett flertal tillf\u00e4llen, f\u00e5tt h\u00f6ra fr\u00e5n olika h\u00e5ll, att jag inte best\u00e4ller tillr\u00e4ckligt med material, att jag best\u00e4ller fel sorts material och att jag inte best\u00e4ller vissa saker \u00f6ht. Idag talade jag om att 1. vi har\u2026","rel":"","context":"I \u201dVardagsliv\u201d","block_context":{"text":"Vardagsliv","link":"https:\/\/blogg.fumei.se\/?cat=47"},"img":{"alt_text":"","src":"","width":0,"height":0},"classes":[]},{"id":141,"url":"https:\/\/blogg.fumei.se\/?p=141","url_meta":{"origin":2928,"position":1},"title":"30-dagarslista; Dag 1","author":"M :)","date":"2011-01-01","format":false,"excerpt":"Dag 1: En bild p\u00e5 dig sj\u00e4lv och femton fakta om dig sj\u00e4lv. Okej, h\u00e4r \u00e4r bilden: ...och 15 fakta om mig sj\u00e4lv: N\u00e4r jag var liten trodde jag att mina f\u00f6r\u00e4ldrar bodde i grottor n\u00e4r de var barn. Allt pga en kommentar fr\u00e5n de stora barnen p\u00e5 g\u00e5rden; \"morsan\u2026","rel":"","context":"I \u201dVardagsliv\u201d","block_context":{"text":"Vardagsliv","link":"https:\/\/blogg.fumei.se\/?cat=47"},"img":{"alt_text":"","src":"","width":0,"height":0},"classes":[]},{"id":3985,"url":"https:\/\/blogg.fumei.se\/?p=3985","url_meta":{"origin":2928,"position":2},"title":"H\u00f6r upp!","author":"M :)","date":"2016-12-06","format":false,"excerpt":"Innan jag flyttade till G\u00f6teborg var jag ju iv\u00e4g och kollade h\u00f6rseln f\u00f6r att eventuellt g\u00f6ra n\u00e5got \u00e5t den. H\u00e4r kan man l\u00e4sa om det. Nu tog jag tag i det d\u00e4r en g\u00e5ng f\u00f6r alla, s\u00e5 i oktober var jag p\u00e5 ny h\u00f6rselkontroll, och audionomen sa att i princip\u2026","rel":"","context":"I \u201dVardagsliv\u201d","block_context":{"text":"Vardagsliv","link":"https:\/\/blogg.fumei.se\/?cat=47"},"img":{"alt_text":"","src":"https:\/\/i0.wp.com\/blogg.fumei.se\/wp-content\/uploads\/2016\/12\/20161205_123507-180x180.jpg?resize=350%2C200","width":350,"height":200},"classes":[]},{"id":515,"url":"https:\/\/blogg.fumei.se\/?p=515","url_meta":{"origin":2928,"position":3},"title":"S\u00e5 tr\u00f6tt, s\u00e5 tr\u00f6tt&#8230;","author":"M :)","date":"2008-09-28","format":false,"excerpt":"Det har varit en riktigt tuff helg med j\u00e4ttemycket att g\u00f6ra, m\u00e5nga patienter som beh\u00f6vde mycket hj\u00e4lp, och alldeles f\u00f6r f\u00e5 personal f\u00f6r att det skulle vara h\u00e4lsosamt. Vi som jobbade den h\u00e4r helgen sprang som yra h\u00f6ns mellan rummen och m\u00e5nga saker som skulle beh\u00f6vt g\u00f6ras blev inte gjorda.\u2026","rel":"","context":"I \u201dVardagsliv\u201d","block_context":{"text":"Vardagsliv","link":"https:\/\/blogg.fumei.se\/?cat=47"},"img":{"alt_text":"","src":"","width":0,"height":0},"classes":[]},{"id":207,"url":"https:\/\/blogg.fumei.se\/?p=207","url_meta":{"origin":2928,"position":4},"title":"Det \u00e4r inte l\u00e4tt n\u00e4r det \u00e4r sv\u00e5rt","author":"M :)","date":"2010-07-02","format":false,"excerpt":"Som de flesta vet s\u00e5 bor jag ju lite \"avsides\", dvs i en h\u00e5la p\u00e5 landsbygden, d\u00e4r kollektivtrafiken l\u00e4mnar mycket att \u00f6nska. Det g\u00f6r ju ocks\u00e5 att jag, tack vara mycket sn\u00e4lla chefer, har f\u00e5tt j\u00e4mka lite p\u00e5 mina arbetstider p\u00e5 kv\u00e4llspassen f\u00f6r att hinna med t\u00e5get hem. Det g\u00f6r\u2026","rel":"","context":"I \u201dVardagsliv\u201d","block_context":{"text":"Vardagsliv","link":"https:\/\/blogg.fumei.se\/?cat=47"},"img":{"alt_text":"","src":"","width":0,"height":0},"classes":[]},{"id":1011,"url":"https:\/\/blogg.fumei.se\/?p=1011","url_meta":{"origin":2928,"position":5},"title":"Det regnar igen","author":"M :)","date":"2009-07-30","format":false,"excerpt":"Jag b\u00f6rjar bli ganska tr\u00f6tt p\u00e5 det h\u00e4r regnet nu, det k\u00e4nns faktiskt som om de tre veckor med sol jag hade under min semester l\u00e4r bli de enda den h\u00e4r sommaren. Jag tycker synd om alla som har semester nu, och om alla skolbarn- och ungdomar som inte kan\u2026","rel":"","context":"I \u201dVardagsliv\u201d","block_context":{"text":"Vardagsliv","link":"https:\/\/blogg.fumei.se\/?cat=47"},"img":{"alt_text":"","src":"","width":0,"height":0},"classes":[]}],"_links":{"self":[{"href":"https:\/\/blogg.fumei.se\/index.php?rest_route=\/wp\/v2\/posts\/2928","targetHints":{"allow":["GET"]}}],"collection":[{"href":"https:\/\/blogg.fumei.se\/index.php?rest_route=\/wp\/v2\/posts"}],"about":[{"href":"https:\/\/blogg.fumei.se\/index.php?rest_route=\/wp\/v2\/types\/post"}],"author":[{"embeddable":true,"href":"https:\/\/blogg.fumei.se\/index.php?rest_route=\/wp\/v2\/users\/1"}],"replies":[{"embeddable":true,"href":"https:\/\/blogg.fumei.se\/index.php?rest_route=%2Fwp%2Fv2%2Fcomments&post=2928"}],"version-history":[{"count":1,"href":"https:\/\/blogg.fumei.se\/index.php?rest_route=\/wp\/v2\/posts\/2928\/revisions"}],"predecessor-version":[{"id":2930,"href":"https:\/\/blogg.fumei.se\/index.php?rest_route=\/wp\/v2\/posts\/2928\/revisions\/2930"}],"wp:attachment":[{"href":"https:\/\/blogg.fumei.se\/index.php?rest_route=%2Fwp%2Fv2%2Fmedia&parent=2928"}],"wp:term":[{"taxonomy":"category","embeddable":true,"href":"https:\/\/blogg.fumei.se\/index.php?rest_route=%2Fwp%2Fv2%2Fcategories&post=2928"},{"taxonomy":"post_tag","embeddable":true,"href":"https:\/\/blogg.fumei.se\/index.php?rest_route=%2Fwp%2Fv2%2Ftags&post=2928"}],"curies":[{"name":"wp","href":"https:\/\/api.w.org\/{rel}","templated":true}]}}