{"id":294,"date":"2010-02-19T14:27:00","date_gmt":"2010-02-19T14:27:00","guid":{"rendered":"\/Blogg\/post\/Bleurgh.aspx"},"modified":"2010-02-19T14:27:00","modified_gmt":"2010-02-19T14:27:00","slug":"bleurgh","status":"publish","type":"post","link":"https:\/\/blogg.fumei.se\/?p=294","title":{"rendered":"Bleurgh"},"content":{"rendered":"<p>Har varit sjuk. Inte s&aring; mycket, men tillr&auml;ckligt f&ouml;r att g&aring; hem tidigare och stanna hemma en dag. Det b&ouml;rjade med att jag hade lite huvudv&auml;rk ig&aring;r morse, men jag avf&auml;rdade det med att jag var tr&ouml;tt. Klockan var ju trots allt bara 4.45 p&aring; morgonen. Kom till jobbet, tog en kopp kaffe, jobbade lite i lugnt tempo. Morgonm&ouml;te = en kopp till. Lite mera jobb och plocka, sen var det dags f&ouml;r frukost. Petade i mig en kn&auml;ckemacka med kaviar och sk&ouml;ljde ner det hela med &auml;nnu en kopp kaffe. <br \/>Sen b&ouml;rjade jag k&auml;nna mig lite kass i magen. Inte s&aring; att jag m&aring;dde illa eller beh&ouml;vde p&aring; toa, men &#8221;k&ouml;rigt&#8221;, liksom. T&auml;nkte att det g&aring;r nog &ouml;ver om en stund, har nog bara druckit f&ouml;r mycket kaffe (hemska tanke).<br \/>Men det blev s&auml;mre, och huvudv&auml;rken tog, och till slut k&auml;nde jag mig tom lite febrig, s&aring; jag gick hem tidigare.<\/p>\n<p style=\"text-align: left;\">Somnade som en stock p&aring; t&aring;get och vaknade med ett ryck strax innan min station, som tur var. M&ouml;tte upp Fia vid stationen s&aring; hon fick g&aring; till Ica, f&ouml;r sj&auml;lv ville jag bara hem och l&auml;gga mig. Kr&ouml;p ner under t&auml;cket och sov ungef&auml;r en hel timme. Sen klarade jag inte av att ligga i s&auml;ngen mer f&ouml;r det v&auml;rkte i huden vid ber&ouml;ring, s&aring; hade det inte varit f&ouml;r att jag fr&ouml;s hade jag s&auml;kert g&aring;tt omkring naken. Lade mig &auml;nd&aring; en stund senare och sov tills strax f&ouml;re 20, d&aring; gick jag upp och s&aring;g Vampire Diaries, och sen kr&ouml;p jag tillbaka ner under t&auml;cket. Tog tempen som visade 37,6. Nu &auml;r v&aring;r termometer lite kass, s&aring; den visar f&ouml;r l&aring;gt, s&aring; jag kunde ju konstatera att jag verkligen hade feber. Inga alvedon eller liknande hemma, s&aring; det var bara att palta p&aring; sig f&ouml;r att inte frysa och frossa.<br \/>Med joggingbrallor, sockor, kofta och fleecepl&auml;d samt t&auml;cke sov jag sen hela natten och vaknade vid 7-tiden i morse. M&aring;dde helt ok och var hungrig! S&aring; upp och tryckte i mig ett par salta kex och ett glas mj&ouml;lk &#8211; smaklig kombo, va?! &#8211; och s&aring; sov jag ett par timmar till. <br \/>Nu m&aring;r jag hur bra som helst, lite tr&ouml;tt f&ouml;rst&aring;s, men det blir man ju efter en feberattack, och det hinner s&auml;kert r&auml;tta till sig tills imorgon. D&aring; ska jag jobba nattpass.<\/p>\n<p style=\"text-align: left;\">Robin har &aring;kt till Magnus. Det jobbigaste med den resan brukar vara v&auml;ntetiden. Han m&aring;ste n&auml;mligen v&auml;nta 1 timme och 40 minuter i Falk&ouml;ping, eftersom det inte finns&nbsp;en f&ouml;rbindelse som &ouml;verlappar n&aring;gorlunda i tider. Men idag klev han p&aring; fel buss inne i Falk&ouml;ping, s&aring; f&ouml;r en halvtimme sen ringde han mig och var n&auml;stan gr&aring;tf&auml;rdig. Bussf&ouml;raren hade g&aring;tt av bussen och n&auml;r han inte kom tillbaka p&aring; en l&aring;ng stund b&ouml;rjade Robin kolla omkring sig. Han var ensam p&aring; bussen och d&ouml;rren var l&aring;st. Han lyckades f&aring; folk utanf&ouml;r att fatta att han inte kunde komma ut, s&aring; de h&auml;mtade n&aring;gon som hj&auml;lpte honom. Sen fick vi snoka reda p&aring; en buss till Trollh&auml;ttan, och som tur var s&aring; gick det en 14.49, s&aring; han beh&ouml;vde inte v&auml;nta s&aring; l&auml;nge. Nu &auml;r han p&aring; v&auml;g &aring;t r&auml;tt h&aring;ll.<\/p>\n<p style=\"text-align: left;\">Fia for till en kompis ig&aring;r kv&auml;ll, och kommer f&ouml;rmodlige hem n&aring;n g&aring;ng ikv&auml;ll. S&aring; jag kan njuta av ensamhet och tystnad ett tag till.<\/p>\n","protected":false},"excerpt":{"rendered":"<p>Har varit sjuk. Inte s&aring; mycket, men tillr&auml;ckligt f&ouml;r att g&aring; hem tidigare och stanna hemma en dag. Det b&ouml;rjade med att jag hade lite huvudv&auml;rk ig&aring;r morse, men jag avf&auml;rdade det med att jag var tr&ouml;tt. Klockan var ju trots allt bara 4.45 p&aring; morgonen. Kom till jobbet, tog en kopp kaffe, jobbade lite&#8230;<\/p>\n","protected":false},"author":1,"featured_media":0,"comment_status":"open","ping_status":"open","sticky":false,"template":"","format":"standard","meta":{"jetpack_post_was_ever_published":false,"_jetpack_newsletter_access":"","_jetpack_dont_email_post_to_subs":false,"_jetpack_newsletter_tier_id":0,"_jetpack_memberships_contains_paywalled_content":false,"_jetpack_memberships_contains_paid_content":false,"footnotes":"","jetpack_publicize_message":"","jetpack_publicize_feature_enabled":true,"jetpack_social_post_already_shared":false,"jetpack_social_options":{"image_generator_settings":{"template":"highway","default_image_id":0,"font":"","enabled":false},"version":2}},"categories":[47],"tags":[],"class_list":["post-294","post","type-post","status-publish","format-standard","hentry","category-vardagsliv"],"jetpack_publicize_connections":[],"jetpack_featured_media_url":"","jetpack_shortlink":"https:\/\/wp.me\/s3qko4-bleurgh","jetpack_sharing_enabled":true,"jetpack_likes_enabled":true,"jetpack-related-posts":[{"id":37,"url":"https:\/\/blogg.fumei.se\/?p=37","url_meta":{"origin":294,"position":0},"title":"B\u00f6rja om fr\u00e5n b\u00f6rjan&#8230;","author":"M :)","date":"2011-05-31","format":false,"excerpt":"Eftersom det gick s\u00e5 bra att bli av med on\u00f6digt bagage f\u00f6rra g\u00e5ngen jag \u00e5t enligt LCHF-principen, och eftersom jag k\u00e4nner att jag skulle m\u00e5 bra av att bli av med lite\u00a0igen (har ju lagt\u00a0p\u00e5 mig lite de senaste m\u00e5naderna), s\u00e5 t\u00e4nkte jag k\u00f6ra den varianten igen.Ig\u00e5r var det startdag,\u2026","rel":"","context":"I \u201dVardagsliv\u201d","block_context":{"text":"Vardagsliv","link":"https:\/\/blogg.fumei.se\/?cat=47"},"img":{"alt_text":"","src":"","width":0,"height":0},"classes":[]},{"id":1038,"url":"https:\/\/blogg.fumei.se\/?p=1038","url_meta":{"origin":294,"position":1},"title":"Jag ska fatta mig (ganska) kort","author":"M :)","date":"2009-07-07","format":false,"excerpt":"annars blir det en j\u00e4mrans l\u00e5ng uppdatering h\u00e4r! Jag har ju varit iv\u00e4g till mor och far ett par dagar. Egentligen skulle jag bara varit ut under m\u00e5ndagen f\u00f6r att tr\u00e4ffa syster med familj, men mamma hade snubblat \u00f6ver hundens koppel och tagit emot med h\u00f6gerhanden s\u00e5 illa att hon\u2026","rel":"","context":"I \u201dVardagsliv\u201d","block_context":{"text":"Vardagsliv","link":"https:\/\/blogg.fumei.se\/?cat=47"},"img":{"alt_text":"","src":"","width":0,"height":0},"classes":[]},{"id":6905,"url":"https:\/\/blogg.fumei.se\/?p=6905","url_meta":{"origin":294,"position":2},"title":"P\u00e5 andra sidan Atlanten","author":"M :)","date":"2024-05-30","format":false,"excerpt":"n\u00e4rmare best\u00e4mt i New York, har vi varit p\u00e5 en l\u00e5ngweekend. Vi har pratat om den h\u00e4r resan i ett par-tre \u00e5r, och nu kom vi \u00e4ntligen iv\u00e4g! Vi lyfte fr\u00e5n Landvetter 9.45 i onsdags morse, och efter en mellanlandning i Amsterdam landade vi p\u00e5 JFK strax f\u00f6re klockan 15\u2026","rel":"","context":"I \u201dResor\u201d","block_context":{"text":"Resor","link":"https:\/\/blogg.fumei.se\/?cat=478"},"img":{"alt_text":"","src":"https:\/\/i0.wp.com\/blogg.fumei.se\/wp-content\/uploads\/2024\/05\/CFF8C316-E142-4778-A1A6-0416D75CFC62_1_105_c.jpeg?resize=350%2C200","width":350,"height":200,"srcset":"https:\/\/i0.wp.com\/blogg.fumei.se\/wp-content\/uploads\/2024\/05\/CFF8C316-E142-4778-A1A6-0416D75CFC62_1_105_c.jpeg?resize=350%2C200 1x, https:\/\/i0.wp.com\/blogg.fumei.se\/wp-content\/uploads\/2024\/05\/CFF8C316-E142-4778-A1A6-0416D75CFC62_1_105_c.jpeg?resize=525%2C300 1.5x, https:\/\/i0.wp.com\/blogg.fumei.se\/wp-content\/uploads\/2024\/05\/CFF8C316-E142-4778-A1A6-0416D75CFC62_1_105_c.jpeg?resize=700%2C400 2x"},"classes":[]},{"id":272,"url":"https:\/\/blogg.fumei.se\/?p=272","url_meta":{"origin":294,"position":3},"title":"Sovmorgon in my dreams","author":"EmEff","date":"2010-03-13","format":false,"excerpt":"Det \u00e4r l\u00f6rdag och jag \u00e4r ledig. Imorgon ocks\u00e5. S\u00e5 jag t\u00e4nkte inleda helgen med en sk\u00f6n sovmorgon. Icke!, tyckte omv\u00e4rlden. F\u00f6rsta vaknade jag av att det l\u00e4t som om n\u00e5gon skrapade bort isen p\u00e5 gata och trottoar h\u00e4r utanf\u00f6r, men ins\u00e5g n\u00e4r jag tittade p\u00e5 klockan, som bara visade\u2026","rel":"","context":"I \u201dVardagsliv\u201d","block_context":{"text":"Vardagsliv","link":"https:\/\/blogg.fumei.se\/?cat=47"},"img":{"alt_text":"","src":"","width":0,"height":0},"classes":[]},{"id":838,"url":"https:\/\/blogg.fumei.se\/?p=838","url_meta":{"origin":294,"position":4},"title":"Melodifestival och sn\u00f6yra","author":"M :)","date":"2009-02-21","format":false,"excerpt":"Ikv\u00e4ll var det dags f\u00f6r tredje delfinalen av melodifestivalen. jag t\u00e4nkte redan innan att det blir nog BWO och EMD som g\u00e5r vidare till finalen, och kanske Rickfors till andra chansen p\u00e5 gamla meriter, men sen visste jag inte riktigt vem jag ville skicka med honom till andra chansen. Om\u2026","rel":"","context":"I \u201dVardagsliv\u201d","block_context":{"text":"Vardagsliv","link":"https:\/\/blogg.fumei.se\/?cat=47"},"img":{"alt_text":"","src":"","width":0,"height":0},"classes":[]},{"id":1053,"url":"https:\/\/blogg.fumei.se\/?p=1053","url_meta":{"origin":294,"position":5},"title":"Tjejsnack vecka 35","author":"M :)","date":"2009-08-27","format":false,"excerpt":"Vill du ocks\u00e5 vara med? Du hittar Tjejsnack h\u00e4r. G\u00e4ster 1. Hur ofta brukar du ha g\u00e4ster? Det beror p\u00e5 vad som menas med g\u00e4ster. Mina f\u00f6r\u00e4ldrar h\u00e4lsar p\u00e5 n\u00e5n g\u00e5ng varje vecka, annars \u00e4r det inte m\u00e5nga g\u00e4ster som passerar genom v\u00e5rt hem. AV n\u00e5n anledning verkar de flesta\u2026","rel":"","context":"I \u201dVardagsliv\u201d","block_context":{"text":"Vardagsliv","link":"https:\/\/blogg.fumei.se\/?cat=47"},"img":{"alt_text":"","src":"","width":0,"height":0},"classes":[]}],"_links":{"self":[{"href":"https:\/\/blogg.fumei.se\/index.php?rest_route=\/wp\/v2\/posts\/294","targetHints":{"allow":["GET"]}}],"collection":[{"href":"https:\/\/blogg.fumei.se\/index.php?rest_route=\/wp\/v2\/posts"}],"about":[{"href":"https:\/\/blogg.fumei.se\/index.php?rest_route=\/wp\/v2\/types\/post"}],"author":[{"embeddable":true,"href":"https:\/\/blogg.fumei.se\/index.php?rest_route=\/wp\/v2\/users\/1"}],"replies":[{"embeddable":true,"href":"https:\/\/blogg.fumei.se\/index.php?rest_route=%2Fwp%2Fv2%2Fcomments&post=294"}],"version-history":[{"count":0,"href":"https:\/\/blogg.fumei.se\/index.php?rest_route=\/wp\/v2\/posts\/294\/revisions"}],"wp:attachment":[{"href":"https:\/\/blogg.fumei.se\/index.php?rest_route=%2Fwp%2Fv2%2Fmedia&parent=294"}],"wp:term":[{"taxonomy":"category","embeddable":true,"href":"https:\/\/blogg.fumei.se\/index.php?rest_route=%2Fwp%2Fv2%2Fcategories&post=294"},{"taxonomy":"post_tag","embeddable":true,"href":"https:\/\/blogg.fumei.se\/index.php?rest_route=%2Fwp%2Fv2%2Ftags&post=294"}],"curies":[{"name":"wp","href":"https:\/\/api.w.org\/{rel}","templated":true}]}}