{"id":2942,"date":"2013-04-25T09:17:31","date_gmt":"2013-04-25T07:17:31","guid":{"rendered":"http:\/\/blogg.fumei.se\/?p=2942"},"modified":"2013-05-01T12:43:23","modified_gmt":"2013-05-01T10:43:23","slug":"snart-stora-karln","status":"publish","type":"post","link":"https:\/\/blogg.fumei.se\/?p=2942","title":{"rendered":"Snart stora karl&#8217;n"},"content":{"rendered":"<p style=\"text-align: center;\"><span style=\"color: #0000ff;\">Idag \u00e4r det 17 \u00e5r sen du kom till v\u00e4rlden med en v\u00e4ldig fart.<\/span><\/p>\n<h1 style=\"text-align: center;\"><span style=\"color: #0000ff;\">GRATTIS ROBIN!<\/span><\/h1>\n<p style=\"text-align: center;\"><span style=\"color: #0000ff;\">Jag \u00e4lskar dig!<\/span><\/p>\n<h1 style=\"text-align: center;\"><span style=\"color: #0000ff;\">\u2665<\/span><\/h1>\n<p><a href=\"https:\/\/blogg.fumei.se\/?attachment_id=2945\" rel=\"attachment wp-att-2945\"><img data-recalc-dims=\"1\" loading=\"lazy\" decoding=\"async\" data-attachment-id=\"2945\" data-permalink=\"https:\/\/blogg.fumei.se\/?attachment_id=2945\" data-orig-file=\"https:\/\/i0.wp.com\/blogg.fumei.se\/wp-content\/uploads\/2013\/05\/Robin17-emeff20132.png?fit=1200%2C900&amp;ssl=1\" data-orig-size=\"1200,900\" data-comments-opened=\"1\" data-image-meta=\"{&quot;aperture&quot;:&quot;0&quot;,&quot;credit&quot;:&quot;&quot;,&quot;camera&quot;:&quot;&quot;,&quot;caption&quot;:&quot;&quot;,&quot;created_timestamp&quot;:&quot;0&quot;,&quot;copyright&quot;:&quot;&quot;,&quot;focal_length&quot;:&quot;0&quot;,&quot;iso&quot;:&quot;0&quot;,&quot;shutter_speed&quot;:&quot;0&quot;,&quot;title&quot;:&quot;&quot;}\" data-image-title=\"Robin17-emeff2013\" data-image-description=\"\" data-image-caption=\"\" data-large-file=\"https:\/\/i0.wp.com\/blogg.fumei.se\/wp-content\/uploads\/2013\/05\/Robin17-emeff20132.png?fit=640%2C480&amp;ssl=1\" class=\"aligncenter size-large wp-image-2945\" alt=\"Robin17-emeff2013\" src=\"https:\/\/i0.wp.com\/blogg.fumei.se\/wp-content\/uploads\/2013\/05\/Robin17-emeff20132-650x487.png?resize=640%2C480&#038;ssl=1\" width=\"640\" height=\"480\" srcset=\"https:\/\/i0.wp.com\/blogg.fumei.se\/wp-content\/uploads\/2013\/05\/Robin17-emeff20132.png?resize=650%2C487&amp;ssl=1 650w, https:\/\/i0.wp.com\/blogg.fumei.se\/wp-content\/uploads\/2013\/05\/Robin17-emeff20132.png?resize=300%2C225&amp;ssl=1 300w, https:\/\/i0.wp.com\/blogg.fumei.se\/wp-content\/uploads\/2013\/05\/Robin17-emeff20132.png?w=1200&amp;ssl=1 1200w\" sizes=\"auto, (max-width: 640px) 100vw, 640px\" \/><\/a><\/p>\n","protected":false},"excerpt":{"rendered":"<p>Idag \u00e4r det 17 \u00e5r sen du kom till v\u00e4rlden med en v\u00e4ldig fart. GRATTIS ROBIN! Jag \u00e4lskar dig! \u2665<\/p>\n","protected":false},"author":1,"featured_media":0,"comment_status":"open","ping_status":"open","sticky":false,"template":"","format":"standard","meta":{"jetpack_post_was_ever_published":false,"_jetpack_newsletter_access":"","_jetpack_dont_email_post_to_subs":false,"_jetpack_newsletter_tier_id":0,"_jetpack_memberships_contains_paywalled_content":false,"_jetpack_memberships_contains_paid_content":false,"footnotes":"","jetpack_publicize_message":"","jetpack_publicize_feature_enabled":true,"jetpack_social_post_already_shared":true,"jetpack_social_options":{"image_generator_settings":{"template":"highway","default_image_id":0,"font":"","enabled":false},"version":2}},"categories":[47],"tags":[106,198],"class_list":["post-2942","post","type-post","status-publish","format-standard","hentry","category-vardagsliv","tag-fodelsedag","tag-robin"],"jetpack_publicize_connections":[],"jetpack_featured_media_url":"","jetpack_shortlink":"https:\/\/wp.me\/p3qko4-Ls","jetpack_sharing_enabled":true,"jetpack_likes_enabled":true,"jetpack-related-posts":[{"id":2955,"url":"https:\/\/blogg.fumei.se\/?p=2955","url_meta":{"origin":2942,"position":0},"title":"Liten blir stor","author":"M :)","date":"2013-05-21","format":false,"excerpt":"20 \u00e5r har g\u00e5tt sen du best\u00e4mde dig f\u00f6r att nu hade vi v\u00e4ntat l\u00e4nge nog. 13 dagar drog du ut p\u00e5 det, men n\u00e4r vi v\u00e4l kom till f\u00f6rlossningen fick du br\u00e5ttom ut, bara 3,5 timme tog det innan jag fick upp dig p\u00e5 mitt br\u00f6st. Hela ditt liv\u2026","rel":"","context":"I \u201dVardagsliv\u201d","block_context":{"text":"Vardagsliv","link":"https:\/\/blogg.fumei.se\/?cat=47"},"img":{"alt_text":"","src":"","width":0,"height":0},"classes":[]},{"id":3877,"url":"https:\/\/blogg.fumei.se\/?p=3877","url_meta":{"origin":2942,"position":1},"title":"\u00c5ren g\u00e5r","author":"M :)","date":"2016-04-25","format":false,"excerpt":"och barnen fyller \u00e5r. Fast numera \u00e4r de inte l\u00e4ngre barn, men de \u00e4r f\u00f6r alltid mina barn! Idag fyller Robin 20, och jag fattar fortfarande inte hur det gick till, f\u00f6r jag \u00e4r v\u00e4l inte en dag \u00f6ver 30?! GRATTIS p\u00e5 f\u00f6delsedagen \u00f6nskar mamma Fia, Linus & Juliah mormor\u2026","rel":"","context":"I \u201dFamiljen\u201d","block_context":{"text":"Familjen","link":"https:\/\/blogg.fumei.se\/?cat=34"},"img":{"alt_text":"Robin20-emeff2016","src":"https:\/\/i0.wp.com\/blogg.fumei.se\/wp-content\/uploads\/2016\/04\/Robin20-emeff2016-650x535.jpg?resize=350%2C200","width":350,"height":200,"srcset":"https:\/\/i0.wp.com\/blogg.fumei.se\/wp-content\/uploads\/2016\/04\/Robin20-emeff2016-650x535.jpg?resize=350%2C200 1x, https:\/\/i0.wp.com\/blogg.fumei.se\/wp-content\/uploads\/2016\/04\/Robin20-emeff2016-650x535.jpg?resize=525%2C300 1.5x"},"classes":[]},{"id":3301,"url":"https:\/\/blogg.fumei.se\/?p=3301","url_meta":{"origin":2942,"position":2},"title":"\u8a95\u751f\u65e5(f\u00f6delsedag)","author":"M :)","date":"2014-04-25","format":false,"excerpt":"I 18 \u00e5r har jag f\u00e5tt \u00e4ran och gl\u00e4djen att vara din mamma. I 18 \u00e5r har du f\u00f6rundrat, f\u00f6rv\u00e5nat och fascinerat mig. Du f\u00f6ddes med ett litet handikapp, men trotsade det och visade alla att du kan g\u00f6ra saker du ocks\u00e5, om \u00e4n p\u00e5 ditt eget s\u00e4tt. Det finns\u00a0n\u00e5gra\u2026","rel":"","context":"I \u201dVardagsliv\u201d","block_context":{"text":"Vardagsliv","link":"https:\/\/blogg.fumei.se\/?cat=47"},"img":{"alt_text":"Robin18","src":"https:\/\/i0.wp.com\/blogg.fumei.se\/wp-content\/uploads\/2014\/04\/Robin18.png?resize=350%2C200","width":350,"height":200,"srcset":"https:\/\/i0.wp.com\/blogg.fumei.se\/wp-content\/uploads\/2014\/04\/Robin18.png?resize=350%2C200 1x, https:\/\/i0.wp.com\/blogg.fumei.se\/wp-content\/uploads\/2014\/04\/Robin18.png?resize=525%2C300 1.5x"},"classes":[]},{"id":4288,"url":"https:\/\/blogg.fumei.se\/?p=4288","url_meta":{"origin":2942,"position":3},"title":"Tjugoett","author":"M :)","date":"2017-04-25","format":false,"excerpt":"Hurra hurra hurra hurra f\u00f6r Robin idag! GRATTIS \u00f6nskar mamma \u2665\u00a0\u2665","rel":"","context":"I \u201dFamiljen\u201d","block_context":{"text":"Familjen","link":"https:\/\/blogg.fumei.se\/?cat=34"},"img":{"alt_text":"","src":"https:\/\/i0.wp.com\/blogg.fumei.se\/wp-content\/uploads\/2017\/04\/Robin21-Emeff2017.png?resize=350%2C200","width":350,"height":200,"srcset":"https:\/\/i0.wp.com\/blogg.fumei.se\/wp-content\/uploads\/2017\/04\/Robin21-Emeff2017.png?resize=350%2C200 1x, https:\/\/i0.wp.com\/blogg.fumei.se\/wp-content\/uploads\/2017\/04\/Robin21-Emeff2017.png?resize=525%2C300 1.5x"},"classes":[]},{"id":4273,"url":"https:\/\/blogg.fumei.se\/?p=4273","url_meta":{"origin":2942,"position":4},"title":"Mammas dag","author":"M :)","date":"2017-04-15","format":false,"excerpt":"Den 15:e April f\u00f6r 80 \u00e5r sedan f\u00f6ddes en liten flicka i Herning i Danmark, som fick heta Lis. Den flickan blev s\u00e5 sm\u00e5ningom min mamma och idag firar vi henne! GRATTIS p\u00e5 f\u00f6delsedagen \u00f6nskar Tella, Roberto, Silvio Fia och Robin Isabella Lovisa och Victor Linus och Juliah \u2665\u00a0\u2665\u00a0\u2665","rel":"","context":"I \u201dVardagsliv\u201d","block_context":{"text":"Vardagsliv","link":"https:\/\/blogg.fumei.se\/?cat=47"},"img":{"alt_text":"","src":"https:\/\/i0.wp.com\/blogg.fumei.se\/wp-content\/uploads\/2017\/04\/Mamma80-emeff2017.png?resize=350%2C200","width":350,"height":200,"srcset":"https:\/\/i0.wp.com\/blogg.fumei.se\/wp-content\/uploads\/2017\/04\/Mamma80-emeff2017.png?resize=350%2C200 1x, https:\/\/i0.wp.com\/blogg.fumei.se\/wp-content\/uploads\/2017\/04\/Mamma80-emeff2017.png?resize=525%2C300 1.5x"},"classes":[]},{"id":2893,"url":"https:\/\/blogg.fumei.se\/?p=2893","url_meta":{"origin":2942,"position":5},"title":"Kalasdax","author":"M :)","date":"2013-01-09","format":false,"excerpt":"F\u00f6r idag fyller v\u00e4rldens b\u00e4sta Lovisa \u00e5r!! GRATTIS \u00f6nskar moster faster, Fia, Robin och Jorge!","rel":"","context":"I \u201dVardagsliv\u201d","block_context":{"text":"Vardagsliv","link":"https:\/\/blogg.fumei.se\/?cat=47"},"img":{"alt_text":"Lovisa5-emeff2013","src":"https:\/\/i0.wp.com\/blogg.fumei.se\/wp-content\/uploads\/2013\/01\/Lovisa5-emeff2013.png?resize=350%2C200","width":350,"height":200,"srcset":"https:\/\/i0.wp.com\/blogg.fumei.se\/wp-content\/uploads\/2013\/01\/Lovisa5-emeff2013.png?resize=350%2C200 1x, https:\/\/i0.wp.com\/blogg.fumei.se\/wp-content\/uploads\/2013\/01\/Lovisa5-emeff2013.png?resize=525%2C300 1.5x"},"classes":[]}],"_links":{"self":[{"href":"https:\/\/blogg.fumei.se\/index.php?rest_route=\/wp\/v2\/posts\/2942","targetHints":{"allow":["GET"]}}],"collection":[{"href":"https:\/\/blogg.fumei.se\/index.php?rest_route=\/wp\/v2\/posts"}],"about":[{"href":"https:\/\/blogg.fumei.se\/index.php?rest_route=\/wp\/v2\/types\/post"}],"author":[{"embeddable":true,"href":"https:\/\/blogg.fumei.se\/index.php?rest_route=\/wp\/v2\/users\/1"}],"replies":[{"embeddable":true,"href":"https:\/\/blogg.fumei.se\/index.php?rest_route=%2Fwp%2Fv2%2Fcomments&post=2942"}],"version-history":[{"count":1,"href":"https:\/\/blogg.fumei.se\/index.php?rest_route=\/wp\/v2\/posts\/2942\/revisions"}],"predecessor-version":[{"id":2946,"href":"https:\/\/blogg.fumei.se\/index.php?rest_route=\/wp\/v2\/posts\/2942\/revisions\/2946"}],"wp:attachment":[{"href":"https:\/\/blogg.fumei.se\/index.php?rest_route=%2Fwp%2Fv2%2Fmedia&parent=2942"}],"wp:term":[{"taxonomy":"category","embeddable":true,"href":"https:\/\/blogg.fumei.se\/index.php?rest_route=%2Fwp%2Fv2%2Fcategories&post=2942"},{"taxonomy":"post_tag","embeddable":true,"href":"https:\/\/blogg.fumei.se\/index.php?rest_route=%2Fwp%2Fv2%2Ftags&post=2942"}],"curies":[{"name":"wp","href":"https:\/\/api.w.org\/{rel}","templated":true}]}}