{"id":2955,"date":"2013-05-21T10:53:00","date_gmt":"2013-05-21T08:53:00","guid":{"rendered":"http:\/\/blogg.fumei.se\/?p=2955"},"modified":"2024-03-31T14:42:15","modified_gmt":"2024-03-31T12:42:15","slug":"liten-blir-stor","status":"publish","type":"post","link":"https:\/\/blogg.fumei.se\/?p=2955","title":{"rendered":"Liten blir stor"},"content":{"rendered":"<p>20 \u00e5r har g\u00e5tt sen du best\u00e4mde dig f\u00f6r att nu hade vi v\u00e4ntat l\u00e4nge nog. 13 dagar drog du ut p\u00e5 det, men n\u00e4r vi v\u00e4l kom till f\u00f6rlossningen fick du br\u00e5ttom ut, bara 3,5 timme tog det innan jag fick upp dig p\u00e5 mitt br\u00f6st.<br \/>\nHela ditt liv har fortsatt likadant; i b\u00f6rjan g\u00e5r det lite tr\u00f6gt, men n\u00e4r du v\u00e4l kommer ig\u00e5ng \u00e4r du som en virvelvind!<br \/>\nIdag fyller du 20, men det k\u00e4nns ibland som om det var bara n\u00e5gra dagar sedan du kom till v\u00e4rlden. Hur gammal du \u00e4n blir s\u00e5 kommer du alltid att vara min lilla flicka!<\/p>\n<p>Jag \u00e4lskar dig! \u2665Grattis p\u00e5 f\u00f6delsedagen!<\/p>\n<p><a href=\"https:\/\/i0.wp.com\/blogg.fumei.se\/wp-content\/uploads\/2013\/05\/wpid-facebook_-968750418_20130521225259387.jpg?ssl=1\"><img data-recalc-dims=\"1\" decoding=\"async\" class=\"alignnone size-full\" title=\".facebook_-968750418_20130521225259387.jpg\" src=\"https:\/\/i0.wp.com\/blogg.fumei.se\/wp-content\/uploads\/2013\/05\/wpid-facebook_-968750418_20130521225259387.jpg?w=640&#038;ssl=1\" alt=\"image\" \/><\/a><\/p>\n","protected":false},"excerpt":{"rendered":"<p>20 \u00e5r har g\u00e5tt sen du best\u00e4mde dig f\u00f6r att nu hade vi v\u00e4ntat l\u00e4nge nog. 13 dagar drog du ut p\u00e5 det, men n\u00e4r vi v\u00e4l kom till f\u00f6rlossningen fick du br\u00e5ttom ut, bara 3,5 timme tog det innan jag fick upp dig p\u00e5 mitt br\u00f6st. Hela ditt liv har fortsatt likadant; i b\u00f6rjan&#8230;<\/p>\n","protected":false},"author":1,"featured_media":0,"comment_status":"open","ping_status":"open","sticky":false,"template":"","format":"standard","meta":{"jetpack_post_was_ever_published":false,"_jetpack_newsletter_access":"","_jetpack_dont_email_post_to_subs":false,"_jetpack_newsletter_tier_id":0,"_jetpack_memberships_contains_paywalled_content":false,"_jetpack_memberships_contains_paid_content":false,"footnotes":"","jetpack_publicize_message":"","jetpack_publicize_feature_enabled":true,"jetpack_social_post_already_shared":true,"jetpack_social_options":{"image_generator_settings":{"template":"highway","default_image_id":0,"font":"","enabled":false},"version":2}},"categories":[47],"tags":[220,106,183],"class_list":["post-2955","post","type-post","status-publish","format-standard","hentry","category-vardagsliv","tag-fira","tag-fodelsedag","tag-sophia"],"jetpack_publicize_connections":[],"jetpack_featured_media_url":"","jetpack_shortlink":"https:\/\/wp.me\/p3qko4-LF","jetpack_sharing_enabled":true,"jetpack_likes_enabled":true,"jetpack-related-posts":[{"id":806,"url":"https:\/\/blogg.fumei.se\/?p=806","url_meta":{"origin":2955,"position":0},"title":"F\u00f6delsedagsfirande","author":"M :)","date":"2009-01-18","format":false,"excerpt":"Ig\u00e5r fyllde jag som bekant \u00e5r. Nu \u00e4r jag 39. En kompis kallar mig tant, andra fr\u00e5gar hur det k\u00e4nns att snart bli 40. Vad\u00e5? No big deal, det k\u00e4nns ungef\u00e4r som alla andra dagar, tr\u00f6tt och h\u00e4ngig och pank haha. Aprop\u00e5 pank, s\u00e5 hade jag inte planerat n\u00e5got f\u00f6r\u2026","rel":"","context":"I \u201dVardagsliv\u201d","block_context":{"text":"Vardagsliv","link":"https:\/\/blogg.fumei.se\/?cat=47"},"img":{"alt_text":"","src":"","width":0,"height":0},"classes":[]},{"id":3997,"url":"https:\/\/blogg.fumei.se\/?p=3997","url_meta":{"origin":2955,"position":1},"title":"\u00c5rsredovisning","author":"M :)","date":"2016-12-31","format":false,"excerpt":"\u00c5rets sista dag \u00e4r h\u00e4r, och jag funderar lite p\u00e5 vad jag egentligen gjort det h\u00e4r \u00e5ret. Inte s\u00e5 mycket, tror jag, men jag f\u00e5r v\u00e4l stolpa upp det f\u00f6r att f\u00e5 b\u00e4ttre koll. Januari: Inget n\u00e4mnv\u00e4rt som h\u00e4nde, f\u00f6rutom mitt livs mest ledsamma f\u00f6delsedag. Ensam hemma i soffan. Best\u00e4mde\u2026","rel":"","context":"I \u201dVardagsliv\u201d","block_context":{"text":"Vardagsliv","link":"https:\/\/blogg.fumei.se\/?cat=47"},"img":{"alt_text":"","src":"https:\/\/i0.wp.com\/blogg.fumei.se\/wp-content\/uploads\/2016\/12\/5863e01e93534.image_-300x200.jpg?resize=350%2C200","width":350,"height":200},"classes":[]},{"id":3877,"url":"https:\/\/blogg.fumei.se\/?p=3877","url_meta":{"origin":2955,"position":2},"title":"\u00c5ren g\u00e5r","author":"M :)","date":"2016-04-25","format":false,"excerpt":"och barnen fyller \u00e5r. Fast numera \u00e4r de inte l\u00e4ngre barn, men de \u00e4r f\u00f6r alltid mina barn! Idag fyller Robin 20, och jag fattar fortfarande inte hur det gick till, f\u00f6r jag \u00e4r v\u00e4l inte en dag \u00f6ver 30?! GRATTIS p\u00e5 f\u00f6delsedagen \u00f6nskar mamma Fia, Linus & Juliah mormor\u2026","rel":"","context":"I \u201dFamiljen\u201d","block_context":{"text":"Familjen","link":"https:\/\/blogg.fumei.se\/?cat=34"},"img":{"alt_text":"Robin20-emeff2016","src":"https:\/\/i0.wp.com\/blogg.fumei.se\/wp-content\/uploads\/2016\/04\/Robin20-emeff2016-650x535.jpg?resize=350%2C200","width":350,"height":200,"srcset":"https:\/\/i0.wp.com\/blogg.fumei.se\/wp-content\/uploads\/2016\/04\/Robin20-emeff2016-650x535.jpg?resize=350%2C200 1x, https:\/\/i0.wp.com\/blogg.fumei.se\/wp-content\/uploads\/2016\/04\/Robin20-emeff2016-650x535.jpg?resize=525%2C300 1.5x"},"classes":[]},{"id":5193,"url":"https:\/\/blogg.fumei.se\/?p=5193","url_meta":{"origin":2955,"position":3},"title":"Barcelona!","author":"M :)","date":"2018-12-01","format":false,"excerpt":"Exakt ett \u00e5r efter att Mikael och jag tr\u00e4ffades f\u00f6r f\u00f6rsta g\u00e5ngen satte vi oss tillsammans med Mikaels barn; Melina och Max, p\u00e5 ett plan till Barcelona. Mikael fyller 50 \u00e5r, och den h\u00e4r resan \u00e4r ist\u00e4llet f\u00f6r stort kalas. Vi bor p\u00e5 ett hotell som heter Grand Havana, och\u2026","rel":"","context":"I \u201dFamiljen\u201d","block_context":{"text":"Familjen","link":"https:\/\/blogg.fumei.se\/?cat=34"},"img":{"alt_text":"","src":"https:\/\/i0.wp.com\/blogg.fumei.se\/wp-content\/uploads\/2023\/09\/72782BFD-B339-4EF0-89CD-3E8B5616D2C7_1_105_c.jpeg?resize=350%2C200","width":350,"height":200,"srcset":"https:\/\/i0.wp.com\/blogg.fumei.se\/wp-content\/uploads\/2023\/09\/72782BFD-B339-4EF0-89CD-3E8B5616D2C7_1_105_c.jpeg?resize=350%2C200 1x, https:\/\/i0.wp.com\/blogg.fumei.se\/wp-content\/uploads\/2023\/09\/72782BFD-B339-4EF0-89CD-3E8B5616D2C7_1_105_c.jpeg?resize=525%2C300 1.5x, https:\/\/i0.wp.com\/blogg.fumei.se\/wp-content\/uploads\/2023\/09\/72782BFD-B339-4EF0-89CD-3E8B5616D2C7_1_105_c.jpeg?resize=700%2C400 2x"},"classes":[]},{"id":486,"url":"https:\/\/blogg.fumei.se\/?p=486","url_meta":{"origin":2955,"position":4},"title":"S\u00f6ndag","author":"M :)","date":"2008-08-17","format":false,"excerpt":"Idag \u00e4r det dags f\u00f6r \u00e5rets husm\u00f6te. Jag bor i ett ganska litet hyreshus, en stor villa omgjord till 3 l\u00e4genheter, s\u00e5 en g\u00e5ng om \u00e5ret har vi husm\u00f6te, vi som bor h\u00e4r tillsammans med de som \u00e4ger huset. De brukar informera om st\u00f6rre saker som ska g\u00f6ras eller \u00e4ndras\u2026","rel":"","context":"I \u201dVardagsliv\u201d","block_context":{"text":"Vardagsliv","link":"https:\/\/blogg.fumei.se\/?cat=47"},"img":{"alt_text":"","src":"","width":0,"height":0},"classes":[]},{"id":796,"url":"https:\/\/blogg.fumei.se\/?p=796","url_meta":{"origin":2955,"position":5},"title":"L\u00f6rdag","author":"M :)","date":"2009-01-24","format":false,"excerpt":"\u00e4r det idag. Faktiskt. Jag \u00e4r ledig och barnen \u00e4r hemma. Eller....de var hemma en liten stund. Robin var hemma p\u00e5 dagen och har nu dragit till Henrik f\u00f6r en \u00f6vernattning. De sitter s\u00e4kert och spelar WoW halva natten. Fia sov hos Victor ig\u00e5r, s\u00e5 hon kom hem h\u00e4r p\u00e5\u2026","rel":"","context":"I \u201dVardagsliv\u201d","block_context":{"text":"Vardagsliv","link":"https:\/\/blogg.fumei.se\/?cat=47"},"img":{"alt_text":"","src":"","width":0,"height":0},"classes":[]}],"_links":{"self":[{"href":"https:\/\/blogg.fumei.se\/index.php?rest_route=\/wp\/v2\/posts\/2955","targetHints":{"allow":["GET"]}}],"collection":[{"href":"https:\/\/blogg.fumei.se\/index.php?rest_route=\/wp\/v2\/posts"}],"about":[{"href":"https:\/\/blogg.fumei.se\/index.php?rest_route=\/wp\/v2\/types\/post"}],"author":[{"embeddable":true,"href":"https:\/\/blogg.fumei.se\/index.php?rest_route=\/wp\/v2\/users\/1"}],"replies":[{"embeddable":true,"href":"https:\/\/blogg.fumei.se\/index.php?rest_route=%2Fwp%2Fv2%2Fcomments&post=2955"}],"version-history":[{"count":1,"href":"https:\/\/blogg.fumei.se\/index.php?rest_route=\/wp\/v2\/posts\/2955\/revisions"}],"predecessor-version":[{"id":6791,"href":"https:\/\/blogg.fumei.se\/index.php?rest_route=\/wp\/v2\/posts\/2955\/revisions\/6791"}],"wp:attachment":[{"href":"https:\/\/blogg.fumei.se\/index.php?rest_route=%2Fwp%2Fv2%2Fmedia&parent=2955"}],"wp:term":[{"taxonomy":"category","embeddable":true,"href":"https:\/\/blogg.fumei.se\/index.php?rest_route=%2Fwp%2Fv2%2Fcategories&post=2955"},{"taxonomy":"post_tag","embeddable":true,"href":"https:\/\/blogg.fumei.se\/index.php?rest_route=%2Fwp%2Fv2%2Ftags&post=2955"}],"curies":[{"name":"wp","href":"https:\/\/api.w.org\/{rel}","templated":true}]}}