{"id":2966,"date":"2013-05-29T12:08:31","date_gmt":"2013-05-29T10:08:31","guid":{"rendered":"http:\/\/blogg.fumei.se\/?p=2966"},"modified":"2013-06-09T12:09:59","modified_gmt":"2013-06-09T10:09:59","slug":"och-hor-sen","status":"publish","type":"post","link":"https:\/\/blogg.fumei.se\/?p=2966","title":{"rendered":"Och h\u00f6r sen!"},"content":{"rendered":"<div>Om du l\u00e4ser den h\u00e4r bloggen n\u00e4r det skrivs n\u00e5got h\u00e4r, s\u00e5 vet du att jag fick en <a href=\"https:\/\/blogg.fumei.se\/?p=2928\" target=\"_blank\">kallelse ttill h\u00f6rcentralen<\/a>. Jag var d\u00e4r, och audionomen sa att det var solklart att jag h\u00f6r mycket s\u00e4mre p\u00e5 v\u00e4nster \u00f6ra \u00e4n p\u00e5 h\u00f6ger.<br \/>\nTyv\u00e4rr kunde hon inte g\u00f6ra n\u00e5got mer d\u00e4r, eftersom det ser ut som det g\u00f6r inuti mitt v\u00e4nster\u00f6ra, s\u00e5 hon skickade en remiss till h\u00f6rselmottagningen p\u00e5 KSS.<br \/>\nD\u00e4r har de ett lite annorlunda remisssystem tydligen. I vilket fall som helst har jag aldrig varit med om att en remiss skickas och s\u00e5 f\u00e5r man ett brev att man sj\u00e4lv ska ringa och bka in en tid, men jag gjorde som det stod i brevet.<\/div>\n<div>\u00a0<\/div>\n<div>Men\u00a0s\u00e5 \u00e4r jag ju ibland lite l\u00e4tt vimsig och gl\u00f6mmer saker, s\u00e4rskilt n\u00e4r det \u00e4r mycket omkring mig och p\u00e5 jobbet, s\u00e5 jag missade helt att jag hade den tiden inbokad och tog ist\u00e4llet p\u00e5 mig ett extrapass p\u00e5 jobbet.<br \/>\nN\u00e4r jag sen ringde f\u00f6r att boka om tiden, s\u00e5 fick jag veta att eftersom jag inte kommit p\u00e5 utsatt tid, s\u00e5 hade de skickat tillbaka remissen till h\u00f6rcentralen i Falk\u00f6ping, s\u00e5 nu m\u00e5ste jag f\u00f6rst kontakta dem f\u00f6r att de ska skicka en ny remiss till KSS innan jag kan f\u00e5 en ny tid! Verkar otroligt kr\u00e5ngligt i on\u00f6dan. Dessutom st\u00e4nger mottagningar och drar ner p\u00e5 personal under sommaren, s\u00e5 jag t\u00e4nker avvakta till efter sommaren.<\/div>\n","protected":false},"excerpt":{"rendered":"<p>Om du l\u00e4ser den h\u00e4r bloggen n\u00e4r det skrivs n\u00e5got h\u00e4r, s\u00e5 vet du att jag fick en kallelse ttill h\u00f6rcentralen. Jag var d\u00e4r, och audionomen sa att det var solklart att jag h\u00f6r mycket s\u00e4mre p\u00e5 v\u00e4nster \u00f6ra \u00e4n p\u00e5 h\u00f6ger. Tyv\u00e4rr kunde hon inte g\u00f6ra n\u00e5got mer d\u00e4r, eftersom det ser ut som&#8230;<\/p>\n","protected":false},"author":1,"featured_media":0,"comment_status":"open","ping_status":"open","sticky":false,"template":"","format":"standard","meta":{"jetpack_post_was_ever_published":false,"_jetpack_newsletter_access":"","_jetpack_dont_email_post_to_subs":false,"_jetpack_newsletter_tier_id":0,"_jetpack_memberships_contains_paywalled_content":false,"_jetpack_memberships_contains_paid_content":false,"footnotes":"","jetpack_publicize_message":"","jetpack_publicize_feature_enabled":true,"jetpack_social_post_already_shared":true,"jetpack_social_options":{"image_generator_settings":{"template":"highway","default_image_id":0,"font":"","enabled":false},"version":2}},"categories":[47],"tags":[250,251,246,247],"class_list":["post-2966","post","type-post","status-publish","format-standard","hentry","category-vardagsliv","tag-hora","tag-klantig","tag-oron","tag-sjukhus"],"jetpack_publicize_connections":[],"jetpack_featured_media_url":"","jetpack_shortlink":"https:\/\/wp.me\/p3qko4-LQ","jetpack_sharing_enabled":true,"jetpack_likes_enabled":true,"jetpack-related-posts":[{"id":3985,"url":"https:\/\/blogg.fumei.se\/?p=3985","url_meta":{"origin":2966,"position":0},"title":"H\u00f6r upp!","author":"M :)","date":"2016-12-06","format":false,"excerpt":"Innan jag flyttade till G\u00f6teborg var jag ju iv\u00e4g och kollade h\u00f6rseln f\u00f6r att eventuellt g\u00f6ra n\u00e5got \u00e5t den. H\u00e4r kan man l\u00e4sa om det. Nu tog jag tag i det d\u00e4r en g\u00e5ng f\u00f6r alla, s\u00e5 i oktober var jag p\u00e5 ny h\u00f6rselkontroll, och audionomen sa att i princip\u2026","rel":"","context":"I \u201dVardagsliv\u201d","block_context":{"text":"Vardagsliv","link":"https:\/\/blogg.fumei.se\/?cat=47"},"img":{"alt_text":"","src":"https:\/\/i0.wp.com\/blogg.fumei.se\/wp-content\/uploads\/2016\/12\/20161205_123507-180x180.jpg?resize=350%2C200","width":350,"height":200},"classes":[]},{"id":3124,"url":"https:\/\/blogg.fumei.se\/?p=3124","url_meta":{"origin":2966,"position":1},"title":"Ska man skratta eller gr\u00e5ta?","author":"M :)","date":"2013-09-15","format":false,"excerpt":"Numera \u00e4r jag ju student, och fattig s\u00e5dan dessutom. Men kursb\u00f6cker m\u00e5ste man ju \u00e4nd\u00e5 ha f\u00f6r \u00e4nd\u00e5 att kunna plugga, s\u00e5 jag lade ut en annons p\u00e5 Blocket med en lista p\u00e5 de b\u00f6cker jag ville k\u00f6pa. Jag fick ett par snabba svar, och valde ut en som beg\u00e4rde\u2026","rel":"","context":"I \u201dVardagsliv\u201d","block_context":{"text":"Vardagsliv","link":"https:\/\/blogg.fumei.se\/?cat=47"},"img":{"alt_text":"","src":"","width":0,"height":0},"classes":[]},{"id":685,"url":"https:\/\/blogg.fumei.se\/?p=685","url_meta":{"origin":2966,"position":2},"title":"SJ, SJ gamle v\u00e4n&#8230;","author":"M :)","date":"2008-11-11","format":false,"excerpt":"\"...festligt att du lever \u00e4n. Men du ser r\u00e4tt krasslig ut, snart h\u00f6rs ditt sista tjut.\" S\u00e5 gick en gammal l\u00e5t av Stefan Demert. Det var n\u00e5n g\u00e5ngn\u00a0 b\u00f6rjan av 70-talet, men man har v\u00e4l tyckt s\u00e5 i m\u00e5nga \u00e5r nu... Jag sj\u00e4lv har, trots att jag \u00e5ker t\u00e5g varje\u2026","rel":"","context":"I \u201dVardagsliv\u201d","block_context":{"text":"Vardagsliv","link":"https:\/\/blogg.fumei.se\/?cat=47"},"img":{"alt_text":"","src":"","width":0,"height":0},"classes":[]},{"id":5107,"url":"https:\/\/blogg.fumei.se\/?p=5107","url_meta":{"origin":2966,"position":3},"title":"\u2665\ufe0e Min mamma \u2665\ufe0e","author":"M :)","date":"2022-03-16","format":false,"excerpt":"Min mamma, Lis Fumei, f\u00f6ddes 15 April 1937 i Herning i Danmark. Hon var nummer sju av tolv barn till Ingeborg Elisabeth L\u00f8vstad och Aage Christian L\u00f8vstad.Pappa Aage var snickare vid j\u00e4rnv\u00e4gen och mamma Ingeborg var hemmafru med allt vad det innebar, med alla barnen och ett hush\u00e5ll att ta\u2026","rel":"","context":"I \u201dFamiljen\u201d","block_context":{"text":"Familjen","link":"https:\/\/blogg.fumei.se\/?cat=34"},"img":{"alt_text":"","src":"https:\/\/i0.wp.com\/blogg.fumei.se\/wp-content\/uploads\/2022\/11\/BEFDDF98-BDCB-4E63-B088-B3B56E759D0C_1_201_a.jpeg?resize=350%2C200&ssl=1","width":350,"height":200,"srcset":"https:\/\/i0.wp.com\/blogg.fumei.se\/wp-content\/uploads\/2022\/11\/BEFDDF98-BDCB-4E63-B088-B3B56E759D0C_1_201_a.jpeg?resize=350%2C200&ssl=1 1x, https:\/\/i0.wp.com\/blogg.fumei.se\/wp-content\/uploads\/2022\/11\/BEFDDF98-BDCB-4E63-B088-B3B56E759D0C_1_201_a.jpeg?resize=525%2C300&ssl=1 1.5x, https:\/\/i0.wp.com\/blogg.fumei.se\/wp-content\/uploads\/2022\/11\/BEFDDF98-BDCB-4E63-B088-B3B56E759D0C_1_201_a.jpeg?resize=700%2C400&ssl=1 2x"},"classes":[]},{"id":885,"url":"https:\/\/blogg.fumei.se\/?p=885","url_meta":{"origin":2966,"position":4},"title":"L\u00e4nge sen sist.","author":"M :)","date":"2009-03-01","format":false,"excerpt":"Nu var det \u00e5terigen ett l\u00e5ngt glapp mellan inl\u00e4ggen h\u00e4r. Det har varit en sp\u00e4ckad vecka med massor att g\u00f6ra p\u00e5 jobbet och \u00e4ven hemma har jag haft fullt upp med att rensa, sortera och f\u00f6rs\u00f6ka packa lite. Men lite annat har jag hunnit med, b\u00e5de roligt och mindre roligt.\u2026","rel":"","context":"I \u201dVardagsliv\u201d","block_context":{"text":"Vardagsliv","link":"https:\/\/blogg.fumei.se\/?cat=47"},"img":{"alt_text":"","src":"","width":0,"height":0},"classes":[]},{"id":244,"url":"https:\/\/blogg.fumei.se\/?p=244","url_meta":{"origin":2966,"position":5},"title":"I v\u00e4ntans tider","author":"M :)","date":"2010-05-03","format":false,"excerpt":"Inget brev ifr\u00e5n Migrationsverket idag heller. Det b\u00f6rjar bli lite tjatigt det h\u00e4r. Jag ger dem en vecka till, sen ringer jag och kollar om de har n\u00e5t besked p\u00e5 G eller inte. J sa att han skulle ringa ambassaden i Guatemala idag, men jag p\u00e5pekade att de har knappast\u2026","rel":"","context":"I \u201dVardagsliv\u201d","block_context":{"text":"Vardagsliv","link":"https:\/\/blogg.fumei.se\/?cat=47"},"img":{"alt_text":"","src":"","width":0,"height":0},"classes":[]}],"_links":{"self":[{"href":"https:\/\/blogg.fumei.se\/index.php?rest_route=\/wp\/v2\/posts\/2966","targetHints":{"allow":["GET"]}}],"collection":[{"href":"https:\/\/blogg.fumei.se\/index.php?rest_route=\/wp\/v2\/posts"}],"about":[{"href":"https:\/\/blogg.fumei.se\/index.php?rest_route=\/wp\/v2\/types\/post"}],"author":[{"embeddable":true,"href":"https:\/\/blogg.fumei.se\/index.php?rest_route=\/wp\/v2\/users\/1"}],"replies":[{"embeddable":true,"href":"https:\/\/blogg.fumei.se\/index.php?rest_route=%2Fwp%2Fv2%2Fcomments&post=2966"}],"version-history":[{"count":3,"href":"https:\/\/blogg.fumei.se\/index.php?rest_route=\/wp\/v2\/posts\/2966\/revisions"}],"predecessor-version":[{"id":2970,"href":"https:\/\/blogg.fumei.se\/index.php?rest_route=\/wp\/v2\/posts\/2966\/revisions\/2970"}],"wp:attachment":[{"href":"https:\/\/blogg.fumei.se\/index.php?rest_route=%2Fwp%2Fv2%2Fmedia&parent=2966"}],"wp:term":[{"taxonomy":"category","embeddable":true,"href":"https:\/\/blogg.fumei.se\/index.php?rest_route=%2Fwp%2Fv2%2Fcategories&post=2966"},{"taxonomy":"post_tag","embeddable":true,"href":"https:\/\/blogg.fumei.se\/index.php?rest_route=%2Fwp%2Fv2%2Ftags&post=2966"}],"curies":[{"name":"wp","href":"https:\/\/api.w.org\/{rel}","templated":true}]}}