{"id":297,"date":"2010-02-15T16:41:00","date_gmt":"2010-02-15T16:41:00","guid":{"rendered":"\/Blogg\/post\/Ah-ah-ahhhhhh!.aspx"},"modified":"2024-03-24T17:12:26","modified_gmt":"2024-03-24T16:12:26","slug":"ah-ah-ahhhhhh","status":"publish","type":"post","link":"https:\/\/blogg.fumei.se\/?p=297","title":{"rendered":"\u00c5h \u00e5h \u00e5hhhhhh!"},"content":{"rendered":"<p>Precis s\u00e5 sa (hojtade) jag n\u00e4r jag s\u00e5g <a href=\"http:\/\/www.aftonbladet.se\/nojesbladet\/musik\/article6607384.ab\" target=\"_blank\" rel=\"noopener\">den h\u00e4r <\/a>artikeln i Aftonbladet idag. Jag ville ju varit iv\u00e4g och sett dem i Globen redan i h\u00f6stas, men nu f\u00e5r jag allts\u00e5 en andra chans redan i sommar. Mitt st\u00f6rsta problem blir att f\u00e5 tag i biljett, f\u00f6r jag kommer <em>inte<\/em> att ha r\u00e5d att k\u00f6pa en samma dag de sl\u00e4pps.<br \/>\nSen \u00e4r jag r\u00e4tt s\u00e4ker p\u00e5 att killarna klarar av att fylla Ullevi, men g\u00f6r Pink det?<\/p>\n","protected":false},"excerpt":{"rendered":"<p>Precis s\u00e5 sa (hojtade) jag n\u00e4r jag s\u00e5g den h\u00e4r artikeln i Aftonbladet idag. Jag ville ju varit iv\u00e4g och sett dem i Globen redan i h\u00f6stas, men nu f\u00e5r jag allts\u00e5 en andra chans redan i sommar. Mitt st\u00f6rsta problem blir att f\u00e5 tag i biljett, f\u00f6r jag kommer inte att ha r\u00e5d att&#8230;<\/p>\n","protected":false},"author":1,"featured_media":0,"comment_status":"open","ping_status":"open","sticky":false,"template":"","format":"standard","meta":{"jetpack_post_was_ever_published":false,"_jetpack_newsletter_access":"","_jetpack_dont_email_post_to_subs":false,"_jetpack_newsletter_tier_id":0,"_jetpack_memberships_contains_paywalled_content":false,"_jetpack_memberships_contains_paid_content":false,"footnotes":"","jetpack_publicize_message":"","jetpack_publicize_feature_enabled":true,"jetpack_social_post_already_shared":false,"jetpack_social_options":{"image_generator_settings":{"template":"highway","default_image_id":0,"font":"","enabled":false},"version":2}},"categories":[47],"tags":[],"class_list":["post-297","post","type-post","status-publish","format-standard","hentry","category-vardagsliv"],"jetpack_publicize_connections":[],"jetpack_featured_media_url":"","jetpack_shortlink":"https:\/\/wp.me\/p3qko4-4N","jetpack_sharing_enabled":true,"jetpack_likes_enabled":true,"jetpack-related-posts":[{"id":1202,"url":"https:\/\/blogg.fumei.se\/?p=1202","url_meta":{"origin":297,"position":0},"title":"L\u00f6rdagsn\u00f6je","author":"M :)","date":"2009-11-07","format":false,"excerpt":"Ibland kan det vara kul att bryta av vardagen (ja, l\u00f6rdag \u00e4r som vilken vardga som helst f\u00f6r mig...) med n\u00e5t man inte g\u00f6r varje dag. S\u00e5 idag for jag till Ullared. Det var Kommunals sektion p\u00e5 jobbet som bj\u00f6d p\u00e5 resan som en del i 10-\u00e5rsjubileet. Vi som \u00e5kte\u2026","rel":"","context":"I \u201dVardagsliv\u201d","block_context":{"text":"Vardagsliv","link":"https:\/\/blogg.fumei.se\/?cat=47"},"img":{"alt_text":"","src":"","width":0,"height":0},"classes":[]},{"id":2007,"url":"https:\/\/blogg.fumei.se\/?p=2007","url_meta":{"origin":297,"position":1},"title":"\u00c4h, men skit ocks\u00e5, d\u00e5&#8230;","author":"M :)","date":"2012-01-06","format":false,"excerpt":"Jag missade att avbest\u00e4lla m\u00e5nadens bokpaket fr\u00e5n Pocketsmart, s\u00e5 idag fick jag sn\u00e4llt h\u00e4mta ut ett par nya pocketb\u00f6cker. Blev lite gladare av att den ena var Anders Fagers\u00a0 Samlade svenska kulter. Den andra var Viveca Stens I natt \u00e4r du d\u00f6d. Jag gav den till mor.) Gills det om\u2026","rel":"","context":"I \u201dB\u00f6cker och l\u00e4sning\u201d","block_context":{"text":"B\u00f6cker och l\u00e4sning","link":"https:\/\/blogg.fumei.se\/?cat=29"},"img":{"alt_text":"","src":"https:\/\/i0.wp.com\/blogg.fumei.se\/wp-content\/uploads\/2012\/01\/2012-01-06-14.48.49-225x300.jpg?resize=350%2C200","width":350,"height":200},"classes":[]},{"id":5190,"url":"https:\/\/blogg.fumei.se\/?p=5190","url_meta":{"origin":297,"position":2},"title":"Flyttbestyr","author":"M :)","date":"2018-11-13","format":false,"excerpt":"I flera dagar har jag rensat, packat, sk\u00e4nkt och sl\u00e4ngt av alla mina saker, och idag st\u00e4ngde jag igen den sista flyttkartongen.Imorgon bitti i kommer flyttfirman och h\u00e4mtar alla mina tillh\u00f6righeter, och s\u00e5 b\u00e4r det av mot S\u00e4vedalen. Jag har sagt upp l\u00e4genheten i Bergsj\u00f6n och nu ska vi f\u00f6rs\u00f6ka\u2026","rel":"","context":"I \u201dHemmet\u201d","block_context":{"text":"Hemmet","link":"https:\/\/blogg.fumei.se\/?cat=31"},"img":{"alt_text":"","src":"","width":0,"height":0},"classes":[]},{"id":123,"url":"https:\/\/blogg.fumei.se\/?p=123","url_meta":{"origin":297,"position":3},"title":"30-dagarslista; Dag 12","author":"M :)","date":"2011-01-14","format":false,"excerpt":"Dag 12: En bild p\u00e5 ditt favoritminne. \u00c5h herre jissus, det finns s\u00e5 m\u00e5nga favoriter, jag kan inte v\u00e4lja en, och jag har inga foton p\u00e5 de flesta av dem.Sj\u00e4lvklar delar mina barns ankomst till v\u00e4rlden p\u00e5 f\u00f6rstaplatsen, men d\u00e4r finns ocks\u00e5 andra p\u00e5 listan, tex n\u00e4r jag tr\u00e4ffade J,\u2026","rel":"","context":"I \u201dVardagsliv\u201d","block_context":{"text":"Vardagsliv","link":"https:\/\/blogg.fumei.se\/?cat=47"},"img":{"alt_text":"","src":"","width":0,"height":0},"classes":[]},{"id":65,"url":"https:\/\/blogg.fumei.se\/?p=65","url_meta":{"origin":297,"position":4},"title":"30 dagar i b\u00f6cker &#8211; Dag 18","author":"M :)","date":"2011-02-23","format":false,"excerpt":"Day 18 \u2013 A book that disappointed you \"Vi, de drunknade\" av Carsten Jensen. Om jag s\u00e4ger s\u00e5 h\u00e4r: jag h\u00f6rde bara goda ord och positiv kritik om den h\u00e4r boken, och skulle f\u00e5 l\u00e5na den av en arbetskamrat. En dag kom hon med ett paket, det visade sig att\u2026","rel":"","context":"I \u201dVardagsliv\u201d","block_context":{"text":"Vardagsliv","link":"https:\/\/blogg.fumei.se\/?cat=47"},"img":{"alt_text":"","src":"https:\/\/i0.wp.com\/blogg.fumei.se\/wp-content\/uploads\/2011\/02\/drunknade.png?resize=350%2C200","width":350,"height":200},"classes":[]},{"id":117,"url":"https:\/\/blogg.fumei.se\/?p=117","url_meta":{"origin":297,"position":5},"title":"30-dagarslista; Dag 15","author":"M :)","date":"2011-01-16","format":false,"excerpt":"Dag 15: En bild p\u00e5 n\u00e5got du vill g\u00f6ra innan du d\u00f6r. \u00c5h men herregud vad ska jag v\u00e4lja? Jag vill ju ta k\u00f6rkort bli skuldfri och en hel del andra saker ocks\u00e5...men fr\u00e4mst dessa tv\u00e5.","rel":"","context":"I \u201dVardagsliv\u201d","block_context":{"text":"Vardagsliv","link":"https:\/\/blogg.fumei.se\/?cat=47"},"img":{"alt_text":"","src":"","width":0,"height":0},"classes":[]}],"_links":{"self":[{"href":"https:\/\/blogg.fumei.se\/index.php?rest_route=\/wp\/v2\/posts\/297","targetHints":{"allow":["GET"]}}],"collection":[{"href":"https:\/\/blogg.fumei.se\/index.php?rest_route=\/wp\/v2\/posts"}],"about":[{"href":"https:\/\/blogg.fumei.se\/index.php?rest_route=\/wp\/v2\/types\/post"}],"author":[{"embeddable":true,"href":"https:\/\/blogg.fumei.se\/index.php?rest_route=\/wp\/v2\/users\/1"}],"replies":[{"embeddable":true,"href":"https:\/\/blogg.fumei.se\/index.php?rest_route=%2Fwp%2Fv2%2Fcomments&post=297"}],"version-history":[{"count":1,"href":"https:\/\/blogg.fumei.se\/index.php?rest_route=\/wp\/v2\/posts\/297\/revisions"}],"predecessor-version":[{"id":6689,"href":"https:\/\/blogg.fumei.se\/index.php?rest_route=\/wp\/v2\/posts\/297\/revisions\/6689"}],"wp:attachment":[{"href":"https:\/\/blogg.fumei.se\/index.php?rest_route=%2Fwp%2Fv2%2Fmedia&parent=297"}],"wp:term":[{"taxonomy":"category","embeddable":true,"href":"https:\/\/blogg.fumei.se\/index.php?rest_route=%2Fwp%2Fv2%2Fcategories&post=297"},{"taxonomy":"post_tag","embeddable":true,"href":"https:\/\/blogg.fumei.se\/index.php?rest_route=%2Fwp%2Fv2%2Ftags&post=297"}],"curies":[{"name":"wp","href":"https:\/\/api.w.org\/{rel}","templated":true}]}}