{"id":2971,"date":"2013-06-01T17:11:42","date_gmt":"2013-06-01T15:11:42","guid":{"rendered":"http:\/\/blogg.fumei.se\/?p=2971"},"modified":"2013-06-09T12:40:30","modified_gmt":"2013-06-09T10:40:30","slug":"buzzning-barnangen-duschcreme","status":"publish","type":"post","link":"https:\/\/blogg.fumei.se\/?p=2971","title":{"rendered":"Buzzning &#8211; Barn\u00e4ngen duschcreme"},"content":{"rendered":"<p>Jag blev en av de utvalda <a href=\"http:\/\/www.buzzador.com\/\" target=\"_blank\">buzzadorerna <\/a>att testa Barn\u00e4ngens nya duschcreme <a href=\"http:\/\/barnangen.se\/produkter\/\" target=\"_blank\">Shower + Lotion<\/a>.<\/p>\n<p>Mitt sociala umg\u00e4nge den senaste tiden har varit lite i stiltje, s\u00e5 jag efterlyste testare p\u00e5 Facebook, och n\u00e4r jag f\u00e5tt ihop ett g\u00e4ng s\u00e5 f\u00f6delade jag duschcremen i mindre flaskor som jag skickade till var och en tillsammans med ett papper om produkten och om hur och vad jag vill att de ska g\u00f6ra (i princip samma saker som jag sj\u00e4lv g\u00f6r).<br \/>\nDottern och hennes kille fick en flaska och jag har ju min.<\/p>\n<p><a href=\"https:\/\/blogg.fumei.se\/?attachment_id=2972\" rel=\"attachment wp-att-2972\"><img data-recalc-dims=\"1\" loading=\"lazy\" decoding=\"async\" data-attachment-id=\"2972\" data-permalink=\"https:\/\/blogg.fumei.se\/?attachment_id=2972\" data-orig-file=\"https:\/\/i0.wp.com\/blogg.fumei.se\/wp-content\/uploads\/2013\/06\/shower%2Blotionbloggbild.png?fit=616%2C266&amp;ssl=1\" data-orig-size=\"616,266\" data-comments-opened=\"1\" data-image-meta=\"{&quot;aperture&quot;:&quot;0&quot;,&quot;credit&quot;:&quot;&quot;,&quot;camera&quot;:&quot;&quot;,&quot;caption&quot;:&quot;&quot;,&quot;created_timestamp&quot;:&quot;0&quot;,&quot;copyright&quot;:&quot;&quot;,&quot;focal_length&quot;:&quot;0&quot;,&quot;iso&quot;:&quot;0&quot;,&quot;shutter_speed&quot;:&quot;0&quot;,&quot;title&quot;:&quot;&quot;}\" data-image-title=\"shower+lotionbloggbild\" data-image-description=\"\" data-image-caption=\"\" data-large-file=\"https:\/\/i0.wp.com\/blogg.fumei.se\/wp-content\/uploads\/2013\/06\/shower%2Blotionbloggbild.png?fit=616%2C266&amp;ssl=1\" class=\"aligncenter size-full wp-image-2972\" alt=\"shower+lotionbloggbild\" src=\"https:\/\/i0.wp.com\/blogg.fumei.se\/wp-content\/uploads\/2013\/06\/shower%2Blotionbloggbild.png?resize=616%2C266&#038;ssl=1\" width=\"616\" height=\"266\" srcset=\"https:\/\/i0.wp.com\/blogg.fumei.se\/wp-content\/uploads\/2013\/06\/shower%2Blotionbloggbild.png?w=616&amp;ssl=1 616w, https:\/\/i0.wp.com\/blogg.fumei.se\/wp-content\/uploads\/2013\/06\/shower%2Blotionbloggbild.png?resize=300%2C129&amp;ssl=1 300w\" sizes=\"auto, (max-width: 616px) 100vw, 616px\" \/><\/a><\/p>\n<p>Personligen tycker jag att cremen \u00e4r v\u00e4ldigt bra! Den \u00e4r dryg, man beh\u00f6ver inte alls ta mycket f\u00f6r att det ska r\u00e4cka till hela kroppen. Den l\u00e4mnar verkligen en k\u00e4nsla av att man b\u00e5de \u00e4r ren och mjuk i huden efter\u00e5t, men efter 8 timmar p\u00e5 jobbet har lotioneffekten l\u00e4mnat huden och jag kan k\u00e4nna att det b\u00f6rjar strama och klia, fr\u00e4mst p\u00e5 underbenen, som \u00e4r mitt stora problemomr\u00e5de.<br \/>\nI vanliga fall sm\u00f6rjer jag mina underben med olja och feta cremer f\u00f6r att jag \u00e4r s\u00e5 himla torr att det kliar praktiskt taget hela tiden, men duschcremen g\u00f6r att jag inte beh\u00f6ver klia p\u00e5 n\u00e5gra timmar. Det \u00e4r nog enda nackdelen jag kan komma p\u00e5.<br \/>\nNu till sommaren blir det nog lite jobbigt f\u00f6r den som vill steka sig i solen eller bada, f\u00f6r effekten av dushcremen faller ju bort om man sm\u00f6rjer sig med solskuddscreme eller om man badar. Hur det k\u00e4nns att ha anv\u00e4nt den efter dusch efter solning eller bad vet jag inte \u00e4n, men kan t\u00e4nka mig att det kan vara ganska sk\u00f6nt att slippa sm\u00f6rja in sig igen.<\/p>\n<p>Mina minitestare h\u00e5ller p\u00e5 f\u00f6r fullt och testar och jag samlar in info lite i taget, s\u00e5 vidare utv\u00e4rdering kommer l\u00e4ngre fram.<\/p>\n","protected":false},"excerpt":{"rendered":"<p>Jag blev en av de utvalda buzzadorerna att testa Barn\u00e4ngens nya duschcreme Shower + Lotion. Mitt sociala umg\u00e4nge den senaste tiden har varit lite i stiltje, s\u00e5 jag efterlyste testare p\u00e5 Facebook, och n\u00e4r jag f\u00e5tt ihop ett g\u00e4ng s\u00e5 f\u00f6delade jag duschcremen i mindre flaskor som jag skickade till var och en tillsammans med&#8230;<\/p>\n","protected":false},"author":1,"featured_media":0,"comment_status":"open","ping_status":"open","sticky":false,"template":"","format":"standard","meta":{"jetpack_post_was_ever_published":false,"_jetpack_newsletter_access":"","_jetpack_dont_email_post_to_subs":false,"_jetpack_newsletter_tier_id":0,"_jetpack_memberships_contains_paywalled_content":false,"_jetpack_memberships_contains_paid_content":false,"footnotes":"","jetpack_publicize_message":"","jetpack_publicize_feature_enabled":true,"jetpack_social_post_already_shared":true,"jetpack_social_options":{"image_generator_settings":{"template":"highway","default_image_id":0,"font":"","enabled":false},"version":2}},"categories":[47],"tags":[252,51,253],"class_list":["post-2971","post","type-post","status-publish","format-standard","hentry","category-vardagsliv","tag-barnangen","tag-buzzador","tag-duschcreme"],"jetpack_publicize_connections":[],"jetpack_featured_media_url":"","jetpack_shortlink":"https:\/\/wp.me\/p3qko4-LV","jetpack_sharing_enabled":true,"jetpack_likes_enabled":true,"jetpack-related-posts":[{"id":6873,"url":"https:\/\/blogg.fumei.se\/?p=6873","url_meta":{"origin":2971,"position":0},"title":"\u00d6lprovning","author":"M :)","date":"2024-03-23","format":false,"excerpt":"Vi hade en liten \u00f6lprovning h\u00e4r hemma ig\u00e5r kv\u00e4ll. Jag fick en flaska av Emma p\u00e5 jobbet, hennes man Bob brygger eget \u00f6l. Just den h\u00e4r sorten ska han t\u00e4vla med, s\u00e5 Emma var lite nyfiken p\u00e5 vad jag och Mikael tycker, eftersom hon vet att vi uppskattar en god\u2026","rel":"","context":"I \u201dMat och \u00e4tbart\u201d","block_context":{"text":"Mat och \u00e4tbart","link":"https:\/\/blogg.fumei.se\/?cat=206"},"img":{"alt_text":"","src":"https:\/\/i0.wp.com\/blogg.fumei.se\/wp-content\/uploads\/2024\/05\/BA52853C-D126-4A64-BF1E-5E35EADDEFA1_1_105_c.jpeg?resize=350%2C200&ssl=1","width":350,"height":200,"srcset":"https:\/\/i0.wp.com\/blogg.fumei.se\/wp-content\/uploads\/2024\/05\/BA52853C-D126-4A64-BF1E-5E35EADDEFA1_1_105_c.jpeg?resize=350%2C200&ssl=1 1x, https:\/\/i0.wp.com\/blogg.fumei.se\/wp-content\/uploads\/2024\/05\/BA52853C-D126-4A64-BF1E-5E35EADDEFA1_1_105_c.jpeg?resize=525%2C300&ssl=1 1.5x, https:\/\/i0.wp.com\/blogg.fumei.se\/wp-content\/uploads\/2024\/05\/BA52853C-D126-4A64-BF1E-5E35EADDEFA1_1_105_c.jpeg?resize=700%2C400&ssl=1 2x"},"classes":[]},{"id":2746,"url":"https:\/\/blogg.fumei.se\/?p=2746","url_meta":{"origin":2971,"position":1},"title":"Buzzning: Pantene Pro-V","author":"M :)","date":"2012-08-26","format":false,"excerpt":"Detta erbjudande \u00e4r inte l\u00e4ngre aktuellt! Jag \u00e4r en Buzzador. Det inneb\u00e4r att jag med j\u00e4mna mellanrum f\u00e5r erbjudanden om att testa produkter eller tj\u00e4nster \u00e5t olika f\u00f6retag, att ber\u00e4tta om produkten\/tj\u00e4nsten f\u00f6r v\u00e4nner, bekanta och kollegor och att jag sedan rapporterar vad jag och de jag \"buzzat\" f\u00f6r tyckte\u2026","rel":"","context":"I \u201dVardagsliv\u201d","block_context":{"text":"Vardagsliv","link":"https:\/\/blogg.fumei.se\/?cat=47"},"img":{"alt_text":"","src":"https:\/\/i0.wp.com\/blogg.fumei.se\/wp-content\/uploads\/2012\/08\/pantene4.png?resize=350%2C200","width":350,"height":200},"classes":[]},{"id":7137,"url":"https:\/\/blogg.fumei.se\/?p=7137","url_meta":{"origin":2971,"position":2},"title":"Glad 1:a advent!","author":"M :)","date":"2024-12-01","format":false,"excerpt":"I flera veckor har vi bombarderats med julskyltning, reklam och diverse jul-relaterade varor i butikerna. Men jag har som princip att inte plocka fram n\u00e5got h\u00e4r hemma innan det \u00e4r dags att ta fram - till att b\u00f6rja med - ljusstakar och stj\u00e4rnor, eller att \u00e4ta eller dricka varken pepparkakor,\u2026","rel":"","context":"I \u201dVardagsliv\u201d","block_context":{"text":"Vardagsliv","link":"https:\/\/blogg.fumei.se\/?cat=47"},"img":{"alt_text":"","src":"https:\/\/i0.wp.com\/blogg.fumei.se\/wp-content\/uploads\/2024\/12\/604E3EBA-3F36-4BB6-9580-8462B3BFCE89_1_105_c-e1733239978434.jpeg?resize=350%2C200","width":350,"height":200,"srcset":"https:\/\/i0.wp.com\/blogg.fumei.se\/wp-content\/uploads\/2024\/12\/604E3EBA-3F36-4BB6-9580-8462B3BFCE89_1_105_c-e1733239978434.jpeg?resize=350%2C200 1x, https:\/\/i0.wp.com\/blogg.fumei.se\/wp-content\/uploads\/2024\/12\/604E3EBA-3F36-4BB6-9580-8462B3BFCE89_1_105_c-e1733239978434.jpeg?resize=525%2C300 1.5x"},"classes":[]},{"id":1707,"url":"https:\/\/blogg.fumei.se\/?p=1707","url_meta":{"origin":2971,"position":3},"title":"Godmorgon?","author":"M :)","date":"2011-11-11","format":false,"excerpt":"Gick och lade mig med v\u00e4rkande t\u00e5 men med sm\u00e4rtstillande piller i kroppen, vaknade av att det v\u00e4rkte som f-a-n i hela foten\u00a0\u00a0(k\u00e4ndes det som). Haltade ut i k\u00f6ket och knaprade i mig mera sm\u00e4rtisar och tog en titt p\u00e5 lilla t\u00e5n (som inte \u00e4r s\u00e5 liten nu) och s\u00e5g\u2026","rel":"","context":"I \u201dVardagsliv\u201d","block_context":{"text":"Vardagsliv","link":"https:\/\/blogg.fumei.se\/?cat=47"},"img":{"alt_text":"","src":"","width":0,"height":0},"classes":[]},{"id":171,"url":"https:\/\/blogg.fumei.se\/?p=171","url_meta":{"origin":2971,"position":4},"title":"Push-inl\u00e4gg","author":"M :)","date":"2010-10-19","format":false,"excerpt":"Nix, Inte om bh:ar. Om Buzzador. Buzzador\u00a0 \u00e4r en f\u00f6retag om arbetar med mun till mun marknadsf\u00f6ring.Vem som helst kan registrera sig hos Buzzador, och s\u00e5 f\u00e5r man kryssa i en massa rutor om familj, intressen, jobb och andra saker. Utifr\u00e5n de val man g\u00f6r f\u00e5r man sedan med j\u00e4mna\u2026","rel":"","context":"I \u201dVardagsliv\u201d","block_context":{"text":"Vardagsliv","link":"https:\/\/blogg.fumei.se\/?cat=47"},"img":{"alt_text":"","src":"","width":0,"height":0},"classes":[]},{"id":45,"url":"https:\/\/blogg.fumei.se\/?p=45","url_meta":{"origin":2971,"position":5},"title":"Dags f\u00f6r en testrunda igen","author":"M :)","date":"2011-05-11","format":false,"excerpt":"Nu har jag anm\u00e4lt mig till en massa nya tester av produkter. Kolla h\u00e4r:\u00a0 [Rysk yogurth]. Jag \u00e4lskar turkisk och grekisk yogurth och anv\u00e4nder det ofta, ofta! Ska bli intressant att prova p\u00e5 den h\u00e4r nya varianten! Cheesecake \u00e4r n\u00e5got jag kan g\u00f6ra i s\u00f6mnen. Kanske blir det \u00e4nnu enklare\u2026","rel":"","context":"I \u201dVardagsliv\u201d","block_context":{"text":"Vardagsliv","link":"https:\/\/blogg.fumei.se\/?cat=47"},"img":{"alt_text":"","src":"","width":0,"height":0},"classes":[]}],"_links":{"self":[{"href":"https:\/\/blogg.fumei.se\/index.php?rest_route=\/wp\/v2\/posts\/2971","targetHints":{"allow":["GET"]}}],"collection":[{"href":"https:\/\/blogg.fumei.se\/index.php?rest_route=\/wp\/v2\/posts"}],"about":[{"href":"https:\/\/blogg.fumei.se\/index.php?rest_route=\/wp\/v2\/types\/post"}],"author":[{"embeddable":true,"href":"https:\/\/blogg.fumei.se\/index.php?rest_route=\/wp\/v2\/users\/1"}],"replies":[{"embeddable":true,"href":"https:\/\/blogg.fumei.se\/index.php?rest_route=%2Fwp%2Fv2%2Fcomments&post=2971"}],"version-history":[{"count":2,"href":"https:\/\/blogg.fumei.se\/index.php?rest_route=\/wp\/v2\/posts\/2971\/revisions"}],"predecessor-version":[{"id":2975,"href":"https:\/\/blogg.fumei.se\/index.php?rest_route=\/wp\/v2\/posts\/2971\/revisions\/2975"}],"wp:attachment":[{"href":"https:\/\/blogg.fumei.se\/index.php?rest_route=%2Fwp%2Fv2%2Fmedia&parent=2971"}],"wp:term":[{"taxonomy":"category","embeddable":true,"href":"https:\/\/blogg.fumei.se\/index.php?rest_route=%2Fwp%2Fv2%2Fcategories&post=2971"},{"taxonomy":"post_tag","embeddable":true,"href":"https:\/\/blogg.fumei.se\/index.php?rest_route=%2Fwp%2Fv2%2Ftags&post=2971"}],"curies":[{"name":"wp","href":"https:\/\/api.w.org\/{rel}","templated":true}]}}