{"id":2979,"date":"2013-06-26T12:20:12","date_gmt":"2013-06-26T10:20:12","guid":{"rendered":"http:\/\/blogg.fumei.se\/?p=2979"},"modified":"2013-06-26T12:40:25","modified_gmt":"2013-06-26T10:40:25","slug":"2979","status":"publish","type":"post","link":"https:\/\/blogg.fumei.se\/?p=2979","title":{"rendered":"Det blir inte alltid som man t\u00e4nkt sig&#8230;"},"content":{"rendered":"<div>Min Facebook-status onsdagen den 12e Juni s\u00e5g ut s\u00e5 h\u00e4r:<\/div>\n<p><em>&#8221;Jag g\u00f6r det enkelt f\u00f6r mig och skriver h\u00e4r s\u00e5 att alla kan se och l\u00e4sa sj\u00e4lva, att fr\u00e5n och med idag s\u00e5 \u00e4r \u00e4r <a href=\"https:\/\/www.facebook.com\/jorge.randel?directed_target_id=0\" data-hovercard=\"\/ajax\/hovercard\/user.php?id=683105394&amp;extragetparams=%7B%22directed_target_id%22%3A0%7D\">Jorge<\/a> och jag inte l\u00e4ngre ett par. Det k\u00e4nns j\u00e4ttejobbigt och ledsamt f\u00f6r oss b\u00e5da, men vi har kommit fram till att det nog \u00e4r b\u00e4st s\u00e5 h\u00e4r. Han kommer alltid att finnas i mitt hj\u00e4rta, och jag \u00e5ngrar inte en sekund den d\u00e4r Helsingforskryssningen! <\/em><br \/>\n<em>Jag kommer inte att svara p\u00e5 n\u00e5gra kommentarer, \u00e4ven om jag l\u00e4ser alla. Just nu m\u00e5r jag inte s\u00e5 bra, och vill bara krypa ihop under t\u00e4cket. <\/em><br \/>\n<em>Krama varandra och gl\u00f6m aldrig att s\u00e4ga till era k\u00e4ra att ni \u00e4lskar dem!&#8221;<\/em><\/p>\n<p>Den d\u00e4r statusen var v\u00e4l inte helt i linje med sanningen. <em>Vi<\/em> kom inte alls fram till n\u00e5got, det var helt och h\u00e5llet J som ville g\u00f6ra slut. S\u00e5 ni kanske kan\u00a0f\u00f6rst\u00e5 varf\u00f6r jag h\u00e5llit mig borta fr\u00e5n FB, blogg och annat den senaste tiden.<\/p>\n<p>Orsaken till att han inte l\u00e4ngre ville forts\u00e4tta v\u00e5rt f\u00f6rh\u00e5llande var att han tr\u00f6ttnat p\u00e5 att l\u00e4gga s\u00e5 mycket energi p\u00e5 att m\u00e5 bra i det, att k\u00e4rleken tagit slut. Jaha? Som om det bara var han som m\u00e5dde d\u00e5ligt ibland? Som om det bara var han som var tr\u00f6tt, eller som k\u00e4nde att vi aldrig gjorde n\u00e5got, eller att vi beh\u00f6vde hitta p\u00e5 n\u00e5got f\u00f6r att f\u00e5 lite liv i f\u00f6rh\u00e5llandet?!<br \/>\nJag var minst lika tr\u00f6tt, b\u00e5de av att jobba och av att k\u00e4nna att det inte h\u00e4nde n\u00e5got i v\u00e5rt f\u00f6rh\u00e5llande.<br \/>\nMen han fr\u00e5gade inte mig. Ist\u00e4llet \u00e4gnade han en homla massa tid \u00e5t att fundera \u00f6ver hur <em>han<\/em> ville ha det, n\u00e4r det borde ha varit <em>vi<\/em> som suttit ner och pratat om hur <em>vi<\/em> ville ha det.<\/p>\n<p>Jag vet att jag kan vara en sur och grinig bitch som gn\u00e4ller som fan n\u00e4r jag inte f\u00e5r som jag vill. Tro mig, n\u00e4r man har levt ensam med tv\u00e5 barn i 16 \u00e5r s\u00e5 blir man van vid att g\u00f6ra saker p\u00e5 sitt eget s\u00e4tt, och det \u00e4r inte bara att v\u00e4nda p\u00e5 en fem\u00f6ring f\u00f6r att det kommer in en ny person i ens liv. Men jag f\u00f6rs\u00f6kte. Att jag sen har en r\u00e4tt kort stubin f\u00f6rsv\u00e5rar ju saken lite, men som sagt, jag f\u00f6rs\u00f6kte.<br \/>\n\u00c5 andra sidan \u00e4r det inte l\u00e4tt att h\u00e5lla t\u00e5lamodet uppe n\u00e4r den andra personen i f\u00f6rh\u00e5llandet praktiskt taget alltid gl\u00f6mmer saker eller \u00e4r en tidsopimist utan dess like. Att hela tiden beh\u00f6va p\u00e5minna n\u00e5gon om saker, fast\u00e4n man sagt samma sak flera g\u00e5nger, att hela tiden f\u00e5 st\u00e5 och v\u00e4nta f\u00f6r att han kommer sent, det sliter ocks\u00e5 p\u00e5 t\u00e5lamodet. I b\u00f6rjan var det lite gulligt, men n\u00e4r det p\u00e5g\u00e5tt i flera m\u00e5nader \u00e4r det inte lika s\u00f6tt l\u00e4ngre.<\/p>\n<p>Att hitta p\u00e5 saker tillsammans kunde vara ett projekt bara det. Det \u00e4r ju inte s\u00e5 att jag har en \u00f6verdrivet stor v\u00e4nkrets som vi kunde umg\u00e5s med. H\u00e4r d\u00e4r jag bor har jag inga kompisar. I G\u00f6teborg har jag mina arbetskamrater. Ett par av dem r\u00e4knas som v\u00e4nner \u00e4ven utanf\u00f6r jobbet, men f\u00f6r det mesta jobbar jag n\u00e4r de \u00e4r lediga eller tv\u00e4rtom. Mina gamla kompisar fr\u00e5n Trollh\u00e4ttan har jag knappt n\u00e5n kontakt med l\u00e4ngre, bara via kommentarer p\u00e5 FB. Jag har en k\u00e4nsla av att de flesta ans\u00e5g att eftersom <em>jag<\/em> flyttade fr\u00e5n Thn, s\u00e5 \u00e4r det <em>jag<\/em> som ska uppr\u00e4tth\u00e5lla kontakten om jag vill ha n\u00e5gon. N\u00e4tack. V\u00e4nskap \u00e4r tv\u00e5v\u00e4gskommunikation, s\u00e5 d\u00e5 kan det kvitta.<br \/>\nS\u00e5 ist\u00e4llet sitter jag h\u00e4r, ensam och patetisk och har ingen mer \u00e4n mina f\u00f6r\u00e4ldrar att g\u00e5 hem till f\u00f6r en kopp kaffe, ingen att bara traska \u00f6ver till f\u00f6r att snacka skit eller bara sitta och b\u00f6la vid k\u00f6ksbordet en stund, ingen att ha tjejkv\u00e4ll med, ingen som ringer och s\u00e4ger &#8221;vi \u00e5ker till Ullared imorgon bitti. H\u00e4ng med!&#8221;. Ingen. Tragiskt men sant.<br \/>\nMen det var inte det jag skulle skriva om nu.<\/p>\n<p>Den person jag har sett som min b\u00e4sta v\u00e4n de senaste 3 \u00e5ren vill inte l\u00e4ngre vara en del av mitt liv. Han har tagit ett beslut p\u00e5 egen hand, och kvar sitter jag med alla mina k\u00e4nslor i en liten pappersp\u00e5se.<br \/>\nJag \u00e4ter inte, jag sover inte, jag grinar n\u00e4r som helst och var som helst och jag har ingen lust att g\u00f6ra n\u00e5got.<br \/>\nN\u00e4r jag f\u00f6rs\u00f6ker \u00e4ta m\u00e5r jag illa, n\u00e4r jag f\u00f6s\u00f6ker sova dr\u00f6mmer jag om honom, n\u00e4r jag \u00e4r vaken \u00e4r jag tr\u00f6tt och h\u00e4ngig och orkar inte ta mig f\u00f6r n\u00e5got f\u00f6r allt jag g\u00f6r p\u00e5minner om honom.<\/p>\n<p>Vi hade pratat om vad vi skulle g\u00f6ra p\u00e5 semestern. Visserligen skulle vi bara f\u00e5 en enda vecka ledig tillsammans, men det finns ju helger. Allt det m\u00e5ste jag t\u00e4nka om.<br \/>\nHan har en hel h\u00f6g med nya kompisar som hittar p\u00e5 saker hela tiden, de festar och campar och \u00e5ker p\u00e5 festivaler och har grillkv\u00e4llar i parken och annat kul. Inte en enda g\u00e5ng blev jag tillfr\u00e5gad om jag ville f\u00f6lja med n\u00e4r de skulle g\u00f6ra n\u00e5got. N\u00e4r jag ifr\u00e5gasatte det blev svaret att de bara dricker \u00f6l och lyssnar p\u00e5 s\u00e5n musik som jag inte gillar \u00e4nd\u00e5.<br \/>\nJaha? Men jag kanske ville f\u00e5 chansen att sj\u00e4lv kunna s\u00e4ga &#8221;nej tack det h\u00e4r \u00e4r inte min grej&#8221;?<\/p>\n<p>Min gudfar, som jag inte tr\u00e4ffat sen jag var liten, ligger begravd p\u00e5 Styrs\u00f6 i G\u00f6teborgs sk\u00e4rg\u00e5rd. Jag sa att jag ville \u00e5ka dit och l\u00e4ga en blomma p\u00e5 graven n\u00e4r v\u00e4dret blivit b\u00e4ttre. Han \u00e5kte till Styrs\u00f6 med en av sina kompisar, f\u00f6r han hade ju ingen aaaning om att jag ville \u00e5ka ut dit.<br \/>\nHan talade om att han skulle \u00e5ka till Sweden Rock i \u00e5r, \u00e4ven om han skulle f\u00e5 leva p\u00e5 sv\u00e4ltgr\u00e4nsen b\u00e5de f\u00f6re och efter, men han fr\u00e5gade inte om jag ville f\u00f6lja med i \u00e5r. Jag sa att jag kunde t\u00e4nka mig att \u00e5ka till Norrk\u00f6ping och g\u00e5 p\u00e5 Br\u00e5vallafestivalen, men han sa bara att det inte verkade som hans grej.<\/p>\n<p>Vi pratade om att skaffa en l\u00e4genhet tillsammans i Gbg, en som vi kunde g\u00f6ra till v\u00e5rt hem, inte som h\u00e4r, dit han kom till ett f\u00e4rdigt hem och inte hade s\u00e5 mycket att tillf\u00f6ra. Det var bara jag som letade. Hans argument var att han inte kunde st\u00e5 i bostadsk\u00f6 nu n\u00e4r han \u00e4r arbetsl\u00f6s.<\/p>\n<p>\u00c5h men herregud, det \u00e4r bara an massa negativa saker jag radar upp h\u00e4r! Det f\u00e5r det hela att verka som att v\u00e5rt f\u00f6rh\u00e5llande inte var mycket att h\u00e4nga i granen fr\u00e5n b\u00f6rjan ens. Men s\u00e5 \u00e4r det inte.<br \/>\nVi har haft det fint och bra och alldeles underbart ocks\u00e5! Vi har haft m\u00e5nga stunder och tillf\u00e4llen d\u00e4r vi gjort saker, sett saker, upplevt saker och m\u00e5tt bra tillsammans. Alla de fina stunderna finns i mitt hj\u00e4rta och i mitt minne, och jag kommer aldrig att gl\u00f6mma dem!<br \/>\nMen n\u00e4r man \u00e4r ledsen och besviken och bara vill att allting ska bli bra, bli som f\u00f6rut &#8211; fast bra , d\u00e5 blir det de negativa sakerna man plockar fram.<\/p>\n<p>En vecka efter att han sl\u00e4ppt bomben skrev jag ner allt som jag t\u00e4nkt och funderat p\u00e5 under den veckan, och s\u00e5 ringde jag honom. Det tog mig tv\u00e5 timmar att v\u00e5ga lyfta luren och ringa, f\u00f6r jag var s\u00e5 r\u00e4dd att han skulle s\u00e4ga &#8221;nej, jag vill inte tr\u00e4ffa dig&#8221;. Men vi tr\u00e4ffades och han l\u00e4ste det fyra sidor l\u00e5nga brevet och vi diskuterade det som stod d\u00e4r i.<br \/>\nHan sa f\u00f6rst att han ville bara radera mig och alla gemensamma v\u00e4nner fr\u00e5n FB, att han skulle f\u00f6rsvinna ur mitt liv, f\u00f6r han trodde att det blir l\u00e4ttare f\u00f6r mig p\u00e5 det s\u00e4ttet.<br \/>\nJag f\u00f6rklarade att det blir mycket jobbigare f\u00f6r mig om han g\u00f6r s\u00e5. F\u00f6r det f\u00f6rsta kan han inte radera mig ur sitt liv hur mycket han \u00e4n f\u00f6rs\u00f6ker genom att ta bort alla kontakter, f\u00f6r han har varit en del av mitt liv sen 14:e Augusti 2009, och han kommer alltid att vara en del av mitt liv. Om jag inte f\u00e5r varken se eller h\u00f6ra n\u00e5got fr\u00e5n eller om honom p\u00e5 l\u00e4nge och sen kanske jag springer p\u00e5 honom p\u00e5 stan, d\u00e5 kommer jag att bryta ihop d\u00e4r och d\u00e5. Jag beh\u00f6ver f\u00e5 avsluta det h\u00e4r p\u00e5 mitt s\u00e4tt. Jag kan inte bara sl\u00e4nga igen d\u00f6rren och g\u00e5 vidare som om ingenting h\u00e4nt. Jag beh\u00f6ver f\u00e5 st\u00e4nga d\u00f6rren lite l\u00e5ngsamt. Jag beh\u00f6ver f\u00e5 ha honom kvar i mitt liv, om nu inte som pojkv\u00e4n, s\u00e5 i alla fall som v\u00e4n. F\u00f6r vi har ju trots allt varit b\u00e4sta v\u00e4nner i n\u00e4stan 4 \u00e5r. Jag vill kunna ta en fika, eller g\u00e5 p\u00e5 loppisrunda eller g\u00f6ra saker med honom. Jag vill kunna skicka kul grejer till honom p\u00e5 FB, kommentera om han skriver n\u00e5got, se att han har det bra. Precis s\u00e5 sa jag det till honom, och det verkade som om han f\u00f6rstod mig, f\u00f6r han gick med p\u00e5 att f\u00f6rs\u00f6ka ge v\u00e4nskap en chans.<\/p>\n<p>Jag vet att det kommer att bli j\u00e4ttejobbigt f\u00f6r mig, jag vet inte hur jobbigt han tycker att det \u00e4r, f\u00f6r han visar det inte f\u00f6r mig. Det \u00e4r nog lika bra, f\u00f6r annars skulle jag nog bara grina n\u00e4r jag tr\u00e4ffar honom. Men det h\u00e4r \u00e4r mitt s\u00e4tt att g\u00e5 vidare. Om jag \u00f6ver huvud taget ska fixa det h\u00e4r m\u00e5ste jag f\u00e5 g\u00f6ra det s\u00e5 h\u00e4r, och jag beh\u00f6ver att han \u00e4r med p\u00e5 det. Jag beh\u00f6ver ocks\u00e5 st\u00f6d fr\u00e5n andra runt omkring mig. Vad jag <em>inte<\/em> beh\u00f6ver \u00e4r folk som talar om f\u00f6r mig att &#8221;det var v\u00e4l lika bra&#8221; eller &#8221;gl\u00f6m honom nu och g\u00e5 vidare&#8221; eller &#8221;du hittar nog snart en annan&#8221;.<br \/>\nJag vill inte gl\u00f6mma, jag <em>kan<\/em> aldrig gl\u00f6mma, han har varit en del av mitt liv, han finns i mitt hj\u00e4rta och kommer alltid att finnas d\u00e4r! Och jag \u00e4lskar honom fortfarande, s\u00e5 det sista jag vill \u00e4r att tr\u00e4ffa n\u00e5gon annan.<\/p>\n<p>Hoppet \u00e4r det sista som \u00f6verger m\u00e4nniskan. S\u00e5 l\u00e4nge jag \u00e4lskar kan jag hoppas.<\/p>\n<div>\u00a0<\/div>\n","protected":false},"excerpt":{"rendered":"<p>Min Facebook-status onsdagen den 12e Juni s\u00e5g ut s\u00e5 h\u00e4r: &#8221;Jag g\u00f6r det enkelt f\u00f6r mig och skriver h\u00e4r s\u00e5 att alla kan se och l\u00e4sa sj\u00e4lva, att fr\u00e5n och med idag s\u00e5 \u00e4r \u00e4r Jorge och jag inte l\u00e4ngre ett par. Det k\u00e4nns j\u00e4ttejobbigt och ledsamt f\u00f6r oss b\u00e5da, men vi har kommit fram&#8230;<\/p>\n","protected":false},"author":1,"featured_media":0,"comment_status":"open","ping_status":"open","sticky":false,"template":"","format":"standard","meta":{"jetpack_post_was_ever_published":false,"_jetpack_newsletter_access":"","_jetpack_dont_email_post_to_subs":false,"_jetpack_newsletter_tier_id":0,"_jetpack_memberships_contains_paywalled_content":false,"_jetpack_memberships_contains_paid_content":false,"footnotes":"","jetpack_publicize_message":"","jetpack_publicize_feature_enabled":true,"jetpack_social_post_already_shared":true,"jetpack_social_options":{"image_generator_settings":{"template":"highway","default_image_id":0,"font":"","enabled":false},"version":2}},"categories":[34,47],"tags":[104,243,254],"class_list":["post-2979","post","type-post","status-publish","format-standard","hentry","category-familjen","category-vardagsliv","tag-forhallande","tag-jorge","tag-ledsen"],"jetpack_publicize_connections":[],"jetpack_featured_media_url":"","jetpack_shortlink":"https:\/\/wp.me\/s3qko4-2979","jetpack_sharing_enabled":true,"jetpack_likes_enabled":true,"jetpack-related-posts":[{"id":1056,"url":"https:\/\/blogg.fumei.se\/?p=1056","url_meta":{"origin":2979,"position":0},"title":"Ut p\u00e5 \u00e4ventyr, del 2. (eller Det ska fan vara turist)","author":"M :)","date":"2009-08-25","format":false,"excerpt":"Men nu blev det genast lite lagom stressigt, f\u00f6r Staffan, som hade biljetterna, skulle \u00e5ka hem och h\u00e4mta dem och s\u00e5 skulle vi alla m\u00f6tas vid Siljaterminalen. Tunnelbana \u00e4r smidigt, fast kanske inte n\u00e4r alla i gruppen har med sig 2\u00a0 gigantiska ryggs\u00e4ckar och varsin resv\u00e4ska. Men det gick, och\u2026","rel":"","context":"I \u201dVardagsliv\u201d","block_context":{"text":"Vardagsliv","link":"https:\/\/blogg.fumei.se\/?cat=47"},"img":{"alt_text":"","src":"","width":0,"height":0},"classes":[]},{"id":3855,"url":"https:\/\/blogg.fumei.se\/?p=3855","url_meta":{"origin":2979,"position":1},"title":"Br\u00f6llop bak och fram","author":"M :)","date":"2016-04-09","format":false,"excerpt":"P\u00e5skhelgen bj\u00f6d p\u00e5 br\u00f6llop, n\u00e4rmare best\u00e4mt dotterns! Det var m\u00e5nga som blev f\u00f6rv\u00e5nade n\u00e4r de meddelade omv\u00e4rlden och n\u00e4r de \u00e4ndrade sin status p\u00e5 Facebook, f\u00f6r det skulle liksom vara lite hemligt. Men vi som visste h\u00f6ll tyst, fast det var sv\u00e5rt ibland! Dock blev det lite bakv\u00e4nt, eftersom de\u2026","rel":"","context":"I \u201dFamiljen\u201d","block_context":{"text":"Familjen","link":"https:\/\/blogg.fumei.se\/?cat=34"},"img":{"alt_text":"","src":"https:\/\/i0.wp.com\/blogg.fumei.se\/wp-content\/uploads\/2016\/04\/DSC_0967.jpg?resize=350%2C200","width":350,"height":200,"srcset":"https:\/\/i0.wp.com\/blogg.fumei.se\/wp-content\/uploads\/2016\/04\/DSC_0967.jpg?resize=350%2C200 1x, https:\/\/i0.wp.com\/blogg.fumei.se\/wp-content\/uploads\/2016\/04\/DSC_0967.jpg?resize=525%2C300 1.5x, https:\/\/i0.wp.com\/blogg.fumei.se\/wp-content\/uploads\/2016\/04\/DSC_0967.jpg?resize=700%2C400 2x, https:\/\/i0.wp.com\/blogg.fumei.se\/wp-content\/uploads\/2016\/04\/DSC_0967.jpg?resize=1050%2C600 3x, https:\/\/i0.wp.com\/blogg.fumei.se\/wp-content\/uploads\/2016\/04\/DSC_0967.jpg?resize=1400%2C800 4x"},"classes":[]},{"id":1589,"url":"https:\/\/blogg.fumei.se\/?p=1589","url_meta":{"origin":2979,"position":2},"title":"Tisdagsn\u00f6je","author":"M :)","date":"2011-10-11","format":false,"excerpt":"Tja, egentligen kunde jag v\u00e4l gjort det vilken dag som helst i veckan - utom l\u00f6rdag och s\u00f6ndag, d\u00e5 - men nu blev det idag. Jag har varit hos tandl\u00e4karen. Jag har varit v\u00e4ldigt slarvig, och inte varit hos tandl\u00e4karen p\u00e5 s\u00e4kert 18 \u00e5r. Jag gick regelbundet medan jag v\u00e4ntade\u2026","rel":"","context":"I \u201dVardagsliv\u201d","block_context":{"text":"Vardagsliv","link":"https:\/\/blogg.fumei.se\/?cat=47"},"img":{"alt_text":"","src":"","width":0,"height":0},"classes":[]},{"id":3015,"url":"https:\/\/blogg.fumei.se\/?p=3015","url_meta":{"origin":2979,"position":3},"title":"Tiden g\u00e5r fort \u00e4ven om man inte har s\u00e5 roligt&#8230;","author":"M :)","date":"2013-07-12","format":false,"excerpt":"Idag \u00e4r ingen bra dag. Idag \u00e4r det n\u00e4mligen exakt en m\u00e5nad sen J talade om f\u00f6re mig att han inte ville forts\u00e4tta ha ett liv tillsammans med mig. Idag grinar jag. Inte hela tiden, men r\u00e4tt mycket, \u00e4nd\u00e5. M\u00e5nga \u00e4r de, som sagt att det blir l\u00e4ttare och b\u00e4ttre,\u2026","rel":"","context":"I \u201dVardagsliv\u201d","block_context":{"text":"Vardagsliv","link":"https:\/\/blogg.fumei.se\/?cat=47"},"img":{"alt_text":"","src":"","width":0,"height":0},"classes":[]},{"id":1646,"url":"https:\/\/blogg.fumei.se\/?p=1646","url_meta":{"origin":2979,"position":4},"title":"En styck hittad lista","author":"M :)","date":"2011-10-23","format":false,"excerpt":"Hittade en lista hos Emma, med uppmaningen att kopiera och svara, och listn\u00f6rd som jag \u00e4r, s\u00e5 antar jag naturligtvis den uppmaningen! H\u00e4r g\u00e5s: Vad g\u00f6r du just nu? Vad tror du? Vad tror du att du \u00e4r\/g\u00f6r om 1 \u00e5r? Med den h\u00e4r farten; f\u00f6rmodligen samma sak som nu.\u2026","rel":"","context":"I \u201dVardagsliv\u201d","block_context":{"text":"Vardagsliv","link":"https:\/\/blogg.fumei.se\/?cat=47"},"img":{"alt_text":"","src":"","width":0,"height":0},"classes":[]},{"id":2680,"url":"https:\/\/blogg.fumei.se\/?p=2680","url_meta":{"origin":2979,"position":5},"title":"Jag blir bara s\u00e5 tr\u00f6tt&#8230;","author":"M :)","date":"2012-08-16","format":false,"excerpt":"I v\u00e5ras skrev jag ett inl\u00e4gg om hur fel och dumt det blir n\u00e4r felaktiga fakta cirkulerar p\u00e5 bla Facebook. Nu finns det \u00e4nnu en s\u00e5n d\u00e4r idiotgrej, som yttrar sig i att folk delar den h\u00e4r bilden: klicka p\u00e5 bilden om du vill se den i st\u00f6rre format S\u00e5\u2026","rel":"","context":"I \u201dVardagsliv\u201d","block_context":{"text":"Vardagsliv","link":"https:\/\/blogg.fumei.se\/?cat=47"},"img":{"alt_text":"","src":"https:\/\/i0.wp.com\/blogg.fumei.se\/wp-content\/uploads\/2012\/08\/578788_4423456672838_1255093414_n-300x287.jpg?resize=350%2C200","width":350,"height":200},"classes":[]}],"_links":{"self":[{"href":"https:\/\/blogg.fumei.se\/index.php?rest_route=\/wp\/v2\/posts\/2979","targetHints":{"allow":["GET"]}}],"collection":[{"href":"https:\/\/blogg.fumei.se\/index.php?rest_route=\/wp\/v2\/posts"}],"about":[{"href":"https:\/\/blogg.fumei.se\/index.php?rest_route=\/wp\/v2\/types\/post"}],"author":[{"embeddable":true,"href":"https:\/\/blogg.fumei.se\/index.php?rest_route=\/wp\/v2\/users\/1"}],"replies":[{"embeddable":true,"href":"https:\/\/blogg.fumei.se\/index.php?rest_route=%2Fwp%2Fv2%2Fcomments&post=2979"}],"version-history":[{"count":6,"href":"https:\/\/blogg.fumei.se\/index.php?rest_route=\/wp\/v2\/posts\/2979\/revisions"}],"predecessor-version":[{"id":2981,"href":"https:\/\/blogg.fumei.se\/index.php?rest_route=\/wp\/v2\/posts\/2979\/revisions\/2981"}],"wp:attachment":[{"href":"https:\/\/blogg.fumei.se\/index.php?rest_route=%2Fwp%2Fv2%2Fmedia&parent=2979"}],"wp:term":[{"taxonomy":"category","embeddable":true,"href":"https:\/\/blogg.fumei.se\/index.php?rest_route=%2Fwp%2Fv2%2Fcategories&post=2979"},{"taxonomy":"post_tag","embeddable":true,"href":"https:\/\/blogg.fumei.se\/index.php?rest_route=%2Fwp%2Fv2%2Ftags&post=2979"}],"curies":[{"name":"wp","href":"https:\/\/api.w.org\/{rel}","templated":true}]}}