{"id":2988,"date":"2013-07-01T19:02:36","date_gmt":"2013-07-01T17:02:36","guid":{"rendered":"http:\/\/blogg.fumei.se\/?p=2988"},"modified":"2013-07-01T19:02:36","modified_gmt":"2013-07-01T17:02:36","slug":"en-lite-battre-dag","status":"publish","type":"post","link":"https:\/\/blogg.fumei.se\/?p=2988","title":{"rendered":"En lite b\u00e4ttre dag"},"content":{"rendered":"<p>Hej. Det \u00e4r jag igen.\u00a0Du vet, hon som skriver i den h\u00e4r bloggen n\u00e4r lust och vilja kommer \u00f6ver mig.<br \/>\nP\u00e5 sista tiden har det inte blivit s\u00e5 mycket skrivande av. Det har helt enkelt inte funnits s\u00e5 mycket att skriva om. F\u00f6r sanningen \u00e4r ju att det inte \u00e4r s\u00e5 himla kul att l\u00e4sa att jag jobbat, jobbat \u00f6ver och jobbat extra. Eller att jag lagat mat, eller st\u00e4dat, eller sett n\u00e5n serie p\u00e5 tv. S\u00e5 b\u00e4ttre d\u00e5 att jag inte skriver annat \u00e4n n\u00e4r jag har n\u00e5got jag vill ber\u00e4tta.<\/p>\n<p>Som h\u00e4romdagen, n\u00e4r jag skrev om hur jag k\u00e4nner mig och m\u00e5r efter att J gjorde slut p\u00e5 v\u00e5rt f\u00f6rh\u00e5llande f\u00f6r ett par veckor sedan. Jag antar att du har l\u00e4st det. Men det \u00e4r inte det jag ska skriva om idag. Eller, jag kanske kommer att snudda vid det lite grann.<\/p>\n<p>F\u00f6r jag ska skriva om min semester. Eller om hur jag fick \u00e4ndra alla mina semesterplaner. Jag hade ju t\u00e4nkt umg\u00e5s s\u00e5 mycket som m\u00f6jligt med J, vi hade pratat om att cykla och t\u00e4lta p\u00e5 \u00d6land, och att bara vara tillsammans. Men han har bara tv\u00e5 veckor ledigt fr\u00e5n sin utbildning, medan jag har fyra veckors semester, och det var bara en enda vecka som vi skulle ha gemensamt. S\u00e5 jag hade redan fr\u00e5n b\u00f6rjan t\u00e4nkt att jag skulle unna mig en liten resa alldeles sj\u00e4lv. Lite som att han unnade sig att \u00e5ka p\u00e5 Sweden Rock Festival. Jag funderade mellan Rom (igen), Edinburgh, London eller Dublin.<\/p>\n<p>Den 12:e Juni slog jag bort tanken p\u00e5 Rom. Inte fan vill jag \u00e5ka tillbaka dit som det \u00e4r nu, jag skulle ju bara g\u00e5 omkring och grina och minnas v\u00e5r resa f\u00f6rra sommaren! N\u00e4, grinar g\u00f6r jag \u00e4nd\u00e5&#8230;<br \/>\nIst\u00e4llet valde jag Edinburgh (London k\u00e4nns f\u00f6r stort och Dublin skulle kosta en hel del). Och p\u00e5 onsdag \u00e5ker jag.<\/p>\n<p>Jag ska vara d\u00e4r fr\u00e5n onsdag till s\u00f6ndag, jag ska bo p\u00e5 vandrarhem och jag ska g\u00f6ra allt alldeles sj\u00e4lv.\u00a0 Jamen sj\u00e4lvklart hade det varit roligt att ha n\u00e5gon att dela resan och upplevelserna med, men jag hade ju t\u00e4nkt \u00e5ka sj\u00e4lv fr\u00e5n b\u00f6rjan och sen dela mina upplevelser med J, s\u00e5 vad \u00e4r skillnaden i att jag \u00e5ker ensam och delar min upplevelse med J nu? Och med er andra? precis som jag hade t\u00e4nkt fr\u00e5n b\u00f6rjan? Jo, skillnaden kan v\u00e4l kanske vara den lilla detaljen att jag och J inte kommer att planera att \u00e5ka dit tillsammans. Eller? Man ska aldrig s\u00e4ga aldrig.<\/p>\n<p>Precis som jag skrev i mitt j\u00e4tteledsna inl\u00e4gg, s\u00e5 vill jag forts\u00e4tta umg\u00e5s med J, om inte som ett par, s\u00e5 som ett par v\u00e4nner. Och vi har faktiskt tr\u00e4ffats en g\u00e5ng efter att jag skrev det. Vi pratade och fikade och promenerade och hade en v\u00e4ldigt trevlig och mysig eftermiddag och kv\u00e4ll, som tyv\u00e4rr slutade med t\u00e5rar f\u00f6r min del, men det hade jag ju r\u00e4knat med, \u00e4ven om jag inte hade t\u00e4nkt att b\u00f6rja grina f\u00f6rr\u00e4n vi hade skilts \u00e5t.<br \/>\nMen i alla fall, s\u00e5 vet jag att han tycker att det \u00e4r j\u00e4tteroligt att jag ger mig iv\u00e4g p\u00e5 den h\u00e4r resan och han vill h\u00f6ra om hur jag haft det och se bilder sen, och det ska han f\u00e5. Precis som alla ni andra ska f\u00e5 se. Om ni vill, f\u00f6rst\u00e5s.<\/p>\n<p>Det blev visst lite mer \u00e4n &#8221;snudda&#8221; vid J, men det \u00e4r ju sv\u00e5rt att undvika just nu. F\u00f6r allt jag g\u00f6r \u00e4r ju egentligen s\u00e5nt jag gjorde n\u00e4r vi var ett par, eller som jag t\u00e4nkt g\u00f6ra eller som vi t\u00e4nkt g\u00f6ra. Och det har inte g\u00e5tt ens tre veckor, s\u00e5 naturligtvis finns han i varje andetag, i varje cell av mig fortfarande. Men jag grinar inte l\u00e4ngre hela tiden, och jag har b\u00f6rjat \u00e4ta lite. Sover g\u00f6r jag fortfarande inte ordentligt, men det kommer v\u00e4l. Kanske. Eller inte. Den som lever f\u00e5r se.<\/p>\n<p>Nu ska jag skriva \u00e4nnu en lista \u00f6ver det jag ska ha med mig, och s\u00e5 ska jag b\u00f6rja plocka fram allt. Det \u00e4r \u00e4nd\u00e5 sp\u00e4nnande med en resa. \u00c4ven om man \u00e4r s\u00e5 ledsen att hj\u00e4rtat inte verkar f\u00e5 plats i kroppen, och magen och tankarna snurrar som torktumlare.<br \/>\nJag vet att livet g\u00e5r vidare, och jag vet, att \u00e4ven om de jag trodde var mina v\u00e4nner inte verkar bry sig, s\u00e5 har jag v\u00e4ldigt m\u00e5nga som g\u00f6r det. Varje dag f\u00e5r jag meddelanden och kommentarer p\u00e5 FB, jag f\u00e5r h\u00e4lsningar via andra jag pratar med, och det g\u00f6r att jag faktiskt kan le lite mellan t\u00e5rarna och se fram\u00e5t. TACK! f\u00f6r att ni finns, ni vet vilka ni \u00e4r! \u2665<\/p>\n<p>&nbsp;<\/p>\n","protected":false},"excerpt":{"rendered":"<p>Hej. Det \u00e4r jag igen.\u00a0Du vet, hon som skriver i den h\u00e4r bloggen n\u00e4r lust och vilja kommer \u00f6ver mig. P\u00e5 sista tiden har det inte blivit s\u00e5 mycket skrivande av. Det har helt enkelt inte funnits s\u00e5 mycket att skriva om. F\u00f6r sanningen \u00e4r ju att det inte \u00e4r s\u00e5 himla kul att l\u00e4sa&#8230;<\/p>\n","protected":false},"author":1,"featured_media":0,"comment_status":"open","ping_status":"open","sticky":false,"template":"","format":"standard","meta":{"jetpack_post_was_ever_published":false,"_jetpack_newsletter_access":"","_jetpack_dont_email_post_to_subs":false,"_jetpack_newsletter_tier_id":0,"_jetpack_memberships_contains_paywalled_content":false,"_jetpack_memberships_contains_paid_content":false,"footnotes":"","jetpack_publicize_message":"","jetpack_publicize_feature_enabled":true,"jetpack_social_post_already_shared":true,"jetpack_social_options":{"image_generator_settings":{"template":"highway","default_image_id":0,"font":"","enabled":false},"version":2}},"categories":[47],"tags":[104,254,149,225],"class_list":["post-2988","post","type-post","status-publish","format-standard","hentry","category-vardagsliv","tag-forhallande","tag-ledsen","tag-resa","tag-vanner"],"jetpack_publicize_connections":[],"jetpack_featured_media_url":"","jetpack_shortlink":"https:\/\/wp.me\/p3qko4-Mc","jetpack_sharing_enabled":true,"jetpack_likes_enabled":true,"jetpack-related-posts":[{"id":2979,"url":"https:\/\/blogg.fumei.se\/?p=2979","url_meta":{"origin":2988,"position":0},"title":"Det blir inte alltid som man t\u00e4nkt sig&#8230;","author":"M :)","date":"2013-06-26","format":false,"excerpt":"Min Facebook-status onsdagen den 12e Juni s\u00e5g ut s\u00e5 h\u00e4r: \"Jag g\u00f6r det enkelt f\u00f6r mig och skriver h\u00e4r s\u00e5 att alla kan se och l\u00e4sa sj\u00e4lva, att fr\u00e5n och med idag s\u00e5 \u00e4r \u00e4r Jorge och jag inte l\u00e4ngre ett par. Det k\u00e4nns j\u00e4ttejobbigt och ledsamt f\u00f6r oss b\u00e5da,\u2026","rel":"","context":"I \u201dFamiljen\u201d","block_context":{"text":"Familjen","link":"https:\/\/blogg.fumei.se\/?cat=34"},"img":{"alt_text":"","src":"","width":0,"height":0},"classes":[]},{"id":1646,"url":"https:\/\/blogg.fumei.se\/?p=1646","url_meta":{"origin":2988,"position":1},"title":"En styck hittad lista","author":"M :)","date":"2011-10-23","format":false,"excerpt":"Hittade en lista hos Emma, med uppmaningen att kopiera och svara, och listn\u00f6rd som jag \u00e4r, s\u00e5 antar jag naturligtvis den uppmaningen! H\u00e4r g\u00e5s: Vad g\u00f6r du just nu? Vad tror du? Vad tror du att du \u00e4r\/g\u00f6r om 1 \u00e5r? Med den h\u00e4r farten; f\u00f6rmodligen samma sak som nu.\u2026","rel":"","context":"I \u201dVardagsliv\u201d","block_context":{"text":"Vardagsliv","link":"https:\/\/blogg.fumei.se\/?cat=47"},"img":{"alt_text":"","src":"","width":0,"height":0},"classes":[]},{"id":2074,"url":"https:\/\/blogg.fumei.se\/?p=2074","url_meta":{"origin":2988,"position":2},"title":"Hela dan f\u00e5r hon arbeta, hon f\u00e5r jobba, hon f\u00e5r streta&#8230;","author":"M :)","date":"2012-01-28","format":false,"excerpt":"Japp, det \u00e4r mycket jobb nu. Med betoning p\u00e5 mycket. De f\u00f6dande och gravida\u00a0bara v\u00e4ller in (har inte folk tv nuf\u00f6rtiden??)! Trist nog \u00e4r det s\u00e5 att SU ligger back en massa pengar, s\u00e5 f\u00f6r att spara in en del av dem har det inf\u00f6rts anst\u00e4llningsstopp, vilket inneb\u00e4r att alla\u2026","rel":"","context":"I \u201dVardagsliv\u201d","block_context":{"text":"Vardagsliv","link":"https:\/\/blogg.fumei.se\/?cat=47"},"img":{"alt_text":"","src":"","width":0,"height":0},"classes":[]},{"id":2101,"url":"https:\/\/blogg.fumei.se\/?p=2101","url_meta":{"origin":2988,"position":3},"title":"Bokrecension &#8211; Svart och bl\u00e5","author":"M :)","date":"2012-02-19","format":false,"excerpt":"Om du \u00e4r s\u00e5 lyckligt lottad, att du aldrig har blivit slagen av en man, har du f\u00f6rmodligen ingen aning om hur det \u00e4r att leva i ett s\u00e5dan f\u00f6rh\u00e5llande. Svart och bl\u00e5 \u00e4r skriven p\u00e5 ett s\u00e4tt som g\u00f6r att man l\u00e4tt kan s\u00e4tta sig in i den slagna\u2026","rel":"","context":"I \u201dB\u00f6cker och l\u00e4sning\u201d","block_context":{"text":"B\u00f6cker och l\u00e4sning","link":"https:\/\/blogg.fumei.se\/?cat=29"},"img":{"alt_text":"","src":"https:\/\/i0.wp.com\/blogg.fumei.se\/wp-content\/uploads\/2012\/02\/9176435970.jpg?resize=350%2C200","width":350,"height":200},"classes":[]},{"id":1009,"url":"https:\/\/blogg.fumei.se\/?p=1009","url_meta":{"origin":2988,"position":4},"title":"Filmrecension &#8211; Harry Potter och Halvblodsprinsen","author":"M :)","date":"2009-07-30","format":false,"excerpt":"Jag har l\u00e4st boken. Tv\u00e5 g\u00e5nger till och med. Och nu har jag \u00e4ntligen sett filmen. Vanligtvis brukar jag se den n\u00e5gon g\u00e5ng under premi\u00e4rveckan (tillsammans med barnen; en tradition vi har), men den h\u00e4r g\u00e5ngen drog det ut p\u00e5 tiden, eftersom en viss ung fr\u00f6ken \u00e4r ute och fl\u00e4nger\u2026","rel":"","context":"I \u201dFilmer och TV\u201d","block_context":{"text":"Filmer och TV","link":"https:\/\/blogg.fumei.se\/?cat=43"},"img":{"alt_text":"","src":"","width":0,"height":0},"classes":[]},{"id":1134,"url":"https:\/\/blogg.fumei.se\/?p=1134","url_meta":{"origin":2988,"position":5},"title":"Jobba, jobba, jobba&#8230;","author":"M :)","date":"2009-09-05","format":false,"excerpt":"Ja det k\u00e4nns som om jag inte g\u00f6r mycket annat \u00e4n jobbar. Men f\u00f6rhoppningsvis v\u00e4ger de extrapass jag jobbat den h\u00e4r veckan upp f\u00f6r sjukskrivningen f\u00f6rra veckan, s\u00e5 att jag inte f\u00f6rlorar alldeles f\u00f6r mycket p\u00e5 det. Nu \u00e4r jag i alla fall ledig. L\u00e5nghelg. L\u00f6rdag, S\u00f6ndag och M\u00e5ndag. Fast\u2026","rel":"","context":"I \u201dVardagsliv\u201d","block_context":{"text":"Vardagsliv","link":"https:\/\/blogg.fumei.se\/?cat=47"},"img":{"alt_text":"","src":"","width":0,"height":0},"classes":[]}],"_links":{"self":[{"href":"https:\/\/blogg.fumei.se\/index.php?rest_route=\/wp\/v2\/posts\/2988","targetHints":{"allow":["GET"]}}],"collection":[{"href":"https:\/\/blogg.fumei.se\/index.php?rest_route=\/wp\/v2\/posts"}],"about":[{"href":"https:\/\/blogg.fumei.se\/index.php?rest_route=\/wp\/v2\/types\/post"}],"author":[{"embeddable":true,"href":"https:\/\/blogg.fumei.se\/index.php?rest_route=\/wp\/v2\/users\/1"}],"replies":[{"embeddable":true,"href":"https:\/\/blogg.fumei.se\/index.php?rest_route=%2Fwp%2Fv2%2Fcomments&post=2988"}],"version-history":[{"count":2,"href":"https:\/\/blogg.fumei.se\/index.php?rest_route=\/wp\/v2\/posts\/2988\/revisions"}],"predecessor-version":[{"id":2990,"href":"https:\/\/blogg.fumei.se\/index.php?rest_route=\/wp\/v2\/posts\/2988\/revisions\/2990"}],"wp:attachment":[{"href":"https:\/\/blogg.fumei.se\/index.php?rest_route=%2Fwp%2Fv2%2Fmedia&parent=2988"}],"wp:term":[{"taxonomy":"category","embeddable":true,"href":"https:\/\/blogg.fumei.se\/index.php?rest_route=%2Fwp%2Fv2%2Fcategories&post=2988"},{"taxonomy":"post_tag","embeddable":true,"href":"https:\/\/blogg.fumei.se\/index.php?rest_route=%2Fwp%2Fv2%2Ftags&post=2988"}],"curies":[{"name":"wp","href":"https:\/\/api.w.org\/{rel}","templated":true}]}}