{"id":2994,"date":"2013-07-02T21:15:46","date_gmt":"2013-07-02T19:15:46","guid":{"rendered":"http:\/\/blogg.fumei.se\/?p=2994"},"modified":"2013-07-02T21:19:44","modified_gmt":"2013-07-02T19:19:44","slug":"resfeber","status":"publish","type":"post","link":"https:\/\/blogg.fumei.se\/?p=2994","title":{"rendered":"Resfeber"},"content":{"rendered":"<ul>\n<li>pengar<\/li>\n<li>adapter<\/li>\n<li>linsv\u00e4tska<\/li>\n<li>laddare<\/li>\n<li>boardingkort<\/li>\n<li>tandborste<\/li>\n<li>pass<\/li>\n<li>handduk<\/li>\n<li>kamera<\/li>\n<\/ul>\n<p>&#8230; <\/p>\n<p>Jag har provpackat och packat p\u00e5 riktigt. Jag har kollat, dubbelkollat och trippelkollat. Och nu \u00e4r jag nog redo att \u00e5ka.<br \/>\nJag intalar mig sj\u00e4lv att jag kommer att ha det j\u00e4ttebra och roligt. Men jag \u00e4r skitn\u00f6digt nerv\u00f6s f\u00f6r att flyga. Den h\u00e4r g\u00e5ngen har jag ingen att kl\u00e4mma s\u00f6nder handen p\u00e5. Tror inte det uppskattas av vilt fr\u00e4mmande m\u00e4nniskor.<br \/>\nOch s\u00e5 nojjar jag \u00f6ver att n\u00e5gon ska peta ner n\u00e5got i min v\u00e4ska s\u00e5 att jag f\u00e5r en massa problem. Hua!<br \/>\nOch jag kommer s\u00e4kert att hamna p\u00e5 n\u00e5gon utsiktspunkt och bli j\u00e4tte ledsen att jag inte kan dela den med n\u00e5gon. D\u00e4r och d\u00e5. F\u00f6r sen kommer jag ju att kunna visa och dela med mig av bilder och filmsnuttar och tankar och ord.<br \/>\nJag t\u00e4nkte f\u00f6rs\u00f6ka uppdatera bloggen varje kv\u00e4ll, men vi f\u00e5r v\u00e4l se hur det blir med den saken. Nu ska jag i alla fall njuta av Morden i Midsomer och lite vin innan jag ska f\u00f6rs\u00f6ka sova ett par timmar.<\/p>\n","protected":false},"excerpt":{"rendered":"<p>pengar adapter linsv\u00e4tska laddare boardingkort tandborste pass handduk kamera &#8230; Jag har provpackat och packat p\u00e5 riktigt. Jag har kollat, dubbelkollat och trippelkollat. Och nu \u00e4r jag nog redo att \u00e5ka. Jag intalar mig sj\u00e4lv att jag kommer att ha det j\u00e4ttebra och roligt. Men jag \u00e4r skitn\u00f6digt nerv\u00f6s f\u00f6r att flyga. Den h\u00e4r g\u00e5ngen&#8230;<\/p>\n","protected":false},"author":1,"featured_media":0,"comment_status":"open","ping_status":"open","sticky":false,"template":"","format":"standard","meta":{"jetpack_post_was_ever_published":false,"_jetpack_newsletter_access":"","_jetpack_dont_email_post_to_subs":false,"_jetpack_newsletter_tier_id":0,"_jetpack_memberships_contains_paywalled_content":false,"_jetpack_memberships_contains_paid_content":false,"footnotes":"","jetpack_publicize_message":"","jetpack_publicize_feature_enabled":true,"jetpack_social_post_already_shared":true,"jetpack_social_options":{"image_generator_settings":{"template":"highway","default_image_id":0,"font":"","enabled":false},"version":2}},"categories":[47],"tags":[],"class_list":["post-2994","post","type-post","status-publish","format-standard","hentry","category-vardagsliv"],"jetpack_publicize_connections":[],"jetpack_featured_media_url":"","jetpack_shortlink":"https:\/\/wp.me\/s3qko4-resfeber","jetpack_sharing_enabled":true,"jetpack_likes_enabled":true,"jetpack-related-posts":[{"id":6884,"url":"https:\/\/blogg.fumei.se\/?p=6884","url_meta":{"origin":2994,"position":0},"title":"Planering p\u00e5g\u00e5r","author":"M :)","date":"2024-03-16","format":false,"excerpt":"Vi ska ut och resa igen. Den h\u00e4r g\u00e5ngen g\u00e5r f\u00e4rden till New York. Jag har inte varit d\u00e4r, men Mikael har varit d\u00e4r en g\u00e5ng f\u00f6r 9 \u00e5r sedan.S\u00e5 nu har vi bokat flygresa och hotell, och s\u00e5 ska vi f\u00f6rs\u00f6ka hitta aktiviteter som vi b\u00e5da vill g\u00f6ra n\u00e4r\u2026","rel":"","context":"I \u201dFamiljen\u201d","block_context":{"text":"Familjen","link":"https:\/\/blogg.fumei.se\/?cat=34"},"img":{"alt_text":"","src":"","width":0,"height":0},"classes":[]},{"id":1241,"url":"https:\/\/blogg.fumei.se\/?p=1241","url_meta":{"origin":2994,"position":1},"title":"Inga istappar \u00e4n","author":"M :)","date":"2010-01-08","format":false,"excerpt":"men ska det fors\u00e4tta vara s\u00e5 h\u00e4r kallt inne s\u00e5 dr\u00f6jer det v\u00e4l inte s\u00e5 l\u00e4nge till. Jag fattar inte hur det kan vara s\u00e5 kallt i l\u00e4genheten trots att jag har alla elementen p\u00e5 fyllstyrka??! Och att f\u00e5 tag i vaktis \u00e4r ju r\u00e4tt om\u00f6jligt, f\u00f6r antingen har jag\u2026","rel":"","context":"I \u201dVardagsliv\u201d","block_context":{"text":"Vardagsliv","link":"https:\/\/blogg.fumei.se\/?cat=47"},"img":{"alt_text":"","src":"","width":0,"height":0},"classes":[]},{"id":2988,"url":"https:\/\/blogg.fumei.se\/?p=2988","url_meta":{"origin":2994,"position":2},"title":"En lite b\u00e4ttre dag","author":"M :)","date":"2013-07-01","format":false,"excerpt":"Hej. Det \u00e4r jag igen.\u00a0Du vet, hon som skriver i den h\u00e4r bloggen n\u00e4r lust och vilja kommer \u00f6ver mig. P\u00e5 sista tiden har det inte blivit s\u00e5 mycket skrivande av. Det har helt enkelt inte funnits s\u00e5 mycket att skriva om. F\u00f6r sanningen \u00e4r ju att det inte \u00e4r\u2026","rel":"","context":"I \u201dVardagsliv\u201d","block_context":{"text":"Vardagsliv","link":"https:\/\/blogg.fumei.se\/?cat=47"},"img":{"alt_text":"","src":"","width":0,"height":0},"classes":[]},{"id":2074,"url":"https:\/\/blogg.fumei.se\/?p=2074","url_meta":{"origin":2994,"position":3},"title":"Hela dan f\u00e5r hon arbeta, hon f\u00e5r jobba, hon f\u00e5r streta&#8230;","author":"M :)","date":"2012-01-28","format":false,"excerpt":"Japp, det \u00e4r mycket jobb nu. Med betoning p\u00e5 mycket. De f\u00f6dande och gravida\u00a0bara v\u00e4ller in (har inte folk tv nuf\u00f6rtiden??)! Trist nog \u00e4r det s\u00e5 att SU ligger back en massa pengar, s\u00e5 f\u00f6r att spara in en del av dem har det inf\u00f6rts anst\u00e4llningsstopp, vilket inneb\u00e4r att alla\u2026","rel":"","context":"I \u201dVardagsliv\u201d","block_context":{"text":"Vardagsliv","link":"https:\/\/blogg.fumei.se\/?cat=47"},"img":{"alt_text":"","src":"","width":0,"height":0},"classes":[]},{"id":1742,"url":"https:\/\/blogg.fumei.se\/?p=1742","url_meta":{"origin":2994,"position":4},"title":"Dan f\u00f6re dan, f\u00f6re dan, f\u00f6re&#8230;","author":"M :)","date":"2011-11-14","format":false,"excerpt":"Ja nu \u00e4r det knappt en och en halv m\u00e5nad kvar till julafton, det \u00e4r sv\u00e5rt att tro det, men almanackan ljuger ju s\u00e4llan (aldrig...). I \u00e5r \u00e4r det mitt lags tur att slippa jobba julen, och det \u00e4r min tur att ha barnen hemma p\u00e5 jul, det \u00e4r ju\u2026","rel":"","context":"I \u201dVardagsliv\u201d","block_context":{"text":"Vardagsliv","link":"https:\/\/blogg.fumei.se\/?cat=47"},"img":{"alt_text":"","src":"","width":0,"height":0},"classes":[]},{"id":290,"url":"https:\/\/blogg.fumei.se\/?p=290","url_meta":{"origin":2994,"position":5},"title":"Enformigt arbete","author":"EmEff","date":"2010-02-21","format":false,"excerpt":"Jag har roat mig en stund med att l\u00e4gga ut n\u00e5gra annonser p\u00e5 Tradera. Jag k\u00e4nner\u00a0att om jag nu ska g\u00f6ra mig av med en massa kl\u00e4der som bara ligger och skr\u00e4par, s\u00e5 kan jag lika g\u00e4rna f\u00f6rs\u00f6ka f\u00e5 n\u00e5gra korv\u00e4ren f\u00f6r dem, s\u00e5 jag har fotograferat och s\u00e5 har\u2026","rel":"","context":"I \u201dVardagsliv\u201d","block_context":{"text":"Vardagsliv","link":"https:\/\/blogg.fumei.se\/?cat=47"},"img":{"alt_text":"","src":"","width":0,"height":0},"classes":[]}],"_links":{"self":[{"href":"https:\/\/blogg.fumei.se\/index.php?rest_route=\/wp\/v2\/posts\/2994","targetHints":{"allow":["GET"]}}],"collection":[{"href":"https:\/\/blogg.fumei.se\/index.php?rest_route=\/wp\/v2\/posts"}],"about":[{"href":"https:\/\/blogg.fumei.se\/index.php?rest_route=\/wp\/v2\/types\/post"}],"author":[{"embeddable":true,"href":"https:\/\/blogg.fumei.se\/index.php?rest_route=\/wp\/v2\/users\/1"}],"replies":[{"embeddable":true,"href":"https:\/\/blogg.fumei.se\/index.php?rest_route=%2Fwp%2Fv2%2Fcomments&post=2994"}],"version-history":[{"count":1,"href":"https:\/\/blogg.fumei.se\/index.php?rest_route=\/wp\/v2\/posts\/2994\/revisions"}],"predecessor-version":[{"id":2996,"href":"https:\/\/blogg.fumei.se\/index.php?rest_route=\/wp\/v2\/posts\/2994\/revisions\/2996"}],"wp:attachment":[{"href":"https:\/\/blogg.fumei.se\/index.php?rest_route=%2Fwp%2Fv2%2Fmedia&parent=2994"}],"wp:term":[{"taxonomy":"category","embeddable":true,"href":"https:\/\/blogg.fumei.se\/index.php?rest_route=%2Fwp%2Fv2%2Fcategories&post=2994"},{"taxonomy":"post_tag","embeddable":true,"href":"https:\/\/blogg.fumei.se\/index.php?rest_route=%2Fwp%2Fv2%2Ftags&post=2994"}],"curies":[{"name":"wp","href":"https:\/\/api.w.org\/{rel}","templated":true}]}}