{"id":300,"date":"2010-02-14T13:04:00","date_gmt":"2010-02-14T13:04:00","guid":{"rendered":"\/Blogg\/post\/TjejKillsnack-vecka-7.aspx"},"modified":"2010-02-14T13:04:00","modified_gmt":"2010-02-14T13:04:00","slug":"tjejkillsnack-vecka-7","status":"publish","type":"post","link":"https:\/\/blogg.fumei.se\/?p=300","title":{"rendered":"Tjej&#038;Killsnack vecka 7"},"content":{"rendered":"<p>&nbsp;Vill du ocks&aring; vara med? Du hittar Tjejsnack <a href=\"http:\/\/mlilja.net\/tjejkillsnack\/\" target=\"_blank\"><span style=\"color: #000000;\">h&auml;r<\/span><\/a>.<\/p>\n<p><strong><span style=\"text-decoration: underline;\">Livet<\/span><\/strong><\/p>\n<p><strong>1. Vem skulle du vilja byta liv med f&ouml;r en dag?<\/strong><br \/>Nja, trots allt gn&auml;ll s&aring; skulle jag nog inte vilja byta live med n&aring;gon. I varje fall inte vad jag kan komma p&aring; nu. F&ouml;r vad &auml;r det som s&auml;ger att det blir b&auml;ttre f&ouml;r det?<\/p>\n<p><strong>2. Vad skulle du g&ouml;ra om du fick byta liv en vecka?<\/strong><br \/>Byta liv? Allts&aring; som i att leva helt annorlunda &auml;n vad jag g&ouml;r idag? Jo, d&aring; skulle jag f&ouml;r det f&ouml;rsta inte jobba p&aring; mitt vanliga jobb (trots att jag &auml;lskar mitt jobb) utan jag skulle nog vilja vara resereporter. &Aring;ka till en massa platser v&auml;rlden &ouml;ver och uppleva saker som jag sedan f&aring;r ber&auml;tta om f&ouml;r andra! P&aring; arbetstid!<\/p>\n<p><strong>3. Vad skulle du aldrig i ditt liv g&ouml;ra?<\/strong><br \/>Massor med saker; hoppa fallsk&auml;rm, hoppa bungyjump, simma med hajar eller g&ouml;ra n&aring;got &ouml;ht som har med spindlar eller andra kryp att g&ouml;ra!<\/p>\n<p><strong>4. Hur tror du att ditt liv skulle se ut om du vann 50 miljoner?<\/strong><br \/>Jadu, d&aring; skulle jag g&aring; ner i tid p&aring; jobbet (inte sluta &#8211; man beh&ouml;ver det sociala som jobbet ger), betala alla skulder och l&aring;n, ta k&ouml;rkort, resa. Sen skulle jag placera resten av pengarna och leva bra resten av livet, utan att beh&ouml;va bekymra mig om att jag m&aring;ste v&auml;nda p&aring; varje slant f&ouml;r att f&aring; det att g&aring; ihop h&auml;r hemma. I &ouml;vrigt skulle det nog inte skilja sig s&aring; mycket, jag skulle ju fortfarande vara samma m&auml;nniska, med samma &aring;sikter, principer, tankar och k&auml;nslor.<\/p>\n<p><strong>5. Den h&auml;ndelse i mitt liv som p&aring;verkat mig mest &auml;r&hellip;<\/strong><br \/>N&auml;r jag fick mina barn. De &auml;r det b&auml;sta jag gjort, och &auml;ven om jag ibland (ofta) blir rej&auml;lt tr&ouml;tt p&aring; dem s&aring; &auml;lskar jag dem &ouml;ver allt annat!<br \/>N&auml;r jag flyttade till Gbg var ocks&aring; en stor grej, jag som alltid sagt att jag skulle bo kvar i lilla Thn. Negativt sett s&aring; &auml;r det registreringen hos KF som satt djupast sp&aring;r. Den &auml;r sv&aring;r att f&aring; bort, tar l&aring;ng tid att betala och p&aring;verkar i stort sett allt jag g&ouml;r i &ouml;vrigt.<\/p>\n","protected":false},"excerpt":{"rendered":"<p>&nbsp;Vill du ocks&aring; vara med? Du hittar Tjejsnack h&auml;r. Livet 1. Vem skulle du vilja byta liv med f&ouml;r en dag?Nja, trots allt gn&auml;ll s&aring; skulle jag nog inte vilja byta live med n&aring;gon. I varje fall inte vad jag kan komma p&aring; nu. F&ouml;r vad &auml;r det som s&auml;ger att det blir b&auml;ttre f&ouml;r&#8230;<\/p>\n","protected":false},"author":1,"featured_media":0,"comment_status":"open","ping_status":"open","sticky":false,"template":"","format":"standard","meta":{"jetpack_post_was_ever_published":false,"_jetpack_newsletter_access":"","_jetpack_dont_email_post_to_subs":false,"_jetpack_newsletter_tier_id":0,"_jetpack_memberships_contains_paywalled_content":false,"_jetpack_memberships_contains_paid_content":false,"footnotes":"","jetpack_publicize_message":"","jetpack_publicize_feature_enabled":true,"jetpack_social_post_already_shared":false,"jetpack_social_options":{"image_generator_settings":{"template":"highway","default_image_id":0,"font":"","enabled":false},"version":2}},"categories":[47],"tags":[],"class_list":["post-300","post","type-post","status-publish","format-standard","hentry","category-vardagsliv"],"jetpack_publicize_connections":[],"jetpack_featured_media_url":"","jetpack_shortlink":"https:\/\/wp.me\/p3qko4-4Q","jetpack_sharing_enabled":true,"jetpack_likes_enabled":true,"jetpack-related-posts":[{"id":257,"url":"https:\/\/blogg.fumei.se\/?p=257","url_meta":{"origin":300,"position":0},"title":"Glad p\u00e5sk","author":"M :)","date":"2010-04-04","format":false,"excerpt":"\u00c4ven om den snart \u00e4r \u00f6ver...Jag har tillbringat g\u00e5rdagen och dagen p\u00e5 jobbet. Det var v\u00e4ldigt trevligt, massor med god mat och trevliga arbetskamrater. Nu jobbade jag ju inte med mitt eget lag, men det var s\u00e5 bra \u00e4nd\u00e5! Vi brukar ta med oss mat och ordna som lite buff\u00e8\u2026","rel":"","context":"I \u201dVardagsliv\u201d","block_context":{"text":"Vardagsliv","link":"https:\/\/blogg.fumei.se\/?cat=47"},"img":{"alt_text":"","src":"","width":0,"height":0},"classes":[]},{"id":1024,"url":"https:\/\/blogg.fumei.se\/?p=1024","url_meta":{"origin":300,"position":1},"title":"Flera dagars uppdatering i en","author":"M :)","date":"2009-07-18","format":false,"excerpt":"Det blir enklast s\u00e5. M\u00e5ndag var f\u00f6rsta dagen tillbaka p\u00e5 jobbet efter en sk\u00f6n och solig semester. Det var inte s\u00e5 mycket att g\u00f6ra, och det har det inte varit p\u00e5 hela veckan. Lite lagom mycket, men inte s\u00e5 att vi har sprungit som fl\u00e5dda skinn f\u00f6r att hinna med\u2026","rel":"","context":"I \u201dVardagsliv\u201d","block_context":{"text":"Vardagsliv","link":"https:\/\/blogg.fumei.se\/?cat=47"},"img":{"alt_text":"","src":"","width":0,"height":0},"classes":[]},{"id":892,"url":"https:\/\/blogg.fumei.se\/?p=892","url_meta":{"origin":300,"position":2},"title":"*sucka*","author":"M :)","date":"2009-04-27","format":false,"excerpt":"\u00e4r det enda jag kan g\u00f6ra just nu. Idag n\u00e4r jag kom hem hade n\u00e5got utav barnen varit p\u00e5 min dator, s\u00e5 min webl\u00e4sare var uppdaterad med senaste versionen n\u00e4r jag kom hem. Iofs bra, men i och med uppdateringen har ALLA favoriterna f\u00f6rsvunnit! Och dessutom har jag gl\u00f6mt vad\u2026","rel":"","context":"I \u201dVardagsliv\u201d","block_context":{"text":"Vardagsliv","link":"https:\/\/blogg.fumei.se\/?cat=47"},"img":{"alt_text":"","src":"","width":0,"height":0},"classes":[]},{"id":3164,"url":"https:\/\/blogg.fumei.se\/?p=3164","url_meta":{"origin":300,"position":3},"title":"Vad har h\u00e4nt sen sist?","author":"M :)","date":"2013-12-23","format":false,"excerpt":"Tja, jag jobbar och pluggar och pluggar och jobbar. I princip \u00e4r det vad jag g\u00f6r. Men jag har hunnit leka modell f\u00f6r en dag (eller r\u00e4ttare sagt tv\u00e5 timmar), g\u00e5 p\u00e5 lagtr\u00e4ff med arbetskamraterna och \u00e4ta underbar mat p\u00e5 Tara's, g\u00e5 p\u00e5 rockklubb och \u00e4ta julbordsmat som gjorde mig\u2026","rel":"","context":"I \u201dVardagsliv\u201d","block_context":{"text":"Vardagsliv","link":"https:\/\/blogg.fumei.se\/?cat=47"},"img":{"alt_text":"Julkort2010-emeff2010","src":"https:\/\/i0.wp.com\/blogg.fumei.se\/wp-content\/uploads\/2013\/12\/Julkort2010-emeff2010.gif?resize=350%2C200","width":350,"height":200},"classes":[]},{"id":1210,"url":"https:\/\/blogg.fumei.se\/?p=1210","url_meta":{"origin":300,"position":4},"title":"Tjejsnack vecka 51","author":"M :)","date":"2009-12-20","format":false,"excerpt":"Vill du ocks\u00e5 vara med? Du hittar Tjejsnack h\u00e4r.Julafton 1. Vad skulle du inte vilja vara utan p\u00e5 julbordet?Allt! Jag kan inte v\u00e4lja. Utan att det som st\u00e5r p\u00e5 bordet blir det inget riktigt julbord. 2. Vilken \u00e4r din favorit i Kalles Jul-slinga av tecknat?Nja, jag har nog ingen favorit.\u2026","rel":"","context":"I \u201dVardagsliv\u201d","block_context":{"text":"Vardagsliv","link":"https:\/\/blogg.fumei.se\/?cat=47"},"img":{"alt_text":"","src":"","width":0,"height":0},"classes":[]},{"id":2024,"url":"https:\/\/blogg.fumei.se\/?p=2024","url_meta":{"origin":300,"position":5},"title":"Hinklista","author":"M :)","date":"2012-01-07","format":false,"excerpt":"eng. Bucket list. A list of things to do before you die. Comes from the term \"kicked the bucket\". Nej nej nej! Jag ska inte d\u00f6! Lugn och fin...jag ska bara lista n\u00e5gra saker jag skulle vilja g\u00f6ra innan jag trillar av pinnen. Jag radar upp en massa saker h\u00e4r,\u2026","rel":"","context":"I \u201dVardagsliv\u201d","block_context":{"text":"Vardagsliv","link":"https:\/\/blogg.fumei.se\/?cat=47"},"img":{"alt_text":"","src":"","width":0,"height":0},"classes":[]}],"_links":{"self":[{"href":"https:\/\/blogg.fumei.se\/index.php?rest_route=\/wp\/v2\/posts\/300","targetHints":{"allow":["GET"]}}],"collection":[{"href":"https:\/\/blogg.fumei.se\/index.php?rest_route=\/wp\/v2\/posts"}],"about":[{"href":"https:\/\/blogg.fumei.se\/index.php?rest_route=\/wp\/v2\/types\/post"}],"author":[{"embeddable":true,"href":"https:\/\/blogg.fumei.se\/index.php?rest_route=\/wp\/v2\/users\/1"}],"replies":[{"embeddable":true,"href":"https:\/\/blogg.fumei.se\/index.php?rest_route=%2Fwp%2Fv2%2Fcomments&post=300"}],"version-history":[{"count":0,"href":"https:\/\/blogg.fumei.se\/index.php?rest_route=\/wp\/v2\/posts\/300\/revisions"}],"wp:attachment":[{"href":"https:\/\/blogg.fumei.se\/index.php?rest_route=%2Fwp%2Fv2%2Fmedia&parent=300"}],"wp:term":[{"taxonomy":"category","embeddable":true,"href":"https:\/\/blogg.fumei.se\/index.php?rest_route=%2Fwp%2Fv2%2Fcategories&post=300"},{"taxonomy":"post_tag","embeddable":true,"href":"https:\/\/blogg.fumei.se\/index.php?rest_route=%2Fwp%2Fv2%2Ftags&post=300"}],"curies":[{"name":"wp","href":"https:\/\/api.w.org\/{rel}","templated":true}]}}