{"id":3003,"date":"2013-07-05T04:56:30","date_gmt":"2013-07-05T02:56:30","guid":{"rendered":"http:\/\/blogg.fumei.se\/?p=3003"},"modified":"2024-03-31T14:49:52","modified_gmt":"2024-03-31T12:49:52","slug":"nastan-som-hemma","status":"publish","type":"post","link":"https:\/\/blogg.fumei.se\/?p=3003","title":{"rendered":"N\u00e4stan som hemma"},"content":{"rendered":"<p>I alla fall om man ska g\u00e5 efter v\u00e4dret. Idag vr\u00e4kte det ner hela f\u00f6rmiddagen, s\u00e4kert bara f\u00f6r att v\u00e4dergudarna luskat ut att jag skulle bege mig till slottet idag. Men tji fick de, f\u00f6r jag gick dit \u00e4nd\u00e5!<br \/>\nFast f\u00f6rst gick jag till ett litet caf\u00e9 och \u00e5t frukost; \u00e4gg benedictine och en latte fick bli grunden f\u00f6r dagen. Sen styrde jag mot slottet. Och jag sv\u00e4r att den h\u00e4r stan best\u00e5r av trappor, trappor och s\u00e5 n\u00e5gra trappor till! Fyttirackarn! Edinburgh-borna borde ha ganska fasta rumpor&#8230;<\/p>\n<p>F\u00f6r att komma in p\u00e5 slottsomr\u00e5det fick man punga ut med den runda summan av 16 pund, dvs ca 160 sp\u00e4nn. Visserligen fanns det massor att se, men jag tyckte \u00e4nd\u00e5 det var lite mycket. V\u00e4l inne beundrade jag f\u00f6rst utsikten, sen svor jag \u00f6ver alla m\u00e4nniskor som \u00e4r s\u00e5 upptagna av sitt eget turistande att de inte ser dem som \u00e4r omkring dem, utan helt fr\u00e4ckt st\u00e4ller sig mitt framf\u00f6r en n\u00e4r man tar kort eller filmar, eller knuffar och tr\u00e4ngs s\u00e5 man n\u00e4stan tappar balansen. Amerikanerna \u00e4r v\u00e4rst. Det \u00e4r som om de tror att sakerna ska f\u00f6rsvinna om fem minuter&#8230;Bl\u00e4!<\/p>\n<p>Men i alla fall s\u00e5 fick jag en ordentlig rundtur, sen drog jag mig mot samma gata d\u00e4r jag \u00e5t frukost, f\u00f6r nu var det dags f\u00f6r lunchrast. M\u00e5let intogs p\u00e5 Elephant House, och titta ordentligt p\u00e5 bilden s\u00e5 vet ni varf\u00f6r det \u00e4r speciellt.<\/p>\n<p><a href=\"https:\/\/i0.wp.com\/blogg.fumei.se\/wp-content\/uploads\/2013\/07\/wpid-20130704_121552.jpg?ssl=1\"><img data-recalc-dims=\"1\" decoding=\"async\" class=\"alignnone size-full\" title=\"20130704_121552.jpg\" src=\"https:\/\/i0.wp.com\/blogg.fumei.se\/wp-content\/uploads\/2013\/07\/wpid-20130704_121552.jpg?w=640&#038;ssl=1\" alt=\"image\" \/><\/a><\/p>\n<p>Efter maten slank jag in en stund p\u00e5 kyrkog\u00e5rden vid Greyfriars Church. D\u00e4r ligger, enligt legenden, hunden Bobby begravd. Han ska ha vakat vid sin husses grav varje dag, i 14 \u00e5r, tills han sj\u00e4lv dog, och f\u00f6r detta blivit bel\u00f6nad med att bli begravd p\u00e5 en vanlig m\u00e4nniskokyrkog\u00e5rd.<\/p>\n<p><a href=\"https:\/\/i0.wp.com\/blogg.fumei.se\/wp-content\/uploads\/2013\/07\/wpid-20130704_131446.jpg?ssl=1\"><img data-recalc-dims=\"1\" decoding=\"async\" class=\"alignnone size-full\" title=\"20130704_131446.jpg\" src=\"https:\/\/i0.wp.com\/blogg.fumei.se\/wp-content\/uploads\/2013\/07\/wpid-20130704_131446.jpg?w=640&#038;ssl=1\" alt=\"image\" \/><\/a><\/p>\n<p>Tillbaka till mitt rum en timme f\u00f6r att hinna torka, sen ut p\u00e5 shopping runda. Hittade Primark, som Sylwia tipsat om, och hittade lite saker d\u00e4r. Jod\u00e5, billigt som 17, men vill \u00e4nd\u00e5 inte handla bara f\u00f6r handlandets skull. Kikade i n\u00e5gra fler butiker, och hittade n\u00e5gra sm\u00e5saker till.<br \/>\n&#8221;Hem&#8221; f\u00f6r att l\u00e4mna kassar och vila f\u00f6tter, sen ut p\u00e5 jakt efter ett matst\u00e4lle. N\u00e4r man ska \u00e4ta ute varje dag, flera g\u00e5nger om dagen, s\u00e5 vill man inte att det kostar skjortan varje g\u00e5ng. Alla st\u00e4llen med vettiga priser var fulla s\u00e5 det blev pubmeny:<\/p>\n<p><a href=\"https:\/\/i0.wp.com\/blogg.fumei.se\/wp-content\/uploads\/2013\/07\/wpid-PicsArt_1372967125970.jpg?ssl=1\"><img data-recalc-dims=\"1\" decoding=\"async\" class=\"alignnone size-full\" title=\"PicsArt_1372967125970.jpg\" src=\"https:\/\/i0.wp.com\/blogg.fumei.se\/wp-content\/uploads\/2013\/07\/wpid-PicsArt_1372967125970.jpg?w=640&#038;ssl=1\" alt=\"image\" \/><\/a><\/p>\n<p>Men n\u00e4r jag reste mig f\u00f6r att g\u00e5 d\u00e4rifr\u00e5n k\u00e4nde jag att nu hade nog den h\u00e4r kroppen g\u00e5tt tillr\u00e4ckligt mycket idag, s\u00e5 jag smet in i en butik och k\u00f6pte lite gott att mumsa p\u00e5, och nu t\u00e4nker jag vara s\u00e5 o-turistig att jag ligger i s\u00e4ngen och ser p\u00e5 film ist\u00e4llet f\u00f6r att h\u00e4nga p\u00e5 n\u00e5n pub alldeles solokvist.<\/p>\n<p>Och imorgon ska jag g\u00e5 i mera trappor. H\u00e5ller tummarna f\u00f6r uppeh\u00e5lls v\u00e4der. Tur jag packade f\u00f6r svensk sommar \ud83d\ude09<\/p>\n","protected":false},"excerpt":{"rendered":"<p>I alla fall om man ska g\u00e5 efter v\u00e4dret. Idag vr\u00e4kte det ner hela f\u00f6rmiddagen, s\u00e4kert bara f\u00f6r att v\u00e4dergudarna luskat ut att jag skulle bege mig till slottet idag. Men tji fick de, f\u00f6r jag gick dit \u00e4nd\u00e5! Fast f\u00f6rst gick jag till ett litet caf\u00e9 och \u00e5t frukost; \u00e4gg benedictine och en latte&#8230;<\/p>\n","protected":false},"author":1,"featured_media":0,"comment_status":"open","ping_status":"open","sticky":false,"template":"","format":"standard","meta":{"jetpack_post_was_ever_published":false,"_jetpack_newsletter_access":"","_jetpack_dont_email_post_to_subs":false,"_jetpack_newsletter_tier_id":0,"_jetpack_memberships_contains_paywalled_content":false,"_jetpack_memberships_contains_paid_content":false,"footnotes":"","jetpack_publicize_message":"","jetpack_publicize_feature_enabled":true,"jetpack_social_post_already_shared":true,"jetpack_social_options":{"image_generator_settings":{"template":"highway","default_image_id":0,"font":"","enabled":false},"version":2}},"categories":[47],"tags":[256,149,148,255],"class_list":["post-3003","post","type-post","status-publish","format-standard","hentry","category-vardagsliv","tag-edinburgh","tag-resa","tag-semester","tag-skottland"],"jetpack_publicize_connections":[],"jetpack_featured_media_url":"","jetpack_shortlink":"https:\/\/wp.me\/p3qko4-Mr","jetpack_sharing_enabled":true,"jetpack_likes_enabled":true,"jetpack-related-posts":[{"id":3008,"url":"https:\/\/blogg.fumei.se\/?p=3008","url_meta":{"origin":3003,"position":0},"title":"Upp och ner, ner och upp&#8230;","author":"M :)","date":"2013-07-06","format":false,"excerpt":"Hade ett par jobbiga timmar ig\u00e5r d\u00e5 jag k\u00e4nde mig j\u00e4tteensam och gr\u00e4t en skv\u00e4tt, men lyckades somna en stund i alla fall. Vaknade som vanligt i vargtimmen och l\u00e5g och v\u00e4nde mig, s\u00e5 det fick bli en film ist\u00e4llet, och sen lyckades jag fantastiskt nog somna om n\u00e5n timme!\u2026","rel":"","context":"I \u201dVardagsliv\u201d","block_context":{"text":"Vardagsliv","link":"https:\/\/blogg.fumei.se\/?cat=47"},"img":{"alt_text":"","src":"","width":0,"height":0},"classes":[]},{"id":3013,"url":"https:\/\/blogg.fumei.se\/?p=3013","url_meta":{"origin":3003,"position":1},"title":"Lagom snurrigt","author":"M :)","date":"2013-07-06","format":false,"excerpt":"Jag lovar och sv\u00e4r att n\u00e4sta vecka ska jag knappt g\u00e5 n\u00e5nstans! Har g\u00e5tt flera mil de h\u00e4r dagarna, och har nu s\u00e5 j\u00e4kla ont i f\u00f6tter och benhinnor att jag ibland stapplar fram som en gammal gumma! Bl\u00e4! \u00c5terigen en natt med bara ett par timmars s\u00f6mn, idag somnade\u2026","rel":"","context":"I \u201dVardagsliv\u201d","block_context":{"text":"Vardagsliv","link":"https:\/\/blogg.fumei.se\/?cat=47"},"img":{"alt_text":"","src":"","width":0,"height":0},"classes":[]},{"id":2999,"url":"https:\/\/blogg.fumei.se\/?p=2999","url_meta":{"origin":3003,"position":2},"title":"Up, up and away","author":"M :)","date":"2013-07-03","format":false,"excerpt":"Jaha, sova mer \u00e4n ett par timmar gick ju inte den h\u00e4r natten heller, fast nu var det v\u00e4l lika delar resfeber och det gamla vanliga. I vilket fall som helst s\u00e5 vaknade jag skittidigt och gick \u00e4nnu en g\u00e5ng igenom min packning. N\u00e4r jag ans\u00e5g att jag var n\u00f6jd\u2026","rel":"","context":"I \u201dVardagsliv\u201d","block_context":{"text":"Vardagsliv","link":"https:\/\/blogg.fumei.se\/?cat=47"},"img":{"alt_text":"","src":"","width":0,"height":0},"classes":[]},{"id":2495,"url":"https:\/\/blogg.fumei.se\/?p=2495","url_meta":{"origin":3003,"position":3},"title":"Rom 2012; dag 2","author":"M :)","date":"2012-07-29","format":false,"excerpt":"H\u00e4r hittar du inl\u00e4gget om dag 1. Tisdag morgon vaknade vi till halvmulen himmel och \"bara\" 23 grader, men medan vi gjorde oss i ordning och \u00e5t frukost tittade solen fram ordentligt och temperaturen steg, s\u00e5 n\u00e4r vi klev ut genom porten var det redan 27 grader varmt. Och klockan\u2026","rel":"","context":"I \u201dVardagsliv\u201d","block_context":{"text":"Vardagsliv","link":"https:\/\/blogg.fumei.se\/?cat=47"},"img":{"alt_text":"","src":"https:\/\/i0.wp.com\/blogg.fumei.se\/wp-content\/uploads\/2012\/07\/14.jpg?resize=350%2C200","width":350,"height":200},"classes":[]},{"id":978,"url":"https:\/\/blogg.fumei.se\/?p=978","url_meta":{"origin":3003,"position":4},"title":"Glad midsommar!","author":"M :)","date":"2009-06-21","format":false,"excerpt":"Ja det var v\u00e4l egentligen i fredags man skulle s\u00e4ga det, men det \u00e4r ju faktiskt fortfarande midsommarhelg, s\u00e5 d\u00e5 s\u00e5! Jag tillbringade fredag och l\u00f6rdag hos mor och far. Det var lugnt och sk\u00f6nt och ingen midsommarstress, som det s\u00e4kert hade blivit om jag hade spenderat midsommaraftonen tillsammans med\u2026","rel":"","context":"I \u201dVardagsliv\u201d","block_context":{"text":"Vardagsliv","link":"https:\/\/blogg.fumei.se\/?cat=47"},"img":{"alt_text":"","src":"","width":0,"height":0},"classes":[]},{"id":187,"url":"https:\/\/blogg.fumei.se\/?p=187","url_meta":{"origin":3003,"position":5},"title":"Uppdateringsinl\u00e4gg","author":"M :)","date":"2010-08-22","format":false,"excerpt":"Jag beh\u00f6ver v\u00e4l knappast tala om att J \u00e4r h\u00e4r, va? Det tror jag de flesta har koll p\u00e5. Men jag kan ju ber\u00e4tta lite om vad vi har gjort sen han kom hit, f\u00f6r till skillnad mot vad flera tror s\u00e5 har vi inte bott i s\u00e4ngen... I onsdags\u2026","rel":"","context":"I \u201dVardagsliv\u201d","block_context":{"text":"Vardagsliv","link":"https:\/\/blogg.fumei.se\/?cat=47"},"img":{"alt_text":"","src":"","width":0,"height":0},"classes":[]}],"_links":{"self":[{"href":"https:\/\/blogg.fumei.se\/index.php?rest_route=\/wp\/v2\/posts\/3003","targetHints":{"allow":["GET"]}}],"collection":[{"href":"https:\/\/blogg.fumei.se\/index.php?rest_route=\/wp\/v2\/posts"}],"about":[{"href":"https:\/\/blogg.fumei.se\/index.php?rest_route=\/wp\/v2\/types\/post"}],"author":[{"embeddable":true,"href":"https:\/\/blogg.fumei.se\/index.php?rest_route=\/wp\/v2\/users\/1"}],"replies":[{"embeddable":true,"href":"https:\/\/blogg.fumei.se\/index.php?rest_route=%2Fwp%2Fv2%2Fcomments&post=3003"}],"version-history":[{"count":1,"href":"https:\/\/blogg.fumei.se\/index.php?rest_route=\/wp\/v2\/posts\/3003\/revisions"}],"predecessor-version":[{"id":6794,"href":"https:\/\/blogg.fumei.se\/index.php?rest_route=\/wp\/v2\/posts\/3003\/revisions\/6794"}],"wp:attachment":[{"href":"https:\/\/blogg.fumei.se\/index.php?rest_route=%2Fwp%2Fv2%2Fmedia&parent=3003"}],"wp:term":[{"taxonomy":"category","embeddable":true,"href":"https:\/\/blogg.fumei.se\/index.php?rest_route=%2Fwp%2Fv2%2Fcategories&post=3003"},{"taxonomy":"post_tag","embeddable":true,"href":"https:\/\/blogg.fumei.se\/index.php?rest_route=%2Fwp%2Fv2%2Ftags&post=3003"}],"curies":[{"name":"wp","href":"https:\/\/api.w.org\/{rel}","templated":true}]}}