{"id":3008,"date":"2013-07-06T05:55:51","date_gmt":"2013-07-06T03:55:51","guid":{"rendered":"http:\/\/blogg.fumei.se\/?p=3008"},"modified":"2013-07-06T05:55:51","modified_gmt":"2013-07-06T03:55:51","slug":"upp-och-ner-ner-och-upp","status":"publish","type":"post","link":"https:\/\/blogg.fumei.se\/?p=3008","title":{"rendered":"Upp och ner, ner och upp&#8230;"},"content":{"rendered":"<p>Hade ett par jobbiga timmar ig\u00e5r d\u00e5 jag k\u00e4nde mig j\u00e4tteensam och gr\u00e4t en skv\u00e4tt, men lyckades somna en stund i alla fall. Vaknade som vanligt i vargtimmen och l\u00e5g och v\u00e4nde mig, s\u00e5 det fick bli en film ist\u00e4llet, och sen lyckades jag fantastiskt nog somna om n\u00e5n timme! Det innebar i och f\u00f6r sig att n\u00e4r jag ville in p\u00e5 toa och duscha s\u00e5 var det en j\u00e4mn str\u00f6m dit fr\u00e5n grannarnas rum (delat badrum funkar inte alls mellan 8.30 och 9.30). Men det blev ordning p\u00e5 det ocks\u00e5, det g\u00e4ller att lurpassa och vara snabb!<br \/>\nSen ut och hitta frukost, den h\u00e4r g\u00e5ngen blev det en &#8221;full english breakfast&#8221;; dvs \u00e4gg(r\u00f6ra), bacon, toast, stekta champinjoner och korv. Och s\u00e5 kaffe, s\u00e5 klart!<\/p>\n<p>Idag avverkade jag Royal Mile, som \u00e4r gatan som leder fr\u00e5n Edinburgh Castle \u00e4nda ner till Holyrood Palace, det nuvarande kungliga slottet i Skottland.<br \/>\nJag gick inte \u00e4nda upp till slottet igen eftersom jag var i de krokarna ig\u00e5r, men snudd p\u00e5. Kikade p\u00e5 folk, i butiker och f\u00f6nster, nj\u00f6t av att solen sken (regnjackan fick ligga kvar i v\u00e4skan hela dagen) och tog det lugnt.<br \/>\nHamnade i en butik som s\u00e4ljer provplagg fr\u00e5n k\u00e4nda (dyra) m\u00e4rken till ibland mindre \u00e4n halva priset! Tyv\u00e4rr \u00e4r inte de kl\u00e4derna riktigt min stil, men det var kul att titta. Och tur \u00e4r v\u00e4l det, annars hade nog resten av mina pengar f\u00f6rsvunnit snabbt fr\u00e5n kontot&#8230;<\/p>\n<p><a href=\"https:\/\/i0.wp.com\/blogg.fumei.se\/wp-content\/uploads\/2013\/07\/wpid-20130705_113646.jpg?ssl=1\"><img data-recalc-dims=\"1\" decoding=\"async\" title=\"20130705_113646.jpg\" class=\"alignnone size-full\" alt=\"image\" src=\"https:\/\/i0.wp.com\/blogg.fumei.se\/wp-content\/uploads\/2013\/07\/wpid-20130705_113646.jpg?w=640&#038;ssl=1\" \/><\/a><\/p>\n<p>St Giles Cathedral \u00e4r idag Edinburghs stadskyrka, men den har g\u00e5tt igenom m\u00e5nga f\u00f6r\u00e4ndringar under \u00e5ren. Den b\u00f6rjade byggas p\u00e5 1100-talet, och blev inte katedral f\u00f6rr\u00e4n p\u00e5 1400-talet, f\u00f6r att sen bli en &#8221;vanlig&#8221; kyrka igen efter reformationen. Men den ben\u00e4mns fortfarande katedral. Vacker \u00e4r den, och m\u00e5nga \u00e4r minnestavlorna \u00f6ver stupade soldater som finns d\u00e4r inne. Det finns flera sm\u00e5 kapell inne i sj\u00e4lva kyrkan, det mest omtalade \u00e4r Thistle Chapel, som \u00e4r ett kapell till\u00e4gnat The most Ancient and Most Noble Order of the Thistle, en orden grundad 1687 av James VII. Orden best\u00e5r av Skottlands monark och de 16 mest framst\u00e5ende riddarna i landet. Riddarna utses av monarken, och \u00e4r oftast skottar som betytt n\u00e5got f\u00f6r Skottland, nationellt och internationellt. Mest en massa earlar och baroner och prinsar som jag inte h\u00f6rt talas om n\u00e5gon g\u00e5ng.<\/p>\n<p><a href=\"https:\/\/i0.wp.com\/blogg.fumei.se\/wp-content\/uploads\/2013\/07\/wpid-20130705_104838.jpg?ssl=1\"><img data-recalc-dims=\"1\" decoding=\"async\" title=\"20130705_104838.jpg\" class=\"alignnone size-full\" alt=\"image\" src=\"https:\/\/i0.wp.com\/blogg.fumei.se\/wp-content\/uploads\/2013\/07\/wpid-20130705_104838.jpg?w=640&#038;ssl=1\" \/><\/a><\/p>\n<p>Utanf\u00f6r kyrkan st\u00e5r en staty av John Knox, frontfigur f\u00f6r Skottlands religi\u00f6sa reformation fr\u00e5n katolicism till protestantism.<br \/>\nHans hus kom jag till efter en kort promenad. Det \u00e4r ett riktigt gammalt hus, och det ligger i princip p\u00e5 trottoaren, precis som om man byggt de nyare husen runt omkring det. D\u00e4r fick man en liten rundtur om hur Knox stod upp mot Mary Stuart och fick henne f\u00e4ngslad pga sin katolska tro n\u00e4r han hj\u00e4lpte till att g\u00f6ra Skottland protestantiskt.<\/p>\n<p><a href=\"https:\/\/i0.wp.com\/blogg.fumei.se\/wp-content\/uploads\/2013\/07\/wpid-20130705_115719.jpg?ssl=1\"><img data-recalc-dims=\"1\" decoding=\"async\" title=\"20130705_115719.jpg\" class=\"alignnone size-full\" alt=\"image\" src=\"https:\/\/i0.wp.com\/blogg.fumei.se\/wp-content\/uploads\/2013\/07\/wpid-20130705_115719.jpg?w=640&#038;ssl=1\" \/><\/a><\/p>\n<p>Mera kyrkligt blev det n\u00e4r jag kom till Canongate Kirk. Jag sm\u00f6g runt p\u00e5 den urgamla kyrkog\u00e5rden en stund och f\u00f6rs\u00f6kte l\u00e4sa p\u00e5 gravstenarna, men de flesta \u00e4r s\u00e5 gamla att text och graveringar \u00e4r utsuddade av v\u00e4der och vind. P\u00e5 kyrkog\u00e5rden ligger flera ber\u00f6mda skottar, bla en ekonom och en poet, och s\u00e5 finns h\u00e4r en Ebenezer Lennox Scroggie, som gav Dickens inspiration till Ebenezer Scrooge.<br \/>\nN\u00e5gra meter fr\u00e5n kyrkan ligger Clarindas, ett gammaldags litet, mysigt teahouse, som fick bli dagens lunch st\u00e4lle. Den mastiga frukosten l\u00e5g fortfarande och gav energi s\u00e5 det blev bara lite fika. En klassisk cream tea, som best\u00e5r av en kopp te, en scone och till det sm\u00f6r, sylt och vispad gr\u00e4dde. Mmm&#8230;<br \/>\nEftersom caf\u00e9et \u00e4r litet och tr\u00e5ngt f\u00e5r man dela bord med andra g\u00e4ster, och det damp ner ett par fr\u00e5n Sk\u00e5netrakten hos mig! Vi pratade en stund och de ber\u00e4ttade att de varit vid Holyrood Palace, men att det var st\u00e4ngt f\u00f6r allm\u00e4nheten den h\u00e4r helgen f\u00f6r drottningen var p\u00e5 bes\u00f6k. Det \u00e4r ju typiskt att hon v\u00e4ljer den helgen som jag \u00e4r d\u00e4r, men som tur \u00e4r s\u00e5 finns det ju en massa annat att se.<\/p>\n<p>Som parlamentshuset, tex, som ligger mittemot palatset. Egentligen var jag bara p\u00e5 jakt efter en toa, men det fanns en liten utst\u00e4llning om huset och parlamentet och hur Skottland styrs. R\u00e4tt intressant. Jag har varit i Stockholm hur m\u00e5nga g\u00e5nger som helst men aldrig i riksdagshuset. Skotska parlamentshuset \u00e4r en storslagen historia. Byggnaden str\u00e4cker sig \u00f6ver ett ganska stort landomr\u00e5de och \u00e4r utformat som en gren, med l\u00f6v och kvistar. Allt material som anv\u00e4nts \u00e4r h\u00e4mtat fr\u00e5n Skottland. <\/p>\n<p>Fr\u00e5n gatan utanf\u00f6r kan man se upp mot kullarna i Holyrood Park. Men innan jag gav mig p\u00e5 det v\u00e4nde jag tillbaka till vandrarhemmet f\u00f6r att byta till lite mindre varma kl\u00e4der, f\u00f6r solen sken ganska bra. Riktigt fint sommar v\u00e4der, perfekt f\u00f6r en utflykt till ett h\u00f6gt berg!<br \/>\nP\u00e5 v\u00e4gen &#8221;hem&#8221; passade jag p\u00e5 att k\u00f6pa ett nytt minneskort till kameran, f\u00f6r det gamla var fullt. Snubblade ocks\u00e5 \u00f6ver en skobutik med superrea, s\u00e5 gick d\u00e4rifr\u00e5n med nya sandaler och tygskor.<br \/>\nTygskorna satt fint n\u00e4r jag bytte om, f\u00f6r mina f\u00f6tter k\u00e4ndes som tv\u00e5 heta cementklumpar.<\/p>\n<p>Ut igen, och s\u00e5 vek jag av p\u00e5 en annan gata, och d\u00e4r hittade jag Surgeons&#8217; Hall, museum \u00f6ver kirurgi genom tiderna. Tyv\u00e4rr var det st\u00e4ngt, s\u00e5 jag f\u00e5r ta det imorgon ist\u00e4llet. Men jag fick se flera glada nyexaminerade kirurger (l\u00e4kare?) som poserade f\u00f6r sl\u00e4ktingar p\u00e5 den vackra f\u00f6rg\u00e5rden!<\/p>\n<p>Sen gick jag. Och gick och gick och gick. Och s\u00e5 stod jag vid foten av berget (eller kullen som de kallar den). <\/p>\n<p><a href=\"https:\/\/i0.wp.com\/blogg.fumei.se\/wp-content\/uploads\/2013\/07\/wpid-TA_IMG_edinburgh_20130705_175322.jpg?ssl=1\"><img data-recalc-dims=\"1\" decoding=\"async\" title=\"TA_IMG_edinburgh_20130705_175322.jpg\" class=\"alignnone size-full\" alt=\"image\" src=\"https:\/\/i0.wp.com\/blogg.fumei.se\/wp-content\/uploads\/2013\/07\/wpid-TA_IMG_edinburgh_20130705_175322.jpg?w=640&#038;ssl=1\" \/><\/a><\/p>\n<p>Det var ju bara att g\u00e5 vidare. Herre j\u00f6sses och alla \u00e4nglarna, vilken superkass kondis jag har! N\u00e5gra vatten- och vilopauser, men upp kom jag! En fantastisk utsikt bel\u00f6nade mig, och en schysst amerikan f\u00f6revigade mig vid toppen! Jag satt d\u00e4r uppe en stund, tog en del bilder och bara var glad \u00e5t att jag \u00e4r s\u00e5 j\u00e4kla envis ibland, men sen b\u00f6rjade svindel och h\u00f6jdr\u00e4dsla g\u00f6ra sig p\u00e5minda, s\u00e5 d\u00e5 best\u00e4mde jag mig f\u00f6r att g\u00e5 ner igen.<br \/>\nOch d\u00e5 kan man ju antingen v\u00e4lja att g\u00e5 tillbaka samma v\u00e4g som man kom eller g\u00e5 den lilla stigen som leder till bilv\u00e4gen och f\u00f6lja den. Eller s\u00e5 kan man traska \u00e5t ett helt annat h\u00e5ll och verkligen f\u00e5 bevisa att man \u00e4r f\u00f6dd i stenbockens tecken. Jag kom ner till slut, en bra bit ifr\u00e5n d\u00e4r jag b\u00f6rjade g\u00e5 upp\u00e5t, men jag f\u00f6ljde v\u00e4gen och kom till sist fram till parlamentshuset och slutet av parken igen.<\/p>\n<p>K\u00f6pte en fish&#8217;n&#8217;chips och gick tillbaka till mitt rum. T\u00e4nkte \u00e4ta och duscha och sen g\u00e5 ut och ta en \u00f6l, men somnade och vaknade vid tre, och nu har jag skrivit det h\u00e4r inl\u00e4gget ist\u00e4llet.<br \/>\nMina f\u00f6tter skulle beh\u00f6va en balja med kallt vatten, men det blir sv\u00e5rt att ordna nu. Huvudv\u00e4rken \u00e4r l\u00e4ttare att bota. Undrar om jag kan somna om sen? Jag skulle ju k\u00f6pa mig en bok idag, s\u00e5 jag slipper se film varje g\u00e5ng jag inte kan sova, men det gl\u00f6mde jag.<\/p>\n<p>Imorgon blir det bussutflykt och s\u00e5 ska vi se om jag v\u00e5gar mig p\u00e5 det h\u00e4r med whisky. Och ni f\u00e5r faktiskt h\u00e5lla tillgodo med de bilder ni f\u00e5r h\u00e4r, f\u00f6r min kamera har ingen internetanslutning och batteriet p\u00e5 mobilen verkar beh\u00f6va bytas ut&#8230;<\/p>\n","protected":false},"excerpt":{"rendered":"<p>Hade ett par jobbiga timmar ig\u00e5r d\u00e5 jag k\u00e4nde mig j\u00e4tteensam och gr\u00e4t en skv\u00e4tt, men lyckades somna en stund i alla fall. Vaknade som vanligt i vargtimmen och l\u00e5g och v\u00e4nde mig, s\u00e5 det fick bli en film ist\u00e4llet, och sen lyckades jag fantastiskt nog somna om n\u00e5n timme! Det innebar i och f\u00f6r&#8230;<\/p>\n","protected":false},"author":1,"featured_media":0,"comment_status":"open","ping_status":"open","sticky":false,"template":"","format":"standard","meta":{"jetpack_post_was_ever_published":false,"_jetpack_newsletter_access":"","_jetpack_dont_email_post_to_subs":false,"_jetpack_newsletter_tier_id":0,"_jetpack_memberships_contains_paywalled_content":false,"_jetpack_memberships_contains_paid_content":false,"footnotes":"","jetpack_publicize_message":"","jetpack_publicize_feature_enabled":true,"jetpack_social_post_already_shared":true,"jetpack_social_options":{"image_generator_settings":{"template":"highway","default_image_id":0,"font":"","enabled":false},"version":2}},"categories":[47],"tags":[256,149,148,255],"class_list":["post-3008","post","type-post","status-publish","format-standard","hentry","category-vardagsliv","tag-edinburgh","tag-resa","tag-semester","tag-skottland"],"jetpack_publicize_connections":[],"jetpack_featured_media_url":"","jetpack_shortlink":"https:\/\/wp.me\/p3qko4-Mw","jetpack_sharing_enabled":true,"jetpack_likes_enabled":true,"jetpack-related-posts":[{"id":2999,"url":"https:\/\/blogg.fumei.se\/?p=2999","url_meta":{"origin":3008,"position":0},"title":"Up, up and away","author":"M :)","date":"2013-07-03","format":false,"excerpt":"Jaha, sova mer \u00e4n ett par timmar gick ju inte den h\u00e4r natten heller, fast nu var det v\u00e4l lika delar resfeber och det gamla vanliga. I vilket fall som helst s\u00e5 vaknade jag skittidigt och gick \u00e4nnu en g\u00e5ng igenom min packning. N\u00e4r jag ans\u00e5g att jag var n\u00f6jd\u2026","rel":"","context":"I \u201dVardagsliv\u201d","block_context":{"text":"Vardagsliv","link":"https:\/\/blogg.fumei.se\/?cat=47"},"img":{"alt_text":"","src":"","width":0,"height":0},"classes":[]},{"id":3003,"url":"https:\/\/blogg.fumei.se\/?p=3003","url_meta":{"origin":3008,"position":1},"title":"N\u00e4stan som hemma","author":"M :)","date":"2013-07-05","format":false,"excerpt":"I alla fall om man ska g\u00e5 efter v\u00e4dret. Idag vr\u00e4kte det ner hela f\u00f6rmiddagen, s\u00e4kert bara f\u00f6r att v\u00e4dergudarna luskat ut att jag skulle bege mig till slottet idag. Men tji fick de, f\u00f6r jag gick dit \u00e4nd\u00e5! Fast f\u00f6rst gick jag till ett litet caf\u00e9 och \u00e5t frukost;\u2026","rel":"","context":"I \u201dVardagsliv\u201d","block_context":{"text":"Vardagsliv","link":"https:\/\/blogg.fumei.se\/?cat=47"},"img":{"alt_text":"","src":"","width":0,"height":0},"classes":[]},{"id":3013,"url":"https:\/\/blogg.fumei.se\/?p=3013","url_meta":{"origin":3008,"position":2},"title":"Lagom snurrigt","author":"M :)","date":"2013-07-06","format":false,"excerpt":"Jag lovar och sv\u00e4r att n\u00e4sta vecka ska jag knappt g\u00e5 n\u00e5nstans! Har g\u00e5tt flera mil de h\u00e4r dagarna, och har nu s\u00e5 j\u00e4kla ont i f\u00f6tter och benhinnor att jag ibland stapplar fram som en gammal gumma! Bl\u00e4! \u00c5terigen en natt med bara ett par timmars s\u00f6mn, idag somnade\u2026","rel":"","context":"I \u201dVardagsliv\u201d","block_context":{"text":"Vardagsliv","link":"https:\/\/blogg.fumei.se\/?cat=47"},"img":{"alt_text":"","src":"","width":0,"height":0},"classes":[]},{"id":294,"url":"https:\/\/blogg.fumei.se\/?p=294","url_meta":{"origin":3008,"position":3},"title":"Bleurgh","author":"M :)","date":"2010-02-19","format":false,"excerpt":"Har varit sjuk. Inte s\u00e5 mycket, men tillr\u00e4ckligt f\u00f6r att g\u00e5 hem tidigare och stanna hemma en dag. Det b\u00f6rjade med att jag hade lite huvudv\u00e4rk ig\u00e5r morse, men jag avf\u00e4rdade det med att jag var tr\u00f6tt. Klockan var ju trots allt bara 4.45 p\u00e5 morgonen. Kom till jobbet, tog\u2026","rel":"","context":"I \u201dVardagsliv\u201d","block_context":{"text":"Vardagsliv","link":"https:\/\/blogg.fumei.se\/?cat=47"},"img":{"alt_text":"","src":"","width":0,"height":0},"classes":[]},{"id":213,"url":"https:\/\/blogg.fumei.se\/?p=213","url_meta":{"origin":3008,"position":4},"title":"Regnet det bara \u00f6ser ner&#8230;","author":"M :)","date":"2010-06-20","format":false,"excerpt":"Fy fabian vad jag inte gillar regn. S\u00e4rskilt inte n\u00e4r jag \u00e4r ledig och hade t\u00e4nkt g\u00f6ra flera saker som involverar att vara utomhus, som tex promenad, fixa balkongen och att g\u00e5 till \u00e5tervinningen. Men men, jag f\u00e5r v\u00e4l skjuta upp det till en annan dag. Problemet \u00e4r bara att\u2026","rel":"","context":"I \u201dVardagsliv\u201d","block_context":{"text":"Vardagsliv","link":"https:\/\/blogg.fumei.se\/?cat=47"},"img":{"alt_text":"","src":"","width":0,"height":0},"classes":[]},{"id":3080,"url":"https:\/\/blogg.fumei.se\/?p=3080","url_meta":{"origin":3008,"position":5},"title":"Bilder i urval","author":"M :)","date":"2013-07-15","format":false,"excerpt":"N\u00e5gra bilder fr\u00e5n resan till Edinburgh. \u00a0 \u00a0 \u00a0 \u00a0 Arthurs' Seat. V\u00e4lbes\u00f6kt turistattraktion p\u00e5 toppen av 251m brant kulle... ...men upp kom jag! Pust och fl\u00e4mt. \u00a0 Utsikt \u00f6ver Edinburgh fr\u00e5n Arthurs' Seat. Rosslyn Chapel \u00a0 \u00d6verallt p\u00e5 Rosslyn fanns dessa tomma nischer f\u00f6r statyer. Jag tror det var\u2026","rel":"","context":"I \u201dVardagsliv\u201d","block_context":{"text":"Vardagsliv","link":"https:\/\/blogg.fumei.se\/?cat=47"},"img":{"alt_text":"","src":"","width":0,"height":0},"classes":[]}],"_links":{"self":[{"href":"https:\/\/blogg.fumei.se\/index.php?rest_route=\/wp\/v2\/posts\/3008","targetHints":{"allow":["GET"]}}],"collection":[{"href":"https:\/\/blogg.fumei.se\/index.php?rest_route=\/wp\/v2\/posts"}],"about":[{"href":"https:\/\/blogg.fumei.se\/index.php?rest_route=\/wp\/v2\/types\/post"}],"author":[{"embeddable":true,"href":"https:\/\/blogg.fumei.se\/index.php?rest_route=\/wp\/v2\/users\/1"}],"replies":[{"embeddable":true,"href":"https:\/\/blogg.fumei.se\/index.php?rest_route=%2Fwp%2Fv2%2Fcomments&post=3008"}],"version-history":[{"count":0,"href":"https:\/\/blogg.fumei.se\/index.php?rest_route=\/wp\/v2\/posts\/3008\/revisions"}],"wp:attachment":[{"href":"https:\/\/blogg.fumei.se\/index.php?rest_route=%2Fwp%2Fv2%2Fmedia&parent=3008"}],"wp:term":[{"taxonomy":"category","embeddable":true,"href":"https:\/\/blogg.fumei.se\/index.php?rest_route=%2Fwp%2Fv2%2Fcategories&post=3008"},{"taxonomy":"post_tag","embeddable":true,"href":"https:\/\/blogg.fumei.se\/index.php?rest_route=%2Fwp%2Fv2%2Ftags&post=3008"}],"curies":[{"name":"wp","href":"https:\/\/api.w.org\/{rel}","templated":true}]}}