{"id":301,"date":"2010-02-14T10:46:00","date_gmt":"2010-02-14T10:46:00","guid":{"rendered":"\/Blogg\/post\/I-sista-minuten.aspx"},"modified":"2010-02-14T10:46:00","modified_gmt":"2010-02-14T10:46:00","slug":"i-sista-minuten","status":"publish","type":"post","link":"https:\/\/blogg.fumei.se\/?p=301","title":{"rendered":"I sista minuten"},"content":{"rendered":"<p style=\"text-align: left;\">Fast kanske tom lite f&ouml;rsent&#8230;fototrissen vecka 6 har\/hade temat <em>inuti<\/em>, och h&auml;r &auml;r mina bilder p&aring; det temat:&nbsp;<\/p>\n<p style=\"text-align: center;\"><img decoding=\"async\" src=\"\/blogg\/image.axd?picture=2010%2f2%2ftriss6-1.jpg\" alt=\"\" \/>&nbsp;<\/p>\n<p>Inuti den h&auml;r s&ouml;ta asken som jag fick p&aring; min f&ouml;delsedag, l&aring;g ett vackert halsband.&nbsp;&nbsp;<\/p>\n<p style=\"text-align: center;\"><img decoding=\"async\" src=\"\/blogg\/image.axd?picture=2010%2f2%2ftriss6-2.jpg\" alt=\"\" \/><\/p>\n<p>Inuti den h&auml;r inte-s&aring;-snygga v&auml;skan f&ouml;rvarar jag min (som egentligen &auml;r pappas, men det &auml;r jag som anv&auml;nder den) analoga kamera, en <a href=\"http:\/\/sv.wikipedia.org\/wiki\/Praktica\" target=\"_blank\">Praktica&nbsp;1000<\/a>.&nbsp;<\/p>\n<p style=\"text-align: center;\"><img decoding=\"async\" src=\"\/blogg\/image.axd?picture=2010%2f2%2f201002121597.jpg\" alt=\"\" \/><\/p>\n<p>Det h&auml;r &aring;b&auml;ket anv&auml;nder vi <a href=\"http:\/\/www.sahlgrenska.se\/sv\/SU\/-Platshallare---Arkiverade-sidor\/Vard\/Mottagningar\/Specialforlossningen-Ostra\/\" target=\"_blank\">p&aring; jobbet <\/a>f&ouml;r att se <a href=\"http:\/\/www.netdoktor.se\/graviditet\/?_PageId=991\" target=\"_blank\">barnet <em>inuti <\/em>livmodern<\/a>.&nbsp;<\/p>\n","protected":false},"excerpt":{"rendered":"<p>Fast kanske tom lite f&ouml;rsent&#8230;fototrissen vecka 6 har\/hade temat inuti, och h&auml;r &auml;r mina bilder p&aring; det temat:&nbsp; &nbsp; Inuti den h&auml;r s&ouml;ta asken som jag fick p&aring; min f&ouml;delsedag, l&aring;g ett vackert halsband.&nbsp;&nbsp; Inuti den h&auml;r inte-s&aring;-snygga v&auml;skan f&ouml;rvarar jag min (som egentligen &auml;r pappas, men det &auml;r jag som anv&auml;nder den) analoga kamera,&#8230;<\/p>\n","protected":false},"author":1,"featured_media":0,"comment_status":"open","ping_status":"open","sticky":false,"template":"","format":"standard","meta":{"jetpack_post_was_ever_published":false,"_jetpack_newsletter_access":"","_jetpack_dont_email_post_to_subs":false,"_jetpack_newsletter_tier_id":0,"_jetpack_memberships_contains_paywalled_content":false,"_jetpack_memberships_contains_paid_content":false,"footnotes":"","jetpack_publicize_message":"","jetpack_publicize_feature_enabled":true,"jetpack_social_post_already_shared":false,"jetpack_social_options":{"image_generator_settings":{"template":"highway","default_image_id":0,"font":"","enabled":false},"version":2}},"categories":[47],"tags":[],"class_list":["post-301","post","type-post","status-publish","format-standard","hentry","category-vardagsliv"],"jetpack_publicize_connections":[],"jetpack_featured_media_url":"","jetpack_shortlink":"https:\/\/wp.me\/p3qko4-4R","jetpack_sharing_enabled":true,"jetpack_likes_enabled":true,"jetpack-related-posts":[{"id":5033,"url":"https:\/\/blogg.fumei.se\/?p=5033","url_meta":{"origin":301,"position":0},"title":"Besked","author":"M :)","date":"2018-09-28","format":false,"excerpt":"Jag har sedan strax efter att jag b\u00f6rjade jobba p\u00e5 barnmorskemottagningen haft problem med sm\u00e4rta i min v\u00e4nstra arm. Det \u00e4r en lite diffus men \u00e4nd\u00e5 v\u00e4ldigt p\u00e5taglig sm\u00e4rta, som liksom sitter inuti armen, det spelar ingen roll om jag nyper eller kl\u00e4mmer eller vad jag g\u00f6r med armen, s\u00e5\u2026","rel":"","context":"I \u201dVardagsliv\u201d","block_context":{"text":"Vardagsliv","link":"https:\/\/blogg.fumei.se\/?cat=47"},"img":{"alt_text":"","src":"https:\/\/i0.wp.com\/blogg.fumei.se\/wp-content\/uploads\/2022\/10\/Ska%CC%88rmavbild-2022-10-30-kl.-13.49.35.jpeg?resize=350%2C200&ssl=1","width":350,"height":200,"srcset":"https:\/\/i0.wp.com\/blogg.fumei.se\/wp-content\/uploads\/2022\/10\/Ska%CC%88rmavbild-2022-10-30-kl.-13.49.35.jpeg?resize=350%2C200&ssl=1 1x, https:\/\/i0.wp.com\/blogg.fumei.se\/wp-content\/uploads\/2022\/10\/Ska%CC%88rmavbild-2022-10-30-kl.-13.49.35.jpeg?resize=525%2C300&ssl=1 1.5x, https:\/\/i0.wp.com\/blogg.fumei.se\/wp-content\/uploads\/2022\/10\/Ska%CC%88rmavbild-2022-10-30-kl.-13.49.35.jpeg?resize=700%2C400&ssl=1 2x, https:\/\/i0.wp.com\/blogg.fumei.se\/wp-content\/uploads\/2022\/10\/Ska%CC%88rmavbild-2022-10-30-kl.-13.49.35.jpeg?resize=1050%2C600&ssl=1 3x"},"classes":[]},{"id":485,"url":"https:\/\/blogg.fumei.se\/?p=485","url_meta":{"origin":301,"position":1},"title":"Hus till salu","author":"M :)","date":"2008-08-17","format":false,"excerpt":"Husm\u00f6tet \u00e4r \u00f6ver. Vi fick veta att de (\u00e4garna) ska s\u00e4tta ut huset till f\u00f6rs\u00e4ljning, eftersom de tycker att de inte har r\u00e5d att ha 2 hus. Annars var det v\u00e4l inte s\u00e5 mycket att diskutera, s\u00e5 det blev en stund trevlig fika resten av tiden vi var d\u00e4r. Om\u2026","rel":"","context":"I \u201dVardagsliv\u201d","block_context":{"text":"Vardagsliv","link":"https:\/\/blogg.fumei.se\/?cat=47"},"img":{"alt_text":"","src":"","width":0,"height":0},"classes":[]},{"id":2966,"url":"https:\/\/blogg.fumei.se\/?p=2966","url_meta":{"origin":301,"position":2},"title":"Och h\u00f6r sen!","author":"M :)","date":"2013-05-29","format":false,"excerpt":"Om du l\u00e4ser den h\u00e4r bloggen n\u00e4r det skrivs n\u00e5got h\u00e4r, s\u00e5 vet du att jag fick en kallelse ttill h\u00f6rcentralen. Jag var d\u00e4r, och audionomen sa att det var solklart att jag h\u00f6r mycket s\u00e4mre p\u00e5 v\u00e4nster \u00f6ra \u00e4n p\u00e5 h\u00f6ger. Tyv\u00e4rr kunde hon inte g\u00f6ra n\u00e5got mer d\u00e4r,\u2026","rel":"","context":"I \u201dVardagsliv\u201d","block_context":{"text":"Vardagsliv","link":"https:\/\/blogg.fumei.se\/?cat=47"},"img":{"alt_text":"","src":"","width":0,"height":0},"classes":[]},{"id":270,"url":"https:\/\/blogg.fumei.se\/?p=270","url_meta":{"origin":301,"position":3},"title":"Fototriss &#8211; dubbelt upp!","author":"M :)","date":"2010-03-16","format":false,"excerpt":"I och med att min dator inte har funkat som jag velat att den skulle, s\u00e5 blev det ingen triss upplagd f\u00f6rra veckan. D\u00e4rf\u00f6r kommer det nu tv\u00e5 trissar i samma inl\u00e4gg.F\u00f6rra veckans tema var \"Gissa temat\". N\u00e5gon som \u00e4r duktig p\u00e5 g\u00e5tor?\u00a0 \u00a0 \u00a0 Den h\u00e4r veckan \u00e4r temat\u2026","rel":"","context":"I \u201dVardagsliv\u201d","block_context":{"text":"Vardagsliv","link":"https:\/\/blogg.fumei.se\/?cat=47"},"img":{"alt_text":"","src":"","width":0,"height":0},"classes":[]},{"id":252,"url":"https:\/\/blogg.fumei.se\/?p=252","url_meta":{"origin":301,"position":4},"title":"Sn\u00e5lbl\u00e5st","author":"M :)","date":"2010-04-13","format":false,"excerpt":"Solen sken idag ocks\u00e5, men det bl\u00e5ste fasligt kallt, s\u00e5 det var n\u00e4stan l\u00e4ge f\u00f6r jacka igen, men jag h\u00e4rdar ut! Har ingen lust att kr\u00e4nga p\u00e5 mig en vinterjacka igen, n\u00e4r jag nu har h\u00e4ngt undan den f\u00f6r i \u00e5r, och n\u00e5gon v\u00e5rjacka har jag inte hunnit inf\u00f6rskaffa, s\u00e5\u2026","rel":"","context":"I \u201dVardagsliv\u201d","block_context":{"text":"Vardagsliv","link":"https:\/\/blogg.fumei.se\/?cat=47"},"img":{"alt_text":"","src":"","width":0,"height":0},"classes":[]},{"id":153,"url":"https:\/\/blogg.fumei.se\/?p=153","url_meta":{"origin":301,"position":5},"title":"Om ni inte m\u00e4rkte det sj\u00e4lva","author":"M :)","date":"2010-11-25","format":false,"excerpt":"s\u00e5 \u00e4r jag klar med att fixa med bloggen f\u00f6r den h\u00e4r g\u00e5ngen. Blev ganska n\u00f6jd, lite vintrigt tema i headern utan att f\u00f6r den skull vara \u00f6verdrivet sn\u00f6igt. Lite n\u00e4rmare jul kommer det nog en mera julig header... Idag har jag slitit som ett djur p\u00e5 jobbet, men det\u2026","rel":"","context":"I \u201dVardagsliv\u201d","block_context":{"text":"Vardagsliv","link":"https:\/\/blogg.fumei.se\/?cat=47"},"img":{"alt_text":"","src":"","width":0,"height":0},"classes":[]}],"_links":{"self":[{"href":"https:\/\/blogg.fumei.se\/index.php?rest_route=\/wp\/v2\/posts\/301","targetHints":{"allow":["GET"]}}],"collection":[{"href":"https:\/\/blogg.fumei.se\/index.php?rest_route=\/wp\/v2\/posts"}],"about":[{"href":"https:\/\/blogg.fumei.se\/index.php?rest_route=\/wp\/v2\/types\/post"}],"author":[{"embeddable":true,"href":"https:\/\/blogg.fumei.se\/index.php?rest_route=\/wp\/v2\/users\/1"}],"replies":[{"embeddable":true,"href":"https:\/\/blogg.fumei.se\/index.php?rest_route=%2Fwp%2Fv2%2Fcomments&post=301"}],"version-history":[{"count":0,"href":"https:\/\/blogg.fumei.se\/index.php?rest_route=\/wp\/v2\/posts\/301\/revisions"}],"wp:attachment":[{"href":"https:\/\/blogg.fumei.se\/index.php?rest_route=%2Fwp%2Fv2%2Fmedia&parent=301"}],"wp:term":[{"taxonomy":"category","embeddable":true,"href":"https:\/\/blogg.fumei.se\/index.php?rest_route=%2Fwp%2Fv2%2Fcategories&post=301"},{"taxonomy":"post_tag","embeddable":true,"href":"https:\/\/blogg.fumei.se\/index.php?rest_route=%2Fwp%2Fv2%2Ftags&post=301"}],"curies":[{"name":"wp","href":"https:\/\/api.w.org\/{rel}","templated":true}]}}