{"id":3015,"date":"2013-07-12T16:55:55","date_gmt":"2013-07-12T14:55:55","guid":{"rendered":"http:\/\/blogg.fumei.se\/?p=3015"},"modified":"2013-07-12T16:55:55","modified_gmt":"2013-07-12T14:55:55","slug":"tiden-gar-fort-aven-om-man-inte-har-sa-roligt","status":"publish","type":"post","link":"https:\/\/blogg.fumei.se\/?p=3015","title":{"rendered":"Tiden g\u00e5r fort \u00e4ven om man inte har s\u00e5 roligt&#8230;"},"content":{"rendered":"<p>Idag \u00e4r ingen bra dag. Idag \u00e4r det n\u00e4mligen exakt en m\u00e5nad sen J talade om f\u00f6re mig att han inte ville forts\u00e4tta ha ett liv tillsammans med mig. Idag grinar jag. Inte <em>hela<\/em> tiden, men r\u00e4tt mycket, \u00e4nd\u00e5.<br \/>\nM\u00e5nga \u00e4r de, som sagt att det blir l\u00e4ttare och b\u00e4ttre, men inte fan k\u00e4nns det varken l\u00e4ttare eller b\u00e4ttre. Jag \u00e4r lika j\u00e4kla ledsen nu som jag blev d\u00e5. Jag \u00e4r fortfarande lika besviken p\u00e5 honom f\u00f6r att han best\u00e4mde sig f\u00f6r hur <em>han<\/em> ville ha det ist\u00e4llet f\u00f6r att <em>vi<\/em> satte oss ner och pratade om v\u00e5rt f\u00f6rh\u00e5llande. Jag \u00e4lskar honom fortfarande s\u00e5 mycket s\u00e5 jag har ont i magen. Jag saknar fortfarande att h\u00f6ra hans r\u00f6st i telefonen de dagar vi inte s\u00e5gs, och jag saknar fortfarande att inte f\u00e5 h\u00e5lla om honom, pussa och kyssa honom, retas med honom, k\u00e4bbla med honom, sova bredvid honom, h\u00e5lla honom i handen n\u00e4r vi \u00e4r ute och g\u00e5r. Jag saknar honom, helt enkelt.<\/p>\n<p>Jag sover fortfarande inte ordentligt p\u00e5 n\u00e4tterna. Jag \u00e4ter fortfarande inte ordentligt. Och jag grinar fortfarande.<br \/>\nVisserligen g\u00f6r jag saker, men det \u00e4r inte roligt att g\u00f6ra saker l\u00e4ngre. Att fixa h\u00e4r hemma, att \u00e5ka iv\u00e4g och g\u00f6ra n\u00e5got, att se en film &#8211; inget ger mig riktig gl\u00e4dje eller n\u00f6je l\u00e4ngre, f\u00f6r jag har ingen att dela det med l\u00e4ngre.<br \/>\n&#8221;Men du har ju dina barn, din familj och dina v\u00e4nner?&#8221; Barn och f\u00f6r\u00e4ldrar, javisst, men de har inte samma intressen som jag. V\u00e4nner&#8230;ja, ni som l\u00e4st alla inl\u00e4gg i bloggen vet hur det st\u00e5r till p\u00e5 v\u00e4n-fronten. Det har ju inte blivit b\u00e4ttre.<br \/>\nMen flera av de jag r\u00e4knade som kompisar f\u00f6rr har h\u00f6rt av sig och menat att de antingen har f\u00f6r mycket att g\u00f6ra med sina egna livet, att de har en massa bekymmer sj\u00e4lva som g\u00f6r att de inte orkar umg\u00e5s eller att man kan ju faktiskt inte f\u00f6rv\u00e4nta sig att folk ska h\u00e5lla kontakten n\u00e4r det var jag som flyttade. Men de hinner och orkar umg\u00e5s med andra m\u00e4nniskor, och de h\u00e5ller kontakten med andra som flyttade, s\u00e5 vad \u00e4r skillnaden?<br \/>\nN\u00e5gra skrev tom och undrade om det h\u00e4nt n\u00e5got, efter att jag skrivit ett officiellt tack till alla som brytt sig i min status p\u00e5 FB. Vet man inte efter fyra veckor vad en kompis g\u00e5tt igenom, d\u00e5 \u00e4r det klent med kompisskapet. N\u00e4, duger inte jag \u00e5t er s\u00e5 duger inte ni \u00e5t mig, d\u00e5 \u00e4r jag hellre ensam. Men jag vet nu att jag har n\u00e5gra i mitt liv som \u00e4r v\u00e4nner \u00e4ven om de sj\u00e4lva inte har det s\u00e5 l\u00e4tt just nu.<br \/>\n(Ett par personer har h\u00f6rt av sig och talat om f\u00f6r mig, att trots att vi inte pratats vid p\u00e5 m\u00e5nga \u00e5r, s\u00e5 finns jag fortfarande i deras hj\u00e4rta, och att de blev j\u00e4tteledsna f\u00f6r min skull nu n\u00e4r det h\u00e4r h\u00e4nde.)<\/p>\n<p>\u00c4h, det tj\u00e4nar v\u00e4l ingenting till att h\u00e5lla p\u00e5 att \u00e4lta det h\u00e4r, s\u00e5 nu skiter jag i alla som inte verkar bry sig om ifall vi \u00e4r kompisar eller inte. Tack o hej. V\u00e4nlistan p\u00e5 facebook finns kvar, men det kommer att bli en separat grupp f\u00f6r de jag tycker f\u00f6rtj\u00e4nar och vet om att de bryr sig om vad jag uppdaterar med d\u00e4r. S\u00e5 ser du inget nytt fr\u00e5n mig p\u00e5 FB i forts\u00e4ttningen, s\u00e5 har du inte hamnat i denna gruppen. Och undrar du varf\u00f6r, kan du ju ta dig en funderare&#8230;<\/p>\n","protected":false},"excerpt":{"rendered":"<p>Idag \u00e4r ingen bra dag. Idag \u00e4r det n\u00e4mligen exakt en m\u00e5nad sen J talade om f\u00f6re mig att han inte ville forts\u00e4tta ha ett liv tillsammans med mig. Idag grinar jag. Inte hela tiden, men r\u00e4tt mycket, \u00e4nd\u00e5. M\u00e5nga \u00e4r de, som sagt att det blir l\u00e4ttare och b\u00e4ttre, men inte fan k\u00e4nns det&#8230;<\/p>\n","protected":false},"author":1,"featured_media":0,"comment_status":"open","ping_status":"open","sticky":false,"template":"","format":"standard","meta":{"jetpack_post_was_ever_published":false,"_jetpack_newsletter_access":"","_jetpack_dont_email_post_to_subs":false,"_jetpack_newsletter_tier_id":0,"_jetpack_memberships_contains_paywalled_content":false,"_jetpack_memberships_contains_paid_content":false,"footnotes":"","jetpack_publicize_message":"","jetpack_publicize_feature_enabled":true,"jetpack_social_post_already_shared":true,"jetpack_social_options":{"image_generator_settings":{"template":"highway","default_image_id":0,"font":"","enabled":false},"version":2}},"categories":[47],"tags":[254,225,257],"class_list":["post-3015","post","type-post","status-publish","format-standard","hentry","category-vardagsliv","tag-ledsen","tag-vanner","tag-vanskap"],"jetpack_publicize_connections":[],"jetpack_featured_media_url":"","jetpack_shortlink":"https:\/\/wp.me\/p3qko4-MD","jetpack_sharing_enabled":true,"jetpack_likes_enabled":true,"jetpack-related-posts":[{"id":6855,"url":"https:\/\/blogg.fumei.se\/?p=6855","url_meta":{"origin":3015,"position":0},"title":"En stilla stund","author":"M :)","date":"2024-03-08","format":false,"excerpt":"Idag \u00e4r det 7 \u00e5r sedan pappa dog och 2 \u00e5r sedan \u00e4ven mamma l\u00e4mnade oss. Jag har varit i minneslunden och t\u00e4nt ljus och bara suttit en l\u00e5ng stund och t\u00e4nkt p\u00e5 dem. Jag saknar dem dagligen, det kommer nog aldrig att g\u00e5 \u00f6ver. Den d\u00e4r k\u00e4nslan av att\u2026","rel":"","context":"I \u201dFamiljen\u201d","block_context":{"text":"Familjen","link":"https:\/\/blogg.fumei.se\/?cat=34"},"img":{"alt_text":"","src":"https:\/\/i0.wp.com\/blogg.fumei.se\/wp-content\/uploads\/2024\/05\/627C3543-C8A7-4E03-B2BA-D4F29CF24A9A.jpeg?resize=350%2C200","width":350,"height":200,"srcset":"https:\/\/i0.wp.com\/blogg.fumei.se\/wp-content\/uploads\/2024\/05\/627C3543-C8A7-4E03-B2BA-D4F29CF24A9A.jpeg?resize=350%2C200 1x, https:\/\/i0.wp.com\/blogg.fumei.se\/wp-content\/uploads\/2024\/05\/627C3543-C8A7-4E03-B2BA-D4F29CF24A9A.jpeg?resize=525%2C300 1.5x, https:\/\/i0.wp.com\/blogg.fumei.se\/wp-content\/uploads\/2024\/05\/627C3543-C8A7-4E03-B2BA-D4F29CF24A9A.jpeg?resize=700%2C400 2x"},"classes":[]},{"id":2988,"url":"https:\/\/blogg.fumei.se\/?p=2988","url_meta":{"origin":3015,"position":1},"title":"En lite b\u00e4ttre dag","author":"M :)","date":"2013-07-01","format":false,"excerpt":"Hej. Det \u00e4r jag igen.\u00a0Du vet, hon som skriver i den h\u00e4r bloggen n\u00e4r lust och vilja kommer \u00f6ver mig. P\u00e5 sista tiden har det inte blivit s\u00e5 mycket skrivande av. Det har helt enkelt inte funnits s\u00e5 mycket att skriva om. F\u00f6r sanningen \u00e4r ju att det inte \u00e4r\u2026","rel":"","context":"I \u201dVardagsliv\u201d","block_context":{"text":"Vardagsliv","link":"https:\/\/blogg.fumei.se\/?cat=47"},"img":{"alt_text":"","src":"","width":0,"height":0},"classes":[]},{"id":213,"url":"https:\/\/blogg.fumei.se\/?p=213","url_meta":{"origin":3015,"position":2},"title":"Regnet det bara \u00f6ser ner&#8230;","author":"M :)","date":"2010-06-20","format":false,"excerpt":"Fy fabian vad jag inte gillar regn. S\u00e4rskilt inte n\u00e4r jag \u00e4r ledig och hade t\u00e4nkt g\u00f6ra flera saker som involverar att vara utomhus, som tex promenad, fixa balkongen och att g\u00e5 till \u00e5tervinningen. Men men, jag f\u00e5r v\u00e4l skjuta upp det till en annan dag. Problemet \u00e4r bara att\u2026","rel":"","context":"I \u201dVardagsliv\u201d","block_context":{"text":"Vardagsliv","link":"https:\/\/blogg.fumei.se\/?cat=47"},"img":{"alt_text":"","src":"","width":0,"height":0},"classes":[]},{"id":897,"url":"https:\/\/blogg.fumei.se\/?p=897","url_meta":{"origin":3015,"position":3},"title":"Emma hade en lista","author":"M :)","date":"2009-04-22","format":false,"excerpt":"som jag naturligtvis inte kunde l\u00e5ta bli att kopiera:Du heter: Marcella Elisabetta FumeiSmeknamn: Tella av familj och \"gamla\" v\u00e4nner...Beroende av: S\u00f6mn och b\u00f6ckerVad beh\u00f6ver du mest just nu: PengarVad tror folk om dig? F\u00f6rmodligen en hel del...St\u00e4mmer det? ...som ibland \u00e4r helt upp\u00e5t v\u00e4ggarnaVad f\u00e5r du oftast komplimanger f\u00f6r? Har\u2026","rel":"","context":"I \u201dVardagsliv\u201d","block_context":{"text":"Vardagsliv","link":"https:\/\/blogg.fumei.se\/?cat=47"},"img":{"alt_text":"","src":"","width":0,"height":0},"classes":[]},{"id":1184,"url":"https:\/\/blogg.fumei.se\/?p=1184","url_meta":{"origin":3015,"position":4},"title":"Filmrecension &#8221;New Moon&#8221; *spoileralert!!*","author":"M :)","date":"2009-11-26","format":false,"excerpt":"Efter min besvikelse \u00f6ver Twilight, best\u00e4mde jag mig f\u00f6r att g\u00f6ra tv\u00e5 saker annorlunda inf\u00f6r New Moon: Jag l\u00e4ste inte igenom boken s\u00e5 den var f\u00e4rsk i mitt huvud. Jag s\u00e4nkte mina f\u00f6rv\u00e4ntningar. Jag tycker att det fungerade ...jag gillade den h\u00e4r filmen mycket b\u00e4ttre \u00e4n den f\u00f6rsta.\u00a0Man h\u00f6ll sig\u2026","rel":"","context":"I \u201dFilmer och TV\u201d","block_context":{"text":"Filmer och TV","link":"https:\/\/blogg.fumei.se\/?cat=43"},"img":{"alt_text":"","src":"","width":0,"height":0},"classes":[]},{"id":2979,"url":"https:\/\/blogg.fumei.se\/?p=2979","url_meta":{"origin":3015,"position":5},"title":"Det blir inte alltid som man t\u00e4nkt sig&#8230;","author":"M :)","date":"2013-06-26","format":false,"excerpt":"Min Facebook-status onsdagen den 12e Juni s\u00e5g ut s\u00e5 h\u00e4r: \"Jag g\u00f6r det enkelt f\u00f6r mig och skriver h\u00e4r s\u00e5 att alla kan se och l\u00e4sa sj\u00e4lva, att fr\u00e5n och med idag s\u00e5 \u00e4r \u00e4r Jorge och jag inte l\u00e4ngre ett par. Det k\u00e4nns j\u00e4ttejobbigt och ledsamt f\u00f6r oss b\u00e5da,\u2026","rel":"","context":"I \u201dFamiljen\u201d","block_context":{"text":"Familjen","link":"https:\/\/blogg.fumei.se\/?cat=34"},"img":{"alt_text":"","src":"","width":0,"height":0},"classes":[]}],"_links":{"self":[{"href":"https:\/\/blogg.fumei.se\/index.php?rest_route=\/wp\/v2\/posts\/3015","targetHints":{"allow":["GET"]}}],"collection":[{"href":"https:\/\/blogg.fumei.se\/index.php?rest_route=\/wp\/v2\/posts"}],"about":[{"href":"https:\/\/blogg.fumei.se\/index.php?rest_route=\/wp\/v2\/types\/post"}],"author":[{"embeddable":true,"href":"https:\/\/blogg.fumei.se\/index.php?rest_route=\/wp\/v2\/users\/1"}],"replies":[{"embeddable":true,"href":"https:\/\/blogg.fumei.se\/index.php?rest_route=%2Fwp%2Fv2%2Fcomments&post=3015"}],"version-history":[{"count":0,"href":"https:\/\/blogg.fumei.se\/index.php?rest_route=\/wp\/v2\/posts\/3015\/revisions"}],"wp:attachment":[{"href":"https:\/\/blogg.fumei.se\/index.php?rest_route=%2Fwp%2Fv2%2Fmedia&parent=3015"}],"wp:term":[{"taxonomy":"category","embeddable":true,"href":"https:\/\/blogg.fumei.se\/index.php?rest_route=%2Fwp%2Fv2%2Fcategories&post=3015"},{"taxonomy":"post_tag","embeddable":true,"href":"https:\/\/blogg.fumei.se\/index.php?rest_route=%2Fwp%2Fv2%2Ftags&post=3015"}],"curies":[{"name":"wp","href":"https:\/\/api.w.org\/{rel}","templated":true}]}}