{"id":3017,"date":"2013-07-14T22:37:36","date_gmt":"2013-07-14T20:37:36","guid":{"rendered":"http:\/\/blogg.fumei.se\/?p=3017"},"modified":"2013-07-14T22:48:42","modified_gmt":"2013-07-14T20:48:42","slug":"produktiv-intighet","status":"publish","type":"post","link":"https:\/\/blogg.fumei.se\/?p=3017","title":{"rendered":"Produktiv intighet"},"content":{"rendered":"<p>N\u00e4r man l\u00e4ser mina inl\u00e4gg de senaste veckorna kan man l\u00e4tt f\u00e5 intrycket att jag suttit p\u00e5 kammaren och b\u00f6lat i fyra veckor, men det har jag inte. Jag kunde ha gjort det, men det hade jag aldrig orkat, s\u00e5 f\u00f6r att orka med mig sj\u00e4lv och f\u00f6r att inte bryta ihop helt, s\u00e5 har jag r\u00f6jt och pysslat och fixat och grenar h\u00e4r hemma.<br \/>\nBla har jag m\u00f6blerat om. Fia har ju inofficiellt flyttat hem till Linus, och d\u00e5 s\u00e5lde hon sin s\u00e4ng, som vi ju hade flyttat ut till vardagsrummet n\u00e4r jag flyttade in i hennes gamla rum. Vips blev det massa plats i vardagsrummet, s\u00e5 jag flyttade om bland m\u00f6blerna, och nu k\u00e4ns det som ett vardagsrum ska g\u00f6ra. Det \u00e4r bara lite finjusteringar kvar, som en ny soffa och lite saker som ska upp p\u00e5 v\u00e4ggarna, och s\u00e5 en ny matta, men det f\u00e5r bli lite i taget.<\/p>\n<p>Sen gav jag mig p\u00e5 k\u00f6ket. Jag var hj\u00e4rtligt tr\u00f6tt p\u00e5 80-talstapeten, s\u00e5 jag m\u00e5lade \u00f6ver alltihop med vit f\u00e4rg. Det finns bara en enda hel v\u00e4gg i k\u00f6ket, och den ska f\u00e5 en tapet och bli fondv\u00e4gg. Det t\u00e4nkte jag l\u00e5ta Fia fixa. N\u00e5n nytta ska man v\u00e4l ha av en dotter som l\u00e4ser till m\u00e5lare&#8230;<\/p>\n<p>Jag har st\u00e4dat p\u00e5 vinden och i sk\u00e5p och l\u00e5dor och kl\u00e4dkammaren, och jag har k\u00f6rt flera s\u00e4ckar med skr\u00e4p till soptippen, och s\u00e5 har jag f\u00e5tt ihop en massa saker som jag inte bara vill sl\u00e4nga men som jag t\u00e4nktes att jag kanske kan r\u00e4kna n\u00e5gra kronor p\u00e5. S\u00e5 jag har pratat med hyresv\u00e4rden och han har gett klartecken till att vi f\u00e5r ha loppis h\u00e4r p\u00e5 g\u00e5rden. Vi f\u00e5r tom l\u00e5na en lokal, p\u00e5 villkor att vi ordnar en loppis i december igen, n\u00e4r det \u00e4r dags f\u00f6r den \u00e5rliga julmarknaden h\u00e4r i &#8221;byn&#8221;. Imorgon ska jag snacka med en av granntjejerna som ocks\u00e5 var intresserad, om vi inte kan ordna det tillsammans. Det kan l\u00e4tt bli lite f\u00f6r mycket f\u00f6r en person. N\u00e4r det blir vet jag ju inte \u00e4n, men innan Augusti \u00e4r slut \u00e4r v\u00e4l en bra id\u00e9, d\u00e5 ju m\u00e5nga fortfarande semester, och det kanske kommer lite folk &#8221;utifr\u00e5n&#8221;.<\/p>\n<p>S\u00e5 har jag ju varit i Edinburgh, n\u00e5got som var v\u00e4ldigt trevligt och roligt och intressant, men ocks\u00e5 ganska ensamt, och inget jag g\u00f6r om utan ress\u00e4llskap. Bilder fr\u00e5n resan kommer s\u00e5 sm\u00e5ningom i ett eget inl\u00e4gg.<\/p>\n<p>Resten av tiden har jag spelat meningsl\u00f6sa spel p\u00e5 datorn, spelat wordfeud, quizkampen och quizboard p\u00e5 mobilen, och s\u00e5 har jag l\u00e4st. Och jag har umg\u00e5tts med mina f\u00f6r\u00e4ldrar &#8211; de b\u00e4sta i v\u00e4rlden, min underbara dotter och hennes fina Linus. (Jod\u00e5, jag har en underbar son ocks\u00e5, men han umg\u00e5s mest med sin dator&#8230;). Ett par s\u00e4llsynta g\u00e5nger har jag tr\u00e4ffat andra v\u00e4nner. Och gr\u00e5tit. Fast det d\u00e4r sista visste ni ju redan&#8230;<\/p>\n<p>Nu har mina fyra semesterveckor kommit till sin sista dag. Imorgon \u00e4r det dags att st\u00e4lla klockan och g\u00e5 tillbaka till jobbet igen. Jag hoppas att jag kan f\u00e5 sova lite mer \u00e4n de numera vanliga tv\u00e5 timmarna i natt, annars blir det nog inte roligt imorgon.<br \/>\nDet kommer att bli jobbigt nog som det \u00e4r, jag \u00e4r ju inte precis stabil i hum\u00f6r och sinnestillst\u00e5nd nuf\u00f6rtiden. Men jag f\u00e5r ta en dag i taget, det f\u00e5r bli som det blir, n\u00e5t annat klarar jag inte av just nu. Och jag f\u00e5r hoppas att mina v\u00e4nner, min familj och mina arbetskamrater prim\u00e4r ta mig som jag \u00e4r ett tag till&#8230;<\/p>\n","protected":false},"excerpt":{"rendered":"<p>N\u00e4r man l\u00e4ser mina inl\u00e4gg de senaste veckorna kan man l\u00e4tt f\u00e5 intrycket att jag suttit p\u00e5 kammaren och b\u00f6lat i fyra veckor, men det har jag inte. Jag kunde ha gjort det, men det hade jag aldrig orkat, s\u00e5 f\u00f6r att orka med mig sj\u00e4lv och f\u00f6r att inte bryta ihop helt, s\u00e5 har&#8230;<\/p>\n","protected":false},"author":1,"featured_media":0,"comment_status":"open","ping_status":"open","sticky":false,"template":"","format":"standard","meta":{"jetpack_post_was_ever_published":false,"_jetpack_newsletter_access":"","_jetpack_dont_email_post_to_subs":false,"_jetpack_newsletter_tier_id":0,"_jetpack_memberships_contains_paywalled_content":false,"_jetpack_memberships_contains_paid_content":false,"footnotes":"","jetpack_publicize_message":"","jetpack_publicize_feature_enabled":true,"jetpack_social_post_already_shared":true,"jetpack_social_options":{"image_generator_settings":{"template":"highway","default_image_id":0,"font":"","enabled":false},"version":2}},"categories":[47],"tags":[258,259,260,254,230],"class_list":["post-3017","post","type-post","status-publish","format-standard","hentry","category-vardagsliv","tag-fixa","tag-hemma","tag-hjartesorg","tag-ledsen","tag-sorg"],"jetpack_publicize_connections":[],"jetpack_featured_media_url":"","jetpack_shortlink":"https:\/\/wp.me\/p3qko4-MF","jetpack_sharing_enabled":true,"jetpack_likes_enabled":true,"jetpack-related-posts":[{"id":262,"url":"https:\/\/blogg.fumei.se\/?p=262","url_meta":{"origin":3017,"position":0},"title":"M\u00f6rkt och mysigt","author":"M :)","date":"2010-03-27","format":false,"excerpt":"har vi det h\u00e4r hemma. Idag \u00e4r det Earth Hour Day och klockan 20\u00a0sl\u00e4ckte vi ner alla lampor och alla apparater som inte m\u00e5ste vara p\u00e5, och s\u00e5 t\u00e4nde vi ljus och satt alla tre p\u00e5 min s\u00e4ng och spelade kort. Det var hur mysigt som helst! Fast Fia f\u00f6rsvann\u2026","rel":"","context":"I \u201dVardagsliv\u201d","block_context":{"text":"Vardagsliv","link":"https:\/\/blogg.fumei.se\/?cat=47"},"img":{"alt_text":"","src":"","width":0,"height":0},"classes":[]},{"id":277,"url":"https:\/\/blogg.fumei.se\/?p=277","url_meta":{"origin":3017,"position":1},"title":"S\u00e5d\u00e4r d\u00e5","author":"M :)","date":"2010-03-07","format":false,"excerpt":"D\u00e5 var det slut p\u00e5 \u00e4nnu en vecka. Den h\u00e4r veckan har jag klarat av att arbeta sex arbetspass fast\u00e4n jag bara hade\u00a0tre pass inlagda i schemat, inte illa pinkat av en gammal h\u00e4st. Hoppas det visar sig positivt i kassan n\u00e4r l\u00f6nen kommer ocks\u00e5. Allts\u00e5 n\u00e4sta m\u00e5nads l\u00f6n, f\u00f6r\u2026","rel":"","context":"I \u201dVardagsliv\u201d","block_context":{"text":"Vardagsliv","link":"https:\/\/blogg.fumei.se\/?cat=47"},"img":{"alt_text":"","src":"","width":0,"height":0},"classes":[]},{"id":3689,"url":"https:\/\/blogg.fumei.se\/?p=3689","url_meta":{"origin":3017,"position":2},"title":"Det \u00e4r inte l\u00e4tt n\u00e4r det \u00e4r sv\u00e5rt&#8230;","author":"M :)","date":"2015-06-24","format":false,"excerpt":"Urs\u00e4kta om jag verkar lite gn\u00e4llig och grinig, men hur j\u00e4vla sv\u00e5rt kan det vara?? Fick en lapp i brevl\u00e5dan om att f\u00f6nstren skulle m\u00e5las i b\u00f6rjan av juni. Sen kom en lapp fr\u00e5n m\u00e5laren med exakt dag. N\u00e4r dagen kom hade jag gjort allt som de bett om, dvs\u2026","rel":"","context":"I \u201dVardagsliv\u201d","block_context":{"text":"Vardagsliv","link":"https:\/\/blogg.fumei.se\/?cat=47"},"img":{"alt_text":"","src":"","width":0,"height":0},"classes":[]},{"id":71,"url":"https:\/\/blogg.fumei.se\/?p=71","url_meta":{"origin":3017,"position":3},"title":"Hundliv","author":"M :)","date":"2011-02-19","format":false,"excerpt":"Idag har vi blivit hund\u00e4gare. F\u00f6r den som inte h\u00e4nger med i sv\u00e4ngarna, s\u00e5 har vi ju tagit \u00f6ver mors och fars hund - Stella - f\u00f6r de orkar inte sj\u00e4lva att g\u00e5 ut med henne flera g\u00e5nger och l\u00e5nga promenader varje g\u00e5ng. S\u00e5 ist\u00e4llet f\u00f6r att s\u00e4lja henne och\u2026","rel":"","context":"I \u201dVardagsliv\u201d","block_context":{"text":"Vardagsliv","link":"https:\/\/blogg.fumei.se\/?cat=47"},"img":{"alt_text":"","src":"https:\/\/i0.wp.com\/blogg.fumei.se\/wp-content\/uploads\/2011\/02\/P1110171.png?resize=350%2C200","width":350,"height":200},"classes":[]},{"id":221,"url":"https:\/\/blogg.fumei.se\/?p=221","url_meta":{"origin":3017,"position":4},"title":"Sn\u00e4lla barn","author":"EmEff","date":"2010-05-31","format":false,"excerpt":"Har jag ibland. Som tex ig\u00e5r, n\u00e4r jag fick blomma och kort p\u00e5 Mors Dag. Tv\u00e5 trisslotter fick jag ocks\u00e5, och med min vanliga tur vann jag s\u00e5klart inte ens en ny lott. Idag \u00e4r jag ledig. Med betoning p\u00e5 ledig. Jag har visserligen ett hem som \u00e4r bedr\u00f6vligt f\u00f6rsummat\u2026","rel":"","context":"I \u201dVardagsliv\u201d","block_context":{"text":"Vardagsliv","link":"https:\/\/blogg.fumei.se\/?cat=47"},"img":{"alt_text":"","src":"","width":0,"height":0},"classes":[]},{"id":174,"url":"https:\/\/blogg.fumei.se\/?p=174","url_meta":{"origin":3017,"position":5},"title":"Bloggeri bloggera","author":"M :)","date":"2010-10-17","format":false,"excerpt":"Orka kl\u00e4mk\u00e4ck rubriks\u00e4ttning...Inget s\u00e4rskilt att \"rapportera\", har mest jobbat senaste veckan. Har i och f\u00f6r sig hunnit med att fels\u00f6ka datorproblem, sskruva is\u00e4r och ihop dator och installera ny h\u00e5rddisk p\u00e5 Robins nya dator, och \u00e4ntligen funkar den! Den gamla gjorde vi en total\u00e5terst\u00e4llning p\u00e5 idag s\u00e5 att den rensades\u2026","rel":"","context":"I \u201dVardagsliv\u201d","block_context":{"text":"Vardagsliv","link":"https:\/\/blogg.fumei.se\/?cat=47"},"img":{"alt_text":"","src":"","width":0,"height":0},"classes":[]}],"_links":{"self":[{"href":"https:\/\/blogg.fumei.se\/index.php?rest_route=\/wp\/v2\/posts\/3017","targetHints":{"allow":["GET"]}}],"collection":[{"href":"https:\/\/blogg.fumei.se\/index.php?rest_route=\/wp\/v2\/posts"}],"about":[{"href":"https:\/\/blogg.fumei.se\/index.php?rest_route=\/wp\/v2\/types\/post"}],"author":[{"embeddable":true,"href":"https:\/\/blogg.fumei.se\/index.php?rest_route=\/wp\/v2\/users\/1"}],"replies":[{"embeddable":true,"href":"https:\/\/blogg.fumei.se\/index.php?rest_route=%2Fwp%2Fv2%2Fcomments&post=3017"}],"version-history":[{"count":1,"href":"https:\/\/blogg.fumei.se\/index.php?rest_route=\/wp\/v2\/posts\/3017\/revisions"}],"predecessor-version":[{"id":3018,"href":"https:\/\/blogg.fumei.se\/index.php?rest_route=\/wp\/v2\/posts\/3017\/revisions\/3018"}],"wp:attachment":[{"href":"https:\/\/blogg.fumei.se\/index.php?rest_route=%2Fwp%2Fv2%2Fmedia&parent=3017"}],"wp:term":[{"taxonomy":"category","embeddable":true,"href":"https:\/\/blogg.fumei.se\/index.php?rest_route=%2Fwp%2Fv2%2Fcategories&post=3017"},{"taxonomy":"post_tag","embeddable":true,"href":"https:\/\/blogg.fumei.se\/index.php?rest_route=%2Fwp%2Fv2%2Ftags&post=3017"}],"curies":[{"name":"wp","href":"https:\/\/api.w.org\/{rel}","templated":true}]}}