{"id":3030,"date":"2013-07-15T02:53:00","date_gmt":"2013-07-15T00:53:00","guid":{"rendered":"http:\/\/blogg.fumei.se\/?p=3030"},"modified":"2013-07-15T02:52:15","modified_gmt":"2013-07-15T00:52:15","slug":"diy-smyckeshallare","status":"publish","type":"post","link":"https:\/\/blogg.fumei.se\/?p=3030","title":{"rendered":"DIY &#8211; smyckesh\u00e5llare"},"content":{"rendered":"<p>Jag var lite tr\u00f6tt p\u00e5 att alla mina halsband och armband l\u00e5g och dr\u00e4llde i en h\u00f6g f\u00f6r att de inte fick plats i mitt smyckeskrin, s\u00e5 idag gjorde jag en smyckesh\u00e5llare av en gammal anslagstavla.<br \/>\nJag b\u00f6rjade med att plocka fram allt jag beh\u00f6vde:<\/p>\n<p><a href=\"https:\/\/i0.wp.com\/blogg.fumei.se\/wp-content\/uploads\/2013\/07\/wpid-2013-07-14-17.35.11.jpg?ssl=1\"><img data-recalc-dims=\"1\" decoding=\"async\" title=\"2013-07-14 17.35.11.jpg\" class=\"alignnone size-full\" alt=\"image\" src=\"https:\/\/i0.wp.com\/blogg.fumei.se\/wp-content\/uploads\/2013\/07\/wpid-2013-07-14-17.35.11.jpg?w=640&#038;ssl=1\" \/><\/a><\/p>\n<p>Anslagstavla, tyg, hammare, avbitare, h\u00e4ftpistol, skruvar, mejsel och upph\u00e4ngningsvajer.<br \/>\nSen plockade jag loss ramen fr\u00e5n anslagstavlan:<\/p>\n<p><a href=\"https:\/\/i0.wp.com\/blogg.fumei.se\/wp-content\/uploads\/2013\/07\/wpid-2013-07-14-17.36.47.jpg?ssl=1\"><img data-recalc-dims=\"1\" decoding=\"async\" title=\"2013-07-14 17.36.47.jpg\" class=\"alignnone size-full\" alt=\"image\" src=\"https:\/\/i0.wp.com\/blogg.fumei.se\/wp-content\/uploads\/2013\/07\/wpid-2013-07-14-17.36.47.jpg?w=640&#038;ssl=1\" \/><\/a><\/p>\n<p>Ramen satt ihop med en slags h\u00e4ftstift, s\u00e5 jag lossade bara f\u00f6rsiktigt p\u00e5 det ena, s\u00e5 lossnade hela ramen.<br \/>\nJag h\u00e4ftade fast tyget p\u00e5 plattan. Man f\u00e5r kolla med j\u00e4mna mellanrum s\u00e5 man inte str\u00e4cker tyget f\u00f6r mycket eller f\u00f6r lite, det \u00e4r ju inte s\u00e5 fint med en massa veck eller bubblor i tyget.<\/p>\n<p><a href=\"https:\/\/i0.wp.com\/blogg.fumei.se\/wp-content\/uploads\/2013\/07\/wpid-2013-07-14-17.42.37.jpg?ssl=1\"><img data-recalc-dims=\"1\" decoding=\"async\" title=\"2013-07-14 17.42.37.jpg\" class=\"alignnone size-full\" alt=\"image\" src=\"https:\/\/i0.wp.com\/blogg.fumei.se\/wp-content\/uploads\/2013\/07\/wpid-2013-07-14-17.42.37.jpg?w=640&#038;ssl=1\" \/><\/a><\/p>\n<p>Sen satte jag tillbaka ramen genom att knacka tillbaka det lilla h\u00e4ftstiftet, och s\u00e5 skulle jag f\u00e4sta vajern p\u00e5 tavlan.<\/p>\n<p><a href=\"https:\/\/i0.wp.com\/blogg.fumei.se\/wp-content\/uploads\/2013\/07\/wpid-2013-07-14-17.43.45.jpg?ssl=1\"><img data-recalc-dims=\"1\" decoding=\"async\" title=\"2013-07-14 17.43.45.jpg\" class=\"alignnone size-full\" alt=\"image\" src=\"https:\/\/i0.wp.com\/blogg.fumei.se\/wp-content\/uploads\/2013\/07\/wpid-2013-07-14-17.43.45.jpg?w=640&#038;ssl=1\" \/><\/a><\/p>\n<p><a href=\"https:\/\/i0.wp.com\/blogg.fumei.se\/wp-content\/uploads\/2013\/07\/wpid-2013-07-14-17.45.31.jpg?ssl=1\"><img data-recalc-dims=\"1\" decoding=\"async\" title=\"2013-07-14 17.45.31.jpg\" class=\"alignnone size-full\" alt=\"image\" src=\"https:\/\/i0.wp.com\/blogg.fumei.se\/wp-content\/uploads\/2013\/07\/wpid-2013-07-14-17.45.31.jpg?w=640&#038;ssl=1\" \/><\/a><\/p>\n<p>Jag b\u00f6rjade med att skruva fast tv\u00e5 skruvar att f\u00e4sta vajern i, sen krokade jag fast vajern i den ena skruven och m\u00e4tte var kroken skulle sitta i andra \u00e4nden av vajern. Klippte av och satte i kroken, och sen f\u00e4ste jag skruvarna s\u00e5 att vajern sitter fast.<\/p>\n<p><a href=\"https:\/\/i0.wp.com\/blogg.fumei.se\/wp-content\/uploads\/2013\/07\/wpid-2013-07-14-17.47.47.jpg?ssl=1\"><img data-recalc-dims=\"1\" decoding=\"async\" title=\"2013-07-14 17.47.47.jpg\" class=\"alignnone size-full\" alt=\"image\" src=\"https:\/\/i0.wp.com\/blogg.fumei.se\/wp-content\/uploads\/2013\/07\/wpid-2013-07-14-17.47.47.jpg?w=640&#038;ssl=1\" \/><\/a><\/p>\n<p><a href=\"https:\/\/i0.wp.com\/blogg.fumei.se\/wp-content\/uploads\/2013\/07\/wpid-2013-07-14-17.48.51.jpg?ssl=1\"><img data-recalc-dims=\"1\" decoding=\"async\" title=\"2013-07-14 17.48.51.jpg\" class=\"alignnone size-full\" alt=\"image\" src=\"https:\/\/i0.wp.com\/blogg.fumei.se\/wp-content\/uploads\/2013\/07\/wpid-2013-07-14-17.48.51.jpg?w=640&#038;ssl=1\" \/><\/a><\/p>\n<p>D\u00e4refter skruvade jag fast skruvar med j\u00e4mna mellanrums avst\u00e5nd p\u00e5 tavlan.<\/p>\n<p><a href=\"https:\/\/i0.wp.com\/blogg.fumei.se\/wp-content\/uploads\/2013\/07\/wpid-2013-07-14-18.00.19.jpg?ssl=1\"><img data-recalc-dims=\"1\" decoding=\"async\" title=\"2013-07-14 18.00.19.jpg\" class=\"alignnone size-full\" alt=\"image\" src=\"https:\/\/i0.wp.com\/blogg.fumei.se\/wp-content\/uploads\/2013\/07\/wpid-2013-07-14-18.00.19.jpg?w=640&#038;ssl=1\" \/><\/a><\/p>\n<p>Sist satte jag ett par upph\u00e4ngnings\u00f6glor i ovansidan av ramen.<\/p>\n<p><a href=\"https:\/\/i0.wp.com\/blogg.fumei.se\/wp-content\/uploads\/2013\/07\/wpid-2013-07-14-18.08.28.jpg?ssl=1\"><img data-recalc-dims=\"1\" decoding=\"async\" title=\"2013-07-14 18.08.28.jpg\" class=\"alignnone size-full\" alt=\"image\" src=\"https:\/\/i0.wp.com\/blogg.fumei.se\/wp-content\/uploads\/2013\/07\/wpid-2013-07-14-18.08.28.jpg?w=640&#038;ssl=1\" \/><\/a><\/p>\n<p>Klart!<\/p>\n<p>S\u00e5 ist\u00e4llet f\u00f6r s\u00e5 h\u00e4r<\/p>\n<p><a href=\"https:\/\/i0.wp.com\/blogg.fumei.se\/wp-content\/uploads\/2013\/07\/wpid-2013-07-14-18.01.48.jpg?ssl=1\"><img data-recalc-dims=\"1\" decoding=\"async\" title=\"2013-07-14 18.01.48.jpg\" class=\"alignnone size-full\" alt=\"image\" src=\"https:\/\/i0.wp.com\/blogg.fumei.se\/wp-content\/uploads\/2013\/07\/wpid-2013-07-14-18.01.48.jpg?w=640&#038;ssl=1\" \/><\/a><\/p>\n<p>\u00e4r det nu s\u00e5 h\u00e4r fint<\/p>\n<p><a href=\"https:\/\/i0.wp.com\/blogg.fumei.se\/wp-content\/uploads\/2013\/07\/wpid-2013-07-14-18.27.59.jpg?ssl=1\"><img data-recalc-dims=\"1\" decoding=\"async\" title=\"2013-07-14 18.27.59.jpg\" class=\"alignnone size-full\" alt=\"image\" src=\"https:\/\/i0.wp.com\/blogg.fumei.se\/wp-content\/uploads\/2013\/07\/wpid-2013-07-14-18.27.59.jpg?w=640&#038;ssl=1\" \/><\/a><\/p>\n","protected":false},"excerpt":{"rendered":"<p>Jag var lite tr\u00f6tt p\u00e5 att alla mina halsband och armband l\u00e5g och dr\u00e4llde i en h\u00f6g f\u00f6r att de inte fick plats i mitt smyckeskrin, s\u00e5 idag gjorde jag en smyckesh\u00e5llare av en gammal anslagstavla. Jag b\u00f6rjade med att plocka fram allt jag beh\u00f6vde: Anslagstavla, tyg, hammare, avbitare, h\u00e4ftpistol, skruvar, mejsel och upph\u00e4ngningsvajer. Sen&#8230;<\/p>\n","protected":false},"author":1,"featured_media":0,"comment_status":"open","ping_status":"open","sticky":false,"template":"","format":"standard","meta":{"jetpack_post_was_ever_published":false,"_jetpack_newsletter_access":"","_jetpack_dont_email_post_to_subs":false,"_jetpack_newsletter_tier_id":0,"_jetpack_memberships_contains_paywalled_content":false,"_jetpack_memberships_contains_paid_content":false,"footnotes":"","jetpack_publicize_message":"","jetpack_publicize_feature_enabled":true,"jetpack_social_post_already_shared":true,"jetpack_social_options":{"image_generator_settings":{"template":"highway","default_image_id":0,"font":"","enabled":false},"version":2}},"categories":[47],"tags":[261,258,127,262],"class_list":["post-3030","post","type-post","status-publish","format-standard","hentry","category-vardagsliv","tag-diy","tag-fixa","tag-pyssel","tag-smyckeshallare"],"jetpack_publicize_connections":[],"jetpack_featured_media_url":"","jetpack_shortlink":"https:\/\/wp.me\/p3qko4-MS","jetpack_sharing_enabled":true,"jetpack_likes_enabled":true,"jetpack-related-posts":[{"id":3807,"url":"https:\/\/blogg.fumei.se\/?p=3807","url_meta":{"origin":3030,"position":0},"title":"DIY: Kl\u00e4 om lampsk\u00e4rmar","author":"M :)","date":"2016-01-10","format":false,"excerpt":"Tredagarsledig helg utan planer, s\u00e4llskap eller pengar (Januari...) g\u00f6r l\u00e4tt att man blir lite uttr\u00e5kad av sitt eget (och kattens) s\u00e4llskap, s\u00e5 jag var tvungen att hitta p\u00e5 n\u00e5got, och d\u00e5 kom jag p\u00e5 att jag ju har en hel lista med DIY jag vill g\u00f6ra, s\u00e5 jag b\u00f6rjade med\u2026","rel":"","context":"I \u201dPyssel, DIY och knep&amp;kn\u00e5p\u201d","block_context":{"text":"Pyssel, DIY och knep&amp;kn\u00e5p","link":"https:\/\/blogg.fumei.se\/?cat=32"},"img":{"alt_text":"download","src":"https:\/\/i0.wp.com\/blogg.fumei.se\/wp-content\/uploads\/2016\/01\/download.jpg?resize=350%2C200","width":350,"height":200},"classes":[]},{"id":89,"url":"https:\/\/blogg.fumei.se\/?p=89","url_meta":{"origin":3030,"position":1},"title":"Loppisfynd","author":"M :)","date":"2011-02-05","format":false,"excerpt":"Idag hittade vi tyg att kl\u00e4 baksidan av bokhyllorna med tyg till gardiner i vardagsrummet en lampa med sk\u00e4rm till k\u00f6ket en h\u00e5llare f\u00f6r toarullar Tyget till hyllorna kommer det troligen att bli en del \u00f6ver av, s\u00e5 vi k\u00f6pte tv\u00e5 stora ramar ocks\u00e5, s\u00e5 kan det bli en matchande\u2026","rel":"","context":"I \u201dVardagsliv\u201d","block_context":{"text":"Vardagsliv","link":"https:\/\/blogg.fumei.se\/?cat=47"},"img":{"alt_text":"","src":"","width":0,"height":0},"classes":[]},{"id":3741,"url":"https:\/\/blogg.fumei.se\/?p=3741","url_meta":{"origin":3030,"position":2},"title":"DIY: makeover av en kristallkrona","author":"M :)","date":"2015-10-06","format":false,"excerpt":"Jag gillar kristallkronor. Tyv\u00e4rr har jag varken r\u00e4tt sorts bostad eller ekonomi f\u00f6r att ha en riktigt maffig krona, s\u00e5 n\u00e4r jag fick en lite mindre variant gratis i en bortsk\u00e4nkes-grupp p\u00e5 Facebook, d\u00e5 tog jag den, s\u00e5klart! Den var ganska smutsig efter att ha legat i en k\u00e4llare i\u2026","rel":"","context":"I \u201dHemmet\u201d","block_context":{"text":"Hemmet","link":"https:\/\/blogg.fumei.se\/?cat=31"},"img":{"alt_text":"","src":"https:\/\/i0.wp.com\/blogg.fumei.se\/wp-content\/uploads\/2015\/10\/2015-03-11-11.19.32.jpg?fit=1200%2C675&ssl=1&resize=350%2C200","width":350,"height":200,"srcset":"https:\/\/i0.wp.com\/blogg.fumei.se\/wp-content\/uploads\/2015\/10\/2015-03-11-11.19.32.jpg?fit=1200%2C675&ssl=1&resize=350%2C200 1x, https:\/\/i0.wp.com\/blogg.fumei.se\/wp-content\/uploads\/2015\/10\/2015-03-11-11.19.32.jpg?fit=1200%2C675&ssl=1&resize=525%2C300 1.5x, https:\/\/i0.wp.com\/blogg.fumei.se\/wp-content\/uploads\/2015\/10\/2015-03-11-11.19.32.jpg?fit=1200%2C675&ssl=1&resize=700%2C400 2x, https:\/\/i0.wp.com\/blogg.fumei.se\/wp-content\/uploads\/2015\/10\/2015-03-11-11.19.32.jpg?fit=1200%2C675&ssl=1&resize=1050%2C600 3x"},"classes":[]},{"id":26,"url":"https:\/\/blogg.fumei.se\/?p=26","url_meta":{"origin":3030,"position":3},"title":"D\u00e5 har man varit p\u00e5 semesterresa ocks\u00e5, d\u00e5","author":"M :)","date":"2011-07-03","format":false,"excerpt":"Inget m\u00e4rkv\u00e4rdigt, men v\u00e4ldigt trevligt. Vi for till V\u00e4ster\u00e5s och h\u00e4lsade p\u00e5 k\u00e4ra syster med familj. Vi betyder alla utom Fia, f\u00f6r det \u00e4r ju s\u00e5 mycket annat man vill g\u00f6ra n\u00e4r man nyss fyllt 18 \u00e5r och det \u00e4r sommar och sol (ibland i alla fall) och varmt och\u2026","rel":"","context":"I \u201dVardagsliv\u201d","block_context":{"text":"Vardagsliv","link":"https:\/\/blogg.fumei.se\/?cat=47"},"img":{"alt_text":"","src":"https:\/\/i0.wp.com\/blogg.fumei.se\/wp-content\/uploads\/2011\/07\/2011-06-30-20.08.26.jpg?resize=350%2C200","width":350,"height":200},"classes":[]},{"id":3712,"url":"https:\/\/blogg.fumei.se\/?p=3712","url_meta":{"origin":3030,"position":4},"title":"DIY: IKEA Malm makeover","author":"M :)","date":"2015-09-30","format":false,"excerpt":"Jag fick en byr\u00e5 av en v\u00e4n. En stor Malm-byr\u00e5 fr\u00e5n IKEA. I j\u00e4ttefint skick, men eftersom jag t\u00e4nkte ha den i vardagsrummet s\u00e5 passade inte den ursprungliga bj\u00f6rkfan\u00e8ren in riktigt, s\u00e5 jag plockade fram mina f\u00e4rgburkar och gjorde om den lite. F\u00f6rst slipade jag hela byr\u00e5n en g\u00e5ng med\u2026","rel":"","context":"I \u201dHemmet\u201d","block_context":{"text":"Hemmet","link":"https:\/\/blogg.fumei.se\/?cat=31"},"img":{"alt_text":"2015-06-17 11.46.50","src":"https:\/\/i0.wp.com\/blogg.fumei.se\/wp-content\/uploads\/2015\/09\/2015-06-17-11.46.50-300x200.jpg?resize=350%2C200","width":350,"height":200},"classes":[]},{"id":1082,"url":"https:\/\/blogg.fumei.se\/?p=1082","url_meta":{"origin":3030,"position":5},"title":"Fixelifix","author":"M :)","date":"2009-08-02","format":false,"excerpt":"N\u00e4r Anders var h\u00e4r och fikade i s\u00f6ndags s\u00e5 fick han ett anfall av fixarsjuka och satte upp lampa i vardagsrummet \u00e5t mig. *tack* Fia blev lite putt \u00f6ver att hon var den enda i familjen som inte hade f\u00e5tt upp lampa i taket \u00e4n, s\u00e5 jag lovade att jag\u2026","rel":"","context":"I \u201dVardagsliv\u201d","block_context":{"text":"Vardagsliv","link":"https:\/\/blogg.fumei.se\/?cat=47"},"img":{"alt_text":"","src":"","width":0,"height":0},"classes":[]}],"_links":{"self":[{"href":"https:\/\/blogg.fumei.se\/index.php?rest_route=\/wp\/v2\/posts\/3030","targetHints":{"allow":["GET"]}}],"collection":[{"href":"https:\/\/blogg.fumei.se\/index.php?rest_route=\/wp\/v2\/posts"}],"about":[{"href":"https:\/\/blogg.fumei.se\/index.php?rest_route=\/wp\/v2\/types\/post"}],"author":[{"embeddable":true,"href":"https:\/\/blogg.fumei.se\/index.php?rest_route=\/wp\/v2\/users\/1"}],"replies":[{"embeddable":true,"href":"https:\/\/blogg.fumei.se\/index.php?rest_route=%2Fwp%2Fv2%2Fcomments&post=3030"}],"version-history":[{"count":2,"href":"https:\/\/blogg.fumei.se\/index.php?rest_route=\/wp\/v2\/posts\/3030\/revisions"}],"predecessor-version":[{"id":3032,"href":"https:\/\/blogg.fumei.se\/index.php?rest_route=\/wp\/v2\/posts\/3030\/revisions\/3032"}],"wp:attachment":[{"href":"https:\/\/blogg.fumei.se\/index.php?rest_route=%2Fwp%2Fv2%2Fmedia&parent=3030"}],"wp:term":[{"taxonomy":"category","embeddable":true,"href":"https:\/\/blogg.fumei.se\/index.php?rest_route=%2Fwp%2Fv2%2Fcategories&post=3030"},{"taxonomy":"post_tag","embeddable":true,"href":"https:\/\/blogg.fumei.se\/index.php?rest_route=%2Fwp%2Fv2%2Ftags&post=3030"}],"curies":[{"name":"wp","href":"https:\/\/api.w.org\/{rel}","templated":true}]}}