{"id":3094,"date":"2013-07-18T11:09:05","date_gmt":"2013-07-18T09:09:05","guid":{"rendered":"http:\/\/blogg.fumei.se\/?p=3094"},"modified":"2013-07-18T11:18:57","modified_gmt":"2013-07-18T09:18:57","slug":"plugghast","status":"publish","type":"post","link":"https:\/\/blogg.fumei.se\/?p=3094","title":{"rendered":"Pluggh\u00e4st"},"content":{"rendered":"<p>Japp, det \u00e4r jag, det! Snart i alla fall. Jag s\u00f6kte n\u00e4mligen en utbildning till specialistundersk\u00f6terska, och f\u00f6r n\u00e5gra veckor sedan fick jag veta att jag kommit in!<br \/>\nMen jag ville inte g\u00e5 ut med det till alla f\u00f6rr\u00e4n jag var s\u00e4ker p\u00e5 att det skulle ordna sig med det ekonomiska.<\/p>\n<p><img data-recalc-dims=\"1\" loading=\"lazy\" decoding=\"async\" data-attachment-id=\"3099\" data-permalink=\"https:\/\/blogg.fumei.se\/?attachment_id=3099\" data-orig-file=\"https:\/\/i0.wp.com\/blogg.fumei.se\/wp-content\/uploads\/2013\/07\/specusk.jpg?fit=793%2C442&amp;ssl=1\" data-orig-size=\"793,442\" data-comments-opened=\"1\" data-image-meta=\"{&quot;aperture&quot;:&quot;0&quot;,&quot;credit&quot;:&quot;&quot;,&quot;camera&quot;:&quot;&quot;,&quot;caption&quot;:&quot;&quot;,&quot;created_timestamp&quot;:&quot;0&quot;,&quot;copyright&quot;:&quot;&quot;,&quot;focal_length&quot;:&quot;0&quot;,&quot;iso&quot;:&quot;0&quot;,&quot;shutter_speed&quot;:&quot;0&quot;,&quot;title&quot;:&quot;&quot;}\" data-image-title=\"specusk\" data-image-description=\"\" data-image-caption=\"\" data-large-file=\"https:\/\/i0.wp.com\/blogg.fumei.se\/wp-content\/uploads\/2013\/07\/specusk.jpg?fit=640%2C356&amp;ssl=1\" class=\"aligncenter size-medium wp-image-3099\" alt=\"specusk\" src=\"https:\/\/i0.wp.com\/blogg.fumei.se\/wp-content\/uploads\/2013\/07\/specusk.jpg?resize=300%2C167&#038;ssl=1\" width=\"300\" height=\"167\" srcset=\"https:\/\/i0.wp.com\/blogg.fumei.se\/wp-content\/uploads\/2013\/07\/specusk.jpg?resize=300%2C167&amp;ssl=1 300w, https:\/\/i0.wp.com\/blogg.fumei.se\/wp-content\/uploads\/2013\/07\/specusk.jpg?resize=650%2C362&amp;ssl=1 650w, https:\/\/i0.wp.com\/blogg.fumei.se\/wp-content\/uploads\/2013\/07\/specusk.jpg?w=793&amp;ssl=1 793w\" sizes=\"auto, (max-width: 300px) 100vw, 300px\" \/><\/p>\n<p>SU (Sahlgrenska Universitetssjukhuset, min arbetsgivare) g\u00e5r in med l\u00f6nef\u00f6rm\u00e5n till de som vill g\u00e5 utbildningen. Eller, man m\u00e5ste ans\u00f6ka hos HR-avdelningen, men jag blev i alla fall beviljad f\u00f6rm\u00e5nen.<br \/>\nNackdelen \u00e4r att denna l\u00f6nef\u00f6rm\u00e5n best\u00e5r av den hiskeligt h\u00f6ga summan 13500 kronor. Brutto. Allts\u00e5 <em>f\u00f6re<\/em> skatt.<br \/>\nDet blir inte m\u00e5nga korv\u00f6ren kvar att leva p\u00e5 n\u00e4r den ber\u00f6mda svenska skatten \u00e4r dragen. Missf\u00f6rst\u00e5 mig r\u00e4tt, jag \u00e4r v\u00e4ldigt tacksam att vi i Sverige har ett system d\u00e4r vi betalar skatt och f\u00e5r gratis skola och subventionerad sjukv\u00e5rd och annat som man i andra l\u00e4nder f\u00e5r betala dyrt f\u00f6r. Men, nettosumman av denna &#8221;f\u00f6rm\u00e5n&#8221; skulle i princip bara r\u00e4cka till hyra och \u00f6vriga r\u00e4kningar. Sen ska man ju ha mat, kl\u00e4der, resor, f\u00f6rs\u00e4kringar, n\u00f6jen, l\u00e4karbes\u00f6k, mm. Idag f\u00e5r jag ut n\u00e5gonstans mellan 18000 och 24000, beroende p\u00e5 hur mycket jag jobbat under m\u00e5naden, och hur m\u00e5nga extrapass jag gjorde m\u00e5naden innan. Det \u00e4r minst dubbelt s\u00e5 mycket som jag skulle f\u00e5 med l\u00f6nef\u00f6rm\u00e5nen. Och det \u00e4r ju inte bara jag som ska leva p\u00e5 den h\u00e4r inkomsten, jag har ju en ton\u00e5ring att f\u00f6rs\u00f6rja ocks\u00e5.<\/p>\n<p>Detta t\u00e4nkte jag l\u00f6sa s\u00e5 smart genom att g\u00e5 ner i tj\u00e4nst till 50%, jag k\u00e4nde att det borde jag klara, eftersom det \u00e4r distansstudier, s\u00e5 jag kan ju plugga n\u00e4r och var jag vill, i princip. Men d\u00e5 fick jag ett mejl fr\u00e5n ansvarig person p\u00e5 HR-avdelningen, som meddelade mig att jag visserligen blivit beviljad l\u00f6nef\u00f6rm\u00e5nen, men att jag m\u00e5ste (enligt reglementet) ta heltids tj\u00e4nstledigt pga studier.<br \/>\nS\u00e5 jag ringde till ansvarig person p\u00e5 HR-avdelningen, som sa att \u00e4ven om jag \u00e4r heltids tj\u00e4nstledig borde jag kunna g\u00e5 in och ta extrapass p\u00e5 avdelningen. D\u00e4refter pratade jag med cheferna, som sa att javisst l\u00f6ser vi det. S\u00e5 nu \u00e4r det s\u00e5, att fr\u00e5n och med 26 Augusti i \u00e5r till 13 Juni n\u00e4sta \u00e5r ska jag l\u00e4sa spetskompetens.<\/p>\n<p>Specialistundersk\u00f6terska med inriktning anestesi, operation och intensivv\u00e5rd. Det, ni! Sen ska h\u00e4r l\u00f6nef\u00f6rhandlas&#8230;<br \/>\nMen jag ser fram emot att plugga. Det ska bli roligt att g\u00f6ra n\u00e5got annat, och om detta annat kan leda till lite b\u00e4ttre jobb och villkor i framtiden, s\u00e5 varf\u00f6r inte? Dessutom \u00e4r det ett omr\u00e5de jag \u00e4r intresserad av, och ett omr\u00e5de jag kan ha nytta av p\u00e5 m\u00e5nga olika arbetsplatser.<\/p>\n<p>Och s\u00e5 f\u00e5r jag ju tr\u00e4ffa minstabror och hans familj r\u00e4tt ofta, eftersom jag redan har best\u00e4mt att jag ska v\u00e5ldg\u00e4sta dem n\u00e4r jag har p\u00e5-plats-studier. <a href=\"http:\/\/www.ltkronoberg.se\/Forskning-och-utveckling\/Utbildningar\/Aktuella-utbildningar\/Specialistunderskoterska-operation-anestesi-iva\/\" target=\"_blank\">Utbildningen <\/a>anordnas n\u00e4mligen av Yrkesh\u00f6gskolan i V\u00e4xj\u00f6, och en g\u00e5ng i m\u00e5naden m\u00e5ste jag \u00e5ka dit f\u00f6r centrala tr\u00e4ffar.<\/p>\n<p>(Nu sitter flera och t\u00e4nker &#8221;varf\u00f6r inte CSN?&#8221;. Jo, jag har ju lite saker som jag betalar av p\u00e5 till Kron-Olle, och ett par av mina studiel\u00e5nsavbetalningar har ocks\u00e5 hamnat d\u00e4r (eftersom KF inte r\u00e4knar skulder till CSN n\u00e4r de r\u00e4knar ut existensminimum\/f\u00f6rbeh\u00e5llsbelopp), och har man det f\u00e5r man inte ta nya l\u00e5n f\u00f6rr\u00e4n skulden \u00e4r avbetald. Faktiskt, s\u00e5 f\u00e5r man inte ens <em>bidragsdelen<\/em> om man \u00e4r i den h\u00e4r situationen!<br \/>\nS\u00e5 det suger ju lite, kan man s\u00e4ga. Men <em>d\u00e4rf\u00f6r<\/em> inte CSN, allts\u00e5.)<\/p>\n","protected":false},"excerpt":{"rendered":"<p>Japp, det \u00e4r jag, det! Snart i alla fall. Jag s\u00f6kte n\u00e4mligen en utbildning till specialistundersk\u00f6terska, och f\u00f6r n\u00e5gra veckor sedan fick jag veta att jag kommit in! Men jag ville inte g\u00e5 ut med det till alla f\u00f6rr\u00e4n jag var s\u00e4ker p\u00e5 att det skulle ordna sig med det ekonomiska. SU (Sahlgrenska Universitetssjukhuset, min&#8230;<\/p>\n","protected":false},"author":1,"featured_media":0,"comment_status":"open","ping_status":"open","sticky":false,"template":"","format":"standard","meta":{"jetpack_post_was_ever_published":false,"_jetpack_newsletter_access":"","_jetpack_dont_email_post_to_subs":false,"_jetpack_newsletter_tier_id":0,"_jetpack_memberships_contains_paywalled_content":false,"_jetpack_memberships_contains_paid_content":false,"footnotes":"","jetpack_publicize_message":"","jetpack_publicize_feature_enabled":true,"jetpack_social_post_already_shared":true,"jetpack_social_options":{"image_generator_settings":{"template":"highway","default_image_id":0,"font":"","enabled":false},"version":2}},"categories":[47],"tags":[],"class_list":["post-3094","post","type-post","status-publish","format-standard","hentry","category-vardagsliv"],"jetpack_publicize_connections":[],"jetpack_featured_media_url":"","jetpack_shortlink":"https:\/\/wp.me\/p3qko4-NU","jetpack_sharing_enabled":true,"jetpack_likes_enabled":true,"jetpack-related-posts":[{"id":3013,"url":"https:\/\/blogg.fumei.se\/?p=3013","url_meta":{"origin":3094,"position":0},"title":"Lagom snurrigt","author":"M :)","date":"2013-07-06","format":false,"excerpt":"Jag lovar och sv\u00e4r att n\u00e4sta vecka ska jag knappt g\u00e5 n\u00e5nstans! Har g\u00e5tt flera mil de h\u00e4r dagarna, och har nu s\u00e5 j\u00e4kla ont i f\u00f6tter och benhinnor att jag ibland stapplar fram som en gammal gumma! Bl\u00e4! \u00c5terigen en natt med bara ett par timmars s\u00f6mn, idag somnade\u2026","rel":"","context":"I \u201dVardagsliv\u201d","block_context":{"text":"Vardagsliv","link":"https:\/\/blogg.fumei.se\/?cat=47"},"img":{"alt_text":"","src":"","width":0,"height":0},"classes":[]},{"id":70,"url":"https:\/\/blogg.fumei.se\/?p=70","url_meta":{"origin":3094,"position":1},"title":"Det d\u00e4r med bokrea","author":"M :)","date":"2011-02-20","format":false,"excerpt":"Det \u00e4r ju en j\u00e4ttebra grej, att k\u00f6pa en massa b\u00f6cker billigt. Om man har pengar till det, vill s\u00e4ga. Nu har ju inte jag s\u00e5 himla mycket pengar \u00f6ver varje m\u00e5nad, men jag hade nog t\u00e4nkt k\u00f6pa n\u00e5gra b\u00f6cker \u00e4nd\u00e5. I vilket fall som helst s\u00e5 t\u00e4nker jag unna\u2026","rel":"","context":"I \u201dVardagsliv\u201d","block_context":{"text":"Vardagsliv","link":"https:\/\/blogg.fumei.se\/?cat=47"},"img":{"alt_text":"","src":"","width":0,"height":0},"classes":[]},{"id":251,"url":"https:\/\/blogg.fumei.se\/?p=251","url_meta":{"origin":3094,"position":2},"title":"*host host*","author":"M :)","date":"2010-04-15","format":false,"excerpt":"Att jag aldrig l\u00e4r mig! Nu har jag gjort samma misstag i \u00e5r igen, som jag g\u00f6r varje \u00e5r. H\u00e4ngt in vinterjackan i garderoben och bara k\u00f6rt tjocktr\u00f6ja n\u00e4r det varit soligt och fint. Men det bl\u00e5ser ju! S\u00e5 nu har jag f\u00e5tt raspig hals och lite hosta. F\u00e5r kl\u00e4\u2026","rel":"","context":"I \u201dVardagsliv\u201d","block_context":{"text":"Vardagsliv","link":"https:\/\/blogg.fumei.se\/?cat=47"},"img":{"alt_text":"","src":"","width":0,"height":0},"classes":[]},{"id":697,"url":"https:\/\/blogg.fumei.se\/?p=697","url_meta":{"origin":3094,"position":3},"title":"Mja&#8230;","author":"M :)","date":"2008-11-04","format":false,"excerpt":"s\u00e5 var denna dag \u00f6ver ocks\u00e5. Det gick bra hos l\u00e4karen. Robin har bra r\u00f6rlighet i benen och f\u00f6tterna och har inga andra problem \u00e4n att han fortfarande inte kan cykla p\u00e5 en vanlig cykel, men det \u00e4r ju en v\u00e4rldslig fr\u00e5ga (som vi ska ta tag i igen till\u2026","rel":"","context":"I \u201dVardagsliv\u201d","block_context":{"text":"Vardagsliv","link":"https:\/\/blogg.fumei.se\/?cat=47"},"img":{"alt_text":"","src":"","width":0,"height":0},"classes":[]},{"id":252,"url":"https:\/\/blogg.fumei.se\/?p=252","url_meta":{"origin":3094,"position":4},"title":"Sn\u00e5lbl\u00e5st","author":"M :)","date":"2010-04-13","format":false,"excerpt":"Solen sken idag ocks\u00e5, men det bl\u00e5ste fasligt kallt, s\u00e5 det var n\u00e4stan l\u00e4ge f\u00f6r jacka igen, men jag h\u00e4rdar ut! Har ingen lust att kr\u00e4nga p\u00e5 mig en vinterjacka igen, n\u00e4r jag nu har h\u00e4ngt undan den f\u00f6r i \u00e5r, och n\u00e5gon v\u00e5rjacka har jag inte hunnit inf\u00f6rskaffa, s\u00e5\u2026","rel":"","context":"I \u201dVardagsliv\u201d","block_context":{"text":"Vardagsliv","link":"https:\/\/blogg.fumei.se\/?cat=47"},"img":{"alt_text":"","src":"","width":0,"height":0},"classes":[]},{"id":3952,"url":"https:\/\/blogg.fumei.se\/?p=3952","url_meta":{"origin":3094,"position":5},"title":"Skolbarn","author":"M :)","date":"2016-08-16","format":false,"excerpt":"I L\u00f6rdags k\u00f6rde vi upp Robin och hans bohag till Link\u00f6ping. Hur man kan ha s\u00e5 mycket prylar\u00a0n\u00e4r man knappt har n\u00e5gra saker, det fattar jag inte! Vi fyllde b\u00e5de sl\u00e4p och bil, och d\u00e5 hade han \u00e4nd\u00e5 bara ett skrivbord med stol i m\u00f6belv\u00e4g med sig (s\u00e4ng och \u00f6vrigt\u00a0finns\u2026","rel":"","context":"I \u201dFamiljen\u201d","block_context":{"text":"Familjen","link":"https:\/\/blogg.fumei.se\/?cat=34"},"img":{"alt_text":"23680438-origpic-9432c8","src":"https:\/\/i0.wp.com\/blogg.fumei.se\/wp-content\/uploads\/2016\/08\/23680438-origpic-9432c8.jpg?resize=350%2C200","width":350,"height":200},"classes":[]}],"_links":{"self":[{"href":"https:\/\/blogg.fumei.se\/index.php?rest_route=\/wp\/v2\/posts\/3094","targetHints":{"allow":["GET"]}}],"collection":[{"href":"https:\/\/blogg.fumei.se\/index.php?rest_route=\/wp\/v2\/posts"}],"about":[{"href":"https:\/\/blogg.fumei.se\/index.php?rest_route=\/wp\/v2\/types\/post"}],"author":[{"embeddable":true,"href":"https:\/\/blogg.fumei.se\/index.php?rest_route=\/wp\/v2\/users\/1"}],"replies":[{"embeddable":true,"href":"https:\/\/blogg.fumei.se\/index.php?rest_route=%2Fwp%2Fv2%2Fcomments&post=3094"}],"version-history":[{"count":6,"href":"https:\/\/blogg.fumei.se\/index.php?rest_route=\/wp\/v2\/posts\/3094\/revisions"}],"predecessor-version":[{"id":3102,"href":"https:\/\/blogg.fumei.se\/index.php?rest_route=\/wp\/v2\/posts\/3094\/revisions\/3102"}],"wp:attachment":[{"href":"https:\/\/blogg.fumei.se\/index.php?rest_route=%2Fwp%2Fv2%2Fmedia&parent=3094"}],"wp:term":[{"taxonomy":"category","embeddable":true,"href":"https:\/\/blogg.fumei.se\/index.php?rest_route=%2Fwp%2Fv2%2Fcategories&post=3094"},{"taxonomy":"post_tag","embeddable":true,"href":"https:\/\/blogg.fumei.se\/index.php?rest_route=%2Fwp%2Fv2%2Ftags&post=3094"}],"curies":[{"name":"wp","href":"https:\/\/api.w.org\/{rel}","templated":true}]}}