{"id":310,"date":"2010-02-01T16:35:00","date_gmt":"2010-02-01T16:35:00","guid":{"rendered":"\/Blogg\/post\/Mandag-Igen.aspx"},"modified":"2024-03-24T17:04:49","modified_gmt":"2024-03-24T16:04:49","slug":"mandag-igen","status":"publish","type":"post","link":"https:\/\/blogg.fumei.se\/?p=310","title":{"rendered":"M\u00e5ndag. Igen."},"content":{"rendered":"<p style=\"text-align: left;\">Var p\u00e5 vippen att skriva &#8221;hur m\u00e5nga m\u00e5ndagar finns det egentligen?&#8221;, men kom p\u00e5 att det kunde nog uppfattas lite blont haha. Men ibland k\u00e4nns det som om det nyss var b\u00f6rjan p\u00e5 veckan, och s\u00e5 \u00e4r det pl\u00f6tsligt det igen!<br \/>\nJag \u00e4r i alla fall ledig idag, och har lyckats med konststycket att f\u00e5 fadern att k\u00f6ra hela v\u00e4gen hit, trots sn\u00f6, oplogade v\u00e4gar och mera sn\u00f6 p\u00e5 v\u00e4g, s\u00e5 att jag fick storhandlat. S\u00e5 nu \u00e4r sk\u00e5pen och kyl\/frys fulladdade igen. Det har blivit lite f\u00f6r mycket havregrynsgr\u00f6t till lunch f\u00f6r min del senaste tiden&#8230;<\/p>\n<p style=\"text-align: left;\">Har f\u00e5tt prelimin\u00e4rt besked om bostadsbidrag fr\u00e5n FK. Allts\u00e5 det d\u00e4r papperet d\u00e4r det st\u00e5r om man ska betala tillbaka eller har f\u00e5tt f\u00f6r lite utbetalt. Enligt FK ska jag betala igen 3622 kronor f\u00f6r 2008! Jo, men tjenare, jag som tom ringde till dem och sa upp mitt bostadsbidrag f\u00f6r att jag \u00e4nd\u00e5 inte f\u00e5r beh\u00e5lla det (f\u00e5r jag bidrag drar fogden mer fr\u00e5n l\u00f6nen, s\u00e5 d\u00e5 kan jag lika gott vara utan). N\u00e4r man f\u00f6rs\u00f6ker ringa dem \u00e4r det&#8221; h\u00f6g belastning&#8221;&#8230;i flera timmar nu. K\u00e4nns som att det \u00e4r fler \u00e4n jag som f\u00e5tt ett s\u00e5nt brev idag.<\/p>\n<p style=\"text-align: left;\">Sen ringde min handl\u00e4ggare p\u00e5 KF. F\u00f6rra veckan fick jag fylla i en blankett om inkomster och utgifter f\u00f6r hush\u00e5llet, och nu har de uppdaterat utm\u00e4tningsbeloppet utifr\u00e5n det. Basbeloppet har visst stigit med n\u00e5gra kronor, s\u00e5 ist\u00e4llet f\u00f6r 11028 kronor f\u00e5r jag nu beh\u00e5lla hela 11061 kronor! Woohoo! Undrar hur jag ska fira det? Kanske med en piggelin? Det \u00e4r v\u00e4l typ det pengarna r\u00e4cker till&#8230;<br \/>\nHon sa ocks\u00e5 att utm\u00e4tningen under h\u00f6sten varit baserad p\u00e5 100% tj\u00e4nst, trots att jag ju inte jobbat mer \u00e4n 85% hela h\u00f6sten. Jag gl\u00f6mde fr\u00e5ga om det, men ska ringa imorgon, f\u00f6r jag vill ju veta om de kommer att betala tillbaka n\u00e5got n\u00e4r det nu blev fel.<\/p>\n<p style=\"text-align: left;\">Ig\u00e5r n\u00e4r jag skulle \u00e5ka hem, tr\u00f6tt och sliten efter en helg med \u00f6vernattning p\u00e5 jobbet (i inte-s\u00e5-ljudisolerat rum), hade <a href=\"http:\/\/www.gp.se\/nyheter\/goteborg\/1.300728-tagen-igang-efter-utsparning\" target=\"_blank\" rel=\"noopener\">ett t\u00e5g sp\u00e5rat ur<\/a> strax utanf\u00f6r Gbg centralstation. Kors i taket n\u00e4r det visade sig att vi fick b\u00e5de ett ers\u00e4ttningst\u00e5g och kom iv\u00e4g inom en halvtimme! Att vi sen hamnade bakom ett pendelt\u00e5g som dels stannade vid varje station mellan Gbg och Alings\u00e5s, dels hade n\u00e5got fel p\u00e5 loket, var mindre jobbigt, eftersom jag visste att jag skulle \u00e4nd\u00e5 komma hem! &#8221;Bara&#8221; 2 timmar efter vanlig hemkomsttid&#8230;<\/p>\n<p style=\"text-align: left;\">Nu ska jag plocka i ordning lite h\u00e4r, innan det \u00e4r dags att fixa middga. Inget avancerat, bara \u00e4rtsoppa och mackor men \u00e4nd\u00e5 middag. Tv\u00e4ttsortering st\u00e5r p\u00e5 kv\u00e4llens aktivitetslista ocks\u00e5, f\u00f6r jag lyckades f\u00e5 en tv\u00e4ttid p\u00e5 onsdag kl 16.<\/p>\n","protected":false},"excerpt":{"rendered":"<p>Var p\u00e5 vippen att skriva &#8221;hur m\u00e5nga m\u00e5ndagar finns det egentligen?&#8221;, men kom p\u00e5 att det kunde nog uppfattas lite blont haha. Men ibland k\u00e4nns det som om det nyss var b\u00f6rjan p\u00e5 veckan, och s\u00e5 \u00e4r det pl\u00f6tsligt det igen! Jag \u00e4r i alla fall ledig idag, och har lyckats med konststycket att f\u00e5&#8230;<\/p>\n","protected":false},"author":1,"featured_media":0,"comment_status":"open","ping_status":"open","sticky":false,"template":"","format":"standard","meta":{"jetpack_post_was_ever_published":false,"_jetpack_newsletter_access":"","_jetpack_dont_email_post_to_subs":false,"_jetpack_newsletter_tier_id":0,"_jetpack_memberships_contains_paywalled_content":false,"_jetpack_memberships_contains_paid_content":false,"footnotes":"","jetpack_publicize_message":"","jetpack_publicize_feature_enabled":true,"jetpack_social_post_already_shared":false,"jetpack_social_options":{"image_generator_settings":{"template":"highway","default_image_id":0,"font":"","enabled":false},"version":2}},"categories":[47],"tags":[],"class_list":["post-310","post","type-post","status-publish","format-standard","hentry","category-vardagsliv"],"jetpack_publicize_connections":[],"jetpack_featured_media_url":"","jetpack_shortlink":"https:\/\/wp.me\/p3qko4-50","jetpack_sharing_enabled":true,"jetpack_likes_enabled":true,"jetpack-related-posts":[{"id":315,"url":"https:\/\/blogg.fumei.se\/?p=315","url_meta":{"origin":310,"position":0},"title":"Men l\u00e4gg av&#8230;","author":"M :)","date":"2010-01-27","format":false,"excerpt":"Mera sn\u00f6. Sn\u00f6 p\u00e5 tv\u00e4ren, sn\u00f6 p\u00e5 l\u00e4ngden, sn\u00f6 i stora h\u00f6gar och drivor, sn\u00f6 \u00f6verallt. Inte \u00e4r det n\u00e5gon som skottar eller plogar som de ska heller, s\u00e5 det \u00e4r sn\u00f6 \u00f6verallt d\u00e4r man m\u00e5ste g\u00e5, och stora vallar att ta sig \u00f6ver n\u00e4r man ska \u00f6ver n\u00e5n gata.\u2026","rel":"","context":"I \u201dVardagsliv\u201d","block_context":{"text":"Vardagsliv","link":"https:\/\/blogg.fumei.se\/?cat=47"},"img":{"alt_text":"","src":"","width":0,"height":0},"classes":[]},{"id":1226,"url":"https:\/\/blogg.fumei.se\/?p=1226","url_meta":{"origin":310,"position":1},"title":"Happy andra advent!","author":"M :)","date":"2009-12-06","format":false,"excerpt":"Idag \u00e4r det 17 dagar kvar till julafton. Fortsatt sn\u00f6fritt, men fortsatt bl\u00f6tt. trist. Det \u00e4r nu man vill att sn\u00f6n ska b\u00f6rja falla s\u00e5 man hinner komma i julst\u00e4mning. Jul utan sn\u00f6 k\u00e4nns inte riktigt som jul, om jag f\u00e5r s\u00e4ga vad jag tycker. Har inte t\u00e4nt andra ljuset\u2026","rel":"","context":"I \u201dVardagsliv\u201d","block_context":{"text":"Vardagsliv","link":"https:\/\/blogg.fumei.se\/?cat=47"},"img":{"alt_text":"","src":"","width":0,"height":0},"classes":[]},{"id":699,"url":"https:\/\/blogg.fumei.se\/?p=699","url_meta":{"origin":310,"position":2},"title":"Idag \u00e4r det","author":"M :)","date":"2008-11-04","format":false,"excerpt":"Tisdag den 4 November. Det betyder l\u00e4karbes\u00f6k p\u00e5 habiliteringen f\u00f6r Robin och ledig dag f\u00f6r mig. Jag f\u00f6ljer s\u00e5klart med till habiliteringen. Tyv\u00e4rr tar det ju sin lilla tid att b\u00e5de ta sig dit och sen hem igen av den lilla anledningen att jag inte har k\u00f6rkort och bil, s\u00e5\u2026","rel":"","context":"I \u201dVardagsliv\u201d","block_context":{"text":"Vardagsliv","link":"https:\/\/blogg.fumei.se\/?cat=47"},"img":{"alt_text":"","src":"","width":0,"height":0},"classes":[]},{"id":260,"url":"https:\/\/blogg.fumei.se\/?p=260","url_meta":{"origin":310,"position":3},"title":"Det var v\u00e4ldigt vad det g\u00e5r undan!","author":"EmEff","date":"2010-03-28","format":false,"excerpt":"Nu har det g\u00e5tt en vecka till och jag har knappt hunnit med att fatta att det var ny vecka f\u00f6rr\u00e4n den var slut! Som vanligt...Har varit ledig i helgen i alla fall, och det var sk\u00f6nt. \u00c4ven om arbetsveckan inte var superanstr\u00e4ngande s\u00e5 \u00e4r det \u00e4nd\u00e5 sk\u00f6nt med en\u2026","rel":"","context":"I \u201dVardagsliv\u201d","block_context":{"text":"Vardagsliv","link":"https:\/\/blogg.fumei.se\/?cat=47"},"img":{"alt_text":"","src":"","width":0,"height":0},"classes":[]},{"id":1725,"url":"https:\/\/blogg.fumei.se\/?p=1725","url_meta":{"origin":310,"position":4},"title":"Livstecken","author":"M :)","date":"2011-11-11","format":false,"excerpt":"Mina n\u00e4ra och k\u00e4ra (och n\u00e5gra till) vet att J bara fick tillf\u00e4lligt uppeh\u00e5llstillst\u00e5nd n\u00e4r han flyttade hit. Den 16 Juni i \u00e5r var sista dagen p\u00e5 det tillst\u00e5ndet, s\u00e5 i b\u00f6rjan av Maj skickade han in ans\u00f6kan om f\u00f6rl\u00e4ngning av uppeh\u00e5llstillst\u00e5nd till migrationsverket. Enligt dem kan det ta upp\u2026","rel":"","context":"I \u201dFamiljen\u201d","block_context":{"text":"Familjen","link":"https:\/\/blogg.fumei.se\/?cat=34"},"img":{"alt_text":"","src":"https:\/\/i0.wp.com\/blogg.fumei.se\/wp-content\/uploads\/2011\/11\/kallelesintervju-650x473.jpg?resize=350%2C200","width":350,"height":200,"srcset":"https:\/\/i0.wp.com\/blogg.fumei.se\/wp-content\/uploads\/2011\/11\/kallelesintervju-650x473.jpg?resize=350%2C200 1x, https:\/\/i0.wp.com\/blogg.fumei.se\/wp-content\/uploads\/2011\/11\/kallelesintervju-650x473.jpg?resize=525%2C300 1.5x"},"classes":[]},{"id":1180,"url":"https:\/\/blogg.fumei.se\/?p=1180","url_meta":{"origin":310,"position":5},"title":"Slutet \u00e4r n\u00e4ra&#8230;","author":"M :)","date":"2009-11-30","format":false,"excerpt":"Idag \u00e4r det officiellt h\u00f6stens sista dag, och imorgon \u00e4r det 1:a December och den f\u00f6rsta vinterm\u00e5naden b\u00f6rjar. Ska bli intressant att se hur l\u00e4nge v\u00e4dret envist t\u00e4nker h\u00e5lla sig kvar i h\u00f6sten innan vi f\u00e5r sn\u00f6 och riktig vinter.Ig\u00e5r var det f\u00f6rsta Advent. Jag orkade inte blogga ig\u00e5r, f\u00f6r\u2026","rel":"","context":"I \u201dVardagsliv\u201d","block_context":{"text":"Vardagsliv","link":"https:\/\/blogg.fumei.se\/?cat=47"},"img":{"alt_text":"","src":"","width":0,"height":0},"classes":[]}],"_links":{"self":[{"href":"https:\/\/blogg.fumei.se\/index.php?rest_route=\/wp\/v2\/posts\/310","targetHints":{"allow":["GET"]}}],"collection":[{"href":"https:\/\/blogg.fumei.se\/index.php?rest_route=\/wp\/v2\/posts"}],"about":[{"href":"https:\/\/blogg.fumei.se\/index.php?rest_route=\/wp\/v2\/types\/post"}],"author":[{"embeddable":true,"href":"https:\/\/blogg.fumei.se\/index.php?rest_route=\/wp\/v2\/users\/1"}],"replies":[{"embeddable":true,"href":"https:\/\/blogg.fumei.se\/index.php?rest_route=%2Fwp%2Fv2%2Fcomments&post=310"}],"version-history":[{"count":2,"href":"https:\/\/blogg.fumei.se\/index.php?rest_route=\/wp\/v2\/posts\/310\/revisions"}],"predecessor-version":[{"id":6684,"href":"https:\/\/blogg.fumei.se\/index.php?rest_route=\/wp\/v2\/posts\/310\/revisions\/6684"}],"wp:attachment":[{"href":"https:\/\/blogg.fumei.se\/index.php?rest_route=%2Fwp%2Fv2%2Fmedia&parent=310"}],"wp:term":[{"taxonomy":"category","embeddable":true,"href":"https:\/\/blogg.fumei.se\/index.php?rest_route=%2Fwp%2Fv2%2Fcategories&post=310"},{"taxonomy":"post_tag","embeddable":true,"href":"https:\/\/blogg.fumei.se\/index.php?rest_route=%2Fwp%2Fv2%2Ftags&post=310"}],"curies":[{"name":"wp","href":"https:\/\/api.w.org\/{rel}","templated":true}]}}