{"id":3108,"date":"2013-08-06T09:26:10","date_gmt":"2013-08-06T07:26:10","guid":{"rendered":"http:\/\/blogg.fumei.se\/?p=3108"},"modified":"2013-08-06T09:26:11","modified_gmt":"2013-08-06T07:26:11","slug":"nyhetstorka-tvartom","status":"publish","type":"post","link":"https:\/\/blogg.fumei.se\/?p=3108","title":{"rendered":"Nyhetstorka tv\u00e4rtom"},"content":{"rendered":"<p>Ig\u00e5r lyckades jag med konststycket att f\u00e5 ton\u00e5rssonen ut ur huset! Vi gick p\u00e5 bio och s\u00e5g Wolverine, och den var bra och vi hade det trevligt ett par timmar, men det var inte vad det h\u00e4r inl\u00e4gget skulle handla om.<\/p>\n<p>Ist\u00e4llet funderar jag en del \u00f6ver det som intr\u00e4ffade n\u00e4r vi skulle \u00e5ka hem.<br \/>\nVi \u00e5kte som vanligt t\u00e5g, och vi hann v\u00e4l inte ens till f\u00f6rsta pendelstationen innan vi blev st\u00e5ende i n\u00e4stan en halvtimme pga att ledningarna var str\u00f6ml\u00f6sa.<br \/>\nStrax innan Herrljunga stannade vi igen, och fick veta via h\u00f6gtalarna att det h\u00e4nt en olycka p\u00e5 stationen i Herrljunga, s\u00e5 all trafik var stoppad tills de r\u00f6jt undan. Nu hade olyckan h\u00e4nt bara en liten stund innan, s\u00e5 r\u00e4ddningstj\u00e4nsten och polisen hade inte ens hunnit fram. Det blev en l\u00e5ng v\u00e4ntan, ist\u00e4llet f\u00f6r att vara hemma runt 22 som vi skulle, kom vi fram strax f\u00f6re midnatt.<\/p>\n<p>Men, det jag f\u00f6rundras \u00f6ver \u00e4r bristen p\u00e5 uppm\u00e4rksamhet i media! Inte ett ord n\u00e5gonstans om den h\u00e4r olyckan! Jag har kollat GP, jag har kollat Aftonbladet och jag har kollat lokalradions nyheter. Ingenting. Det \u00e4r lite m\u00e4rkligt. F\u00f6r \u00e4ven om de r\u00f6jde upp ganska fort (tv\u00e5 timmar \u00e4r ju en bagatell egentligen vid en olycka), s\u00e5 var det massor med poliser och andra m\u00e4nniskor i orange v\u00e4star p\u00e5 hela stationen. Och som om inte det vore nog, s\u00e5 l\u00e5g det en stor svart plasts\u00e4cksliknande sak p\u00e5 perrongen n\u00e4r vi k\u00f6rde f\u00f6rbi. Det s\u00e5g ut att vara precis det ni tror att jag tror att det var. Men jag vet ju inte.<\/p>\n<p>Men \u00e4nd\u00e5 \u00e4r det underligt att varken radio eller tidningar n\u00e4mner <em>n\u00e5got<\/em> om den h\u00e4r olyckan. N\u00e4r n\u00e5gon blir p\u00e5k\u00f6rd av ett t\u00e5g annars, brukar det bli ganska stora rubriker. Samtidigt som vi satt d\u00e4r och v\u00e4ntade stod det tex i Aftonbladet om n\u00e5gon som blivit p\u00e5k\u00f6rd av ett pendelt\u00e5g. Varf\u00f6r var det viktigt att rapportera om, men inte den i Herrljunga?<\/p>\n<p>Missf\u00f6rst\u00e5 mig r\u00e4tt; jag \u00e4r inte den som sl\u00e4nger mig \u00f6ver f\u00f6rsta b\u00e4sta h\u00e4ndelse eller tillbud och frossar i allt som skrivs &#8211; bra eller d\u00e5ligt &#8211; om det, men jag skulle g\u00e4rna vilja veta lite vad som egentligen h\u00e4nde. Var det en olycksh\u00e4ndelse, n\u00e5gon som f\u00f6ll? N\u00e5gon kanske blev knuffad? Eller var det n\u00e5gon som var nere p\u00e5 sp\u00e5ret fast man inte ska vara d\u00e4r?<\/p>\n<p>Vad g\u00e4ller det d\u00e4r sista, s\u00e5 ser jag varje dag hur folk springer \u00f6ver sp\u00e5ret h\u00e4r hemma.\u00a0D\u00e4r jag bor l\u00f6per r\u00e4lsen tv\u00e4rs igenom samh\u00e4llet. F\u00f6r att komma till andra sidan m\u00e5ste man g\u00e5 under en viadukt och upp f\u00f6r en liten backe, \u00e5t vardera h\u00e5llet. Kommer man fr\u00e5n det h\u00e5llet jag bor \u00e5t, \u00e4r det helt i andra \u00e4nden av stationen, s\u00e5 m\u00e5nga genar ist\u00e4llet \u00f6ver sp\u00e5ret.<br \/>\nN\u00e4r folk kliver av t\u00e5get och ska \u00f6ver till andra sidan \u00e4r det samma sak, men d\u00e4r \u00e4r folk otroligt of\u00f6rsiktiga och dumdristiga, f\u00f6r de hoppar helt enkelt ner p\u00e5 sp\u00e5ret bakom t\u00e5get, utan att se om det kommer n\u00e5got t\u00e5g fr\u00e5n andra h\u00e5llet!<br \/>\nDet \u00e4r bara en tidsfr\u00e5ga innan n\u00e5gon blir p\u00e5k\u00f6rd.<\/p>\n<p>Dessutom har jag flera g\u00e5nger sett barn leka p\u00e5 perrongen. De cyklar (p\u00e5 f\u00f6r stora cyklar som de knappt kan kontrollera), de \u00e5ker skateboard eller bmx och trixar f\u00f6r varandra, de springer fram och tillbaka och leker och knuffar varandra, och ibland leker barnen i gr\u00e4set bredvid sp\u00e5ren.<br \/>\nVar finns f\u00f6r\u00e4ldrarna d\u00e5? Jo vissa f\u00f6r\u00e4ldrar sitter och l\u00e4ser eller kollar mobilen eller pratar i mobilen och ser inte hur deras barn springer farligt n\u00e4ra kanten, de flesta f\u00f6r\u00e4ldrar \u00e4r inte ens d\u00e4r, f\u00f6r de har skickat ut sina barn att leka, och har ingen koll p\u00e5 var de leker n\u00e5gonstans.<br \/>\nJag blir alldeles m\u00f6rkr\u00e4dd n\u00e4r jag ser hur de vinglar och rusar omkring, jag vill bara ta tag i <em>f\u00f6r\u00e4ldrarna<\/em> och skaka lite vett i dem! F\u00f6r om inte <em>f\u00f6r\u00e4ldrarna<\/em> kan h\u00e5lla koll p\u00e5 sina barn och tala om f\u00f6r dem hur man ska bete sig p\u00e5 ett s\u00e5nt st\u00e4lle, vem ska d\u00e5 g\u00f6ra det? Samh\u00e4llet? Trafikverket? Nej, skulle inte tro det, va?!<\/p>\n<p>Vad g\u00e4ller olyckan ig\u00e5r i Herrljunga s\u00e5 \u00e4r det <em>alltid<\/em> tragiskt n\u00e4r en person omkommer, det spelar ingen roll om denna person befann sig d\u00e4r av fri vilja eller pga slarv eller n\u00e5gon annans illvilja, ett d\u00f6dsfall \u00e4r ett d\u00f6dsfall. Det \u00e4r tragiskt och ledsamt f\u00f6r anh\u00f6riga och v\u00e4nner, och n\u00e4r man t\u00e4nker p\u00e5 det, d\u00e5 gl\u00f6mmer man bort att det \u00e4r jobigt att sitta och v\u00e4nta i tv\u00e5 timmar p\u00e5 att f\u00e5 forts\u00e4tta f\u00e4rden hem\u00e5t. Jag lever i alla fall.<\/p>\n<p>Men faktum kvarst\u00e5r, att jag tycker det \u00e4r <em>lite<\/em> m\u00e4rkligt att inte ett ord n\u00e4mnts om detta. R\u00e4tta mig g\u00e4rna om jag har fel och har missat det!<\/p>\n","protected":false},"excerpt":{"rendered":"<p>Ig\u00e5r lyckades jag med konststycket att f\u00e5 ton\u00e5rssonen ut ur huset! Vi gick p\u00e5 bio och s\u00e5g Wolverine, och den var bra och vi hade det trevligt ett par timmar, men det var inte vad det h\u00e4r inl\u00e4gget skulle handla om. Ist\u00e4llet funderar jag en del \u00f6ver det som intr\u00e4ffade n\u00e4r vi skulle \u00e5ka hem&#8230;.<\/p>\n","protected":false},"author":1,"featured_media":0,"comment_status":"open","ping_status":"open","sticky":false,"template":"","format":"standard","meta":{"jetpack_post_was_ever_published":false,"_jetpack_newsletter_access":"","_jetpack_dont_email_post_to_subs":false,"_jetpack_newsletter_tier_id":0,"_jetpack_memberships_contains_paywalled_content":false,"_jetpack_memberships_contains_paid_content":false,"footnotes":"","jetpack_publicize_message":"","jetpack_publicize_feature_enabled":true,"jetpack_social_post_already_shared":true,"jetpack_social_options":{"image_generator_settings":{"template":"highway","default_image_id":0,"font":"","enabled":false},"version":2}},"categories":[47],"tags":[270,269,271,268,272,273],"class_list":["post-3108","post","type-post","status-publish","format-standard","hentry","category-vardagsliv","tag-herrljunga","tag-olycka","tag-station","tag-tag","tag-tagolycka","tag-tagstation"],"jetpack_publicize_connections":[],"jetpack_featured_media_url":"","jetpack_shortlink":"https:\/\/wp.me\/p3qko4-O8","jetpack_sharing_enabled":true,"jetpack_likes_enabled":true,"jetpack-related-posts":[{"id":46,"url":"https:\/\/blogg.fumei.se\/?p=46","url_meta":{"origin":3108,"position":0},"title":"Ibland undrar man&#8230;","author":"M :)","date":"2011-05-05","format":false,"excerpt":"Som vanligt idag efter jobbet, var\u00a0det massor med folk som skulle med samma t\u00e5g som jag kl 17.07 fr\u00e5n Gbg. S\u00e5 knastrar det till i h\u00f6gtalarna och det kommer inte bara ett, utan tre meddelanden om f\u00f6rseningar och inst\u00e4llda t\u00e5g. F\u00f6r det f\u00f6rsta skulle mitt t\u00e5g bli f\u00f6rsenat \u00e5ga v\u00e4xelfel\u2026","rel":"","context":"I \u201dVardagsliv\u201d","block_context":{"text":"Vardagsliv","link":"https:\/\/blogg.fumei.se\/?cat=47"},"img":{"alt_text":"","src":"https:\/\/i0.wp.com\/blogg.fumei.se\/wp-content\/uploads\/2011\/05\/201105042745-300x224.jpg?resize=350%2C200","width":350,"height":200},"classes":[]},{"id":170,"url":"https:\/\/blogg.fumei.se\/?p=170","url_meta":{"origin":3108,"position":1},"title":"Bloggtorka","author":"M :)","date":"2010-10-30","format":false,"excerpt":"N\u00e4r man inte g\u00f6r mycket mer \u00e4n jobbar och tar hand om hemmet - och dessemellan f\u00f6rs\u00f6ker vara lite social med resten av familjen - d\u00e5 har man inte mycket att skriva om. F\u00f6r hur kul \u00e4r det att l\u00e4sa varje dag att jag har lagat middag och jobbat och\u2026","rel":"","context":"I \u201dVardagsliv\u201d","block_context":{"text":"Vardagsliv","link":"https:\/\/blogg.fumei.se\/?cat=47"},"img":{"alt_text":"","src":"","width":0,"height":0},"classes":[]},{"id":1226,"url":"https:\/\/blogg.fumei.se\/?p=1226","url_meta":{"origin":3108,"position":2},"title":"Happy andra advent!","author":"M :)","date":"2009-12-06","format":false,"excerpt":"Idag \u00e4r det 17 dagar kvar till julafton. Fortsatt sn\u00f6fritt, men fortsatt bl\u00f6tt. trist. Det \u00e4r nu man vill att sn\u00f6n ska b\u00f6rja falla s\u00e5 man hinner komma i julst\u00e4mning. Jul utan sn\u00f6 k\u00e4nns inte riktigt som jul, om jag f\u00e5r s\u00e4ga vad jag tycker. Har inte t\u00e4nt andra ljuset\u2026","rel":"","context":"I \u201dVardagsliv\u201d","block_context":{"text":"Vardagsliv","link":"https:\/\/blogg.fumei.se\/?cat=47"},"img":{"alt_text":"","src":"","width":0,"height":0},"classes":[]},{"id":749,"url":"https:\/\/blogg.fumei.se\/?p=749","url_meta":{"origin":3108,"position":3},"title":"Oj oj oj&#8230;","author":"M :)","date":"2008-12-10","format":false,"excerpt":"...vilken dag! Det b\u00f6rjade bra med medarbetarskap som \u00e4mnet p\u00e5 utbildningsdagen. Det \u00e4r ju egentligen ingen utbildning, mer en liten f\u00f6rel\u00e4sning (eller vad man nu ska kalla det) om den v\u00e4rdegrund vi har inom SU och hur vi ser p\u00e5 och f\u00f6rh\u00e5ller oss till varandra, oss sj\u00e4lva och patienter. M\u00e5nga\u2026","rel":"","context":"I \u201dVardagsliv\u201d","block_context":{"text":"Vardagsliv","link":"https:\/\/blogg.fumei.se\/?cat=47"},"img":{"alt_text":"","src":"","width":0,"height":0},"classes":[]},{"id":1842,"url":"https:\/\/blogg.fumei.se\/?p=1842","url_meta":{"origin":3108,"position":4},"title":"Vi k\u00f6r p\u00e5 ett tag till, d\u00e5&#8230;","author":"M :)","date":"2011-12-08","format":false,"excerpt":"I m\u00e5ndags efter jobbet m\u00f6tte jag upp J p\u00e5 centralen i Gbg, och s\u00e5 tog vi t\u00e5get till V\u00e4xj\u00f6. V\u00e4l d\u00e4r inkvarterade vi oss hos Emma, Silvio och knattarna och fikade och tj\u00f4tade en hel l\u00e5ng kv\u00e4ll innan vi kr\u00f6p ner f\u00f6r att f\u00e5 n\u00e5gra timmars s\u00f6mn innan tisdagens stora\u2026","rel":"","context":"I \u201dFamiljen\u201d","block_context":{"text":"Familjen","link":"https:\/\/blogg.fumei.se\/?cat=34"},"img":{"alt_text":"","src":"","width":0,"height":0},"classes":[]},{"id":685,"url":"https:\/\/blogg.fumei.se\/?p=685","url_meta":{"origin":3108,"position":5},"title":"SJ, SJ gamle v\u00e4n&#8230;","author":"M :)","date":"2008-11-11","format":false,"excerpt":"\"...festligt att du lever \u00e4n. Men du ser r\u00e4tt krasslig ut, snart h\u00f6rs ditt sista tjut.\" S\u00e5 gick en gammal l\u00e5t av Stefan Demert. Det var n\u00e5n g\u00e5ngn\u00a0 b\u00f6rjan av 70-talet, men man har v\u00e4l tyckt s\u00e5 i m\u00e5nga \u00e5r nu... Jag sj\u00e4lv har, trots att jag \u00e5ker t\u00e5g varje\u2026","rel":"","context":"I \u201dVardagsliv\u201d","block_context":{"text":"Vardagsliv","link":"https:\/\/blogg.fumei.se\/?cat=47"},"img":{"alt_text":"","src":"","width":0,"height":0},"classes":[]}],"_links":{"self":[{"href":"https:\/\/blogg.fumei.se\/index.php?rest_route=\/wp\/v2\/posts\/3108","targetHints":{"allow":["GET"]}}],"collection":[{"href":"https:\/\/blogg.fumei.se\/index.php?rest_route=\/wp\/v2\/posts"}],"about":[{"href":"https:\/\/blogg.fumei.se\/index.php?rest_route=\/wp\/v2\/types\/post"}],"author":[{"embeddable":true,"href":"https:\/\/blogg.fumei.se\/index.php?rest_route=\/wp\/v2\/users\/1"}],"replies":[{"embeddable":true,"href":"https:\/\/blogg.fumei.se\/index.php?rest_route=%2Fwp%2Fv2%2Fcomments&post=3108"}],"version-history":[{"count":1,"href":"https:\/\/blogg.fumei.se\/index.php?rest_route=\/wp\/v2\/posts\/3108\/revisions"}],"predecessor-version":[{"id":3109,"href":"https:\/\/blogg.fumei.se\/index.php?rest_route=\/wp\/v2\/posts\/3108\/revisions\/3109"}],"wp:attachment":[{"href":"https:\/\/blogg.fumei.se\/index.php?rest_route=%2Fwp%2Fv2%2Fmedia&parent=3108"}],"wp:term":[{"taxonomy":"category","embeddable":true,"href":"https:\/\/blogg.fumei.se\/index.php?rest_route=%2Fwp%2Fv2%2Fcategories&post=3108"},{"taxonomy":"post_tag","embeddable":true,"href":"https:\/\/blogg.fumei.se\/index.php?rest_route=%2Fwp%2Fv2%2Ftags&post=3108"}],"curies":[{"name":"wp","href":"https:\/\/api.w.org\/{rel}","templated":true}]}}