{"id":311,"date":"2010-01-30T15:36:00","date_gmt":"2010-01-30T15:36:00","guid":{"rendered":"\/Blogg\/post\/TjejKillsnack-vecka-5-2010.aspx"},"modified":"2010-01-30T15:36:00","modified_gmt":"2010-01-30T15:36:00","slug":"tjejkillsnack-vecka-5-2010","status":"publish","type":"post","link":"https:\/\/blogg.fumei.se\/?p=311","title":{"rendered":"Tjej&#038;Killsnack vecka 5, 2010"},"content":{"rendered":"<p>Vill du ocks&aring; vara med? Du hittar Tjejsnack <a href=\"http:\/\/mlilja.net\/tjejkillsnack\/\" target=\"_blank\">h&auml;r<\/a>.<\/p>\n<p><strong><span style=\"font-family: Verdana; color: black; font-size: 9pt;\">K&auml;ndisar<\/span><\/strong><\/p>\n<p><strong><span style=\"font-family: Verdana; color: black; font-size: 9pt;\">1. L&auml;ser du n&aring;gon k&auml;ndisblogg, vems?<\/span><\/strong><span style=\"font-family: Verdana; color: black; font-size: 9pt;\"><br \/>Jag l&auml;ser Marcus Birros blogg, och ibland kan det h&auml;nda att jag l&auml;ser n&aring;got enstaka inl&auml;gg i n&aring;gon annan k&auml;ndisblogg, men inget troget l&auml;sande av andra &auml;n Marcus.<\/span><\/p>\n<p><strong><span style=\"font-family: Verdana; color: black; font-size: 9pt;\">2. Vilken k&auml;ndis tycker du &auml;r en bra f&ouml;rebild, varf&ouml;r?<\/span><\/strong><span style=\"font-family: Verdana; color: black; font-size: 9pt;\"><br \/>Hm, sv&aring;rt att svara p&aring;, det finns helt enkelt v&auml;ldigt m&aring;nga. Jag v&auml;ljer Sandra Bullock, som, vad jag vet om, inte har varit inblandad i n&aring;gon skandal, som lever ett sunt liv och som, om man ska tro tidningarna, f&ouml;rs&ouml;ker f&aring; sin styvson att v&auml;lja den smala v&auml;gen. Hon donerar &auml;ven massor med pengar till olika v&auml;lg&ouml;rande &auml;ndam&aring;l och hj&auml;lporganisationer.<\/span><\/p>\n<p><strong><span style=\"font-family: Verdana; color: black; font-size: 9pt;\">3. Vem &auml;r en riktigt d&aring;lig f&ouml;rebild, av vilken anledning?<\/span><\/strong><span style=\"font-family: Verdana; color: black; font-size: 9pt;\"><br \/>Katrin Zytomierska k&auml;nns inte som n&aring;gon bra f&ouml;rebild, med tanke p&aring; vissa av hennes uttalanden. Det finns sj&auml;lvklart m&aring;nga fler, men jag tog en &#8221;i h&ouml;gen&#8221;.<\/span><\/p>\n<p><strong><span style=\"font-family: Verdana; color: black; font-size: 9pt;\">4. Ska k&auml;ndisar ha mer f&ouml;rm&aring;ner &auml;n andra, varf&ouml;r\/inte?<\/span><\/strong><span style=\"font-family: Verdana; color: black; font-size: 9pt;\"><br \/>Nix, nej och inte. Varf&ouml;r ska de ha f&ouml;rm&aring;ner bara f&ouml;r att alla vet vilka de &auml;r? De tj&auml;nar f&ouml;rmodligen mer pengar &auml;n &#8221;vanligt folk&#8221;, s&aring; de borde kunna betala f&ouml;r att f&aring; f&ouml;rdelar i s&aring; fall.<\/span><\/p>\n<p><strong><span style=\"font-family: Verdana; color: black; font-size: 9pt;\">5. Om du fick vara k&auml;ndis f&ouml;r en dag, vilken typ av k&auml;ndis skulle du v&auml;lja, och varf&ouml;r?<\/span><\/strong><span style=\"font-family: Verdana; color: black; font-size: 9pt;\"><br \/>Jag skulle vara rik och ber&ouml;md Hollywoodsk&aring;dis. S&auml;kerligen h&aring;rt arbete men ocks&aring; roligt. Jag skulle passa p&aring; att samla autografer och krama s&aring; m&aring;nga &#8221;kollegor&#8221; som m&ouml;jligt! Och influera och inspirera andra att g&ouml;ra bra saker. <\/span><\/p>\n","protected":false},"excerpt":{"rendered":"<p>Vill du ocks&aring; vara med? Du hittar Tjejsnack h&auml;r. K&auml;ndisar 1. L&auml;ser du n&aring;gon k&auml;ndisblogg, vems?Jag l&auml;ser Marcus Birros blogg, och ibland kan det h&auml;nda att jag l&auml;ser n&aring;got enstaka inl&auml;gg i n&aring;gon annan k&auml;ndisblogg, men inget troget l&auml;sande av andra &auml;n Marcus. 2. Vilken k&auml;ndis tycker du &auml;r en bra f&ouml;rebild, varf&ouml;r?Hm, sv&aring;rt att&#8230;<\/p>\n","protected":false},"author":1,"featured_media":0,"comment_status":"open","ping_status":"open","sticky":false,"template":"","format":"standard","meta":{"jetpack_post_was_ever_published":false,"_jetpack_newsletter_access":"","_jetpack_dont_email_post_to_subs":false,"_jetpack_newsletter_tier_id":0,"_jetpack_memberships_contains_paywalled_content":false,"_jetpack_memberships_contains_paid_content":false,"footnotes":"","jetpack_publicize_message":"","jetpack_publicize_feature_enabled":true,"jetpack_social_post_already_shared":false,"jetpack_social_options":{"image_generator_settings":{"template":"highway","default_image_id":0,"font":"","enabled":false},"version":2}},"categories":[47],"tags":[],"class_list":["post-311","post","type-post","status-publish","format-standard","hentry","category-vardagsliv"],"jetpack_publicize_connections":[],"jetpack_featured_media_url":"","jetpack_shortlink":"https:\/\/wp.me\/p3qko4-51","jetpack_sharing_enabled":true,"jetpack_likes_enabled":true,"jetpack-related-posts":[{"id":825,"url":"https:\/\/blogg.fumei.se\/?p=825","url_meta":{"origin":311,"position":0},"title":"Reseskildring","author":"M :)","date":"2009-01-05","format":false,"excerpt":"Jag har varit ute och rest. Kosan styrdes mot London, d\u00e4r jag vandrade omkring p\u00e5 sm\u00e5gator och bland villakvarter,\u00a0\u00e5t lunch p\u00e5 kvarterspubar och pratade med en massa m\u00e4nniskor, innan jag \u00e5kte hem igen. Och n\u00e4r jag vaknade l\u00e5g jag i min s\u00e4ng, som vanligt... Tv\u00e5 n\u00e4tter i rad har jag\u2026","rel":"","context":"I \u201dVardagsliv\u201d","block_context":{"text":"Vardagsliv","link":"https:\/\/blogg.fumei.se\/?cat=47"},"img":{"alt_text":"","src":"","width":0,"height":0},"classes":[]},{"id":3105,"url":"https:\/\/blogg.fumei.se\/?p=3105","url_meta":{"origin":311,"position":1},"title":"Statistiken ljuger inte","author":"M :)","date":"2013-07-31","format":false,"excerpt":"Den 23:e Juli skev jag ett inl\u00e4gg d\u00e4r jag undrade lite \u00f6ver vilka som egentligen l\u00e4ser den h\u00e4r bloggen. Det \u00e4r r\u00e4tt fascinerande att s\u00e5 m\u00e5nga m\u00e4nniskor l\u00e4ser min blogg! Det \u00e4r \u00e4nnu mer fascinerande att det bara \u00e4r 10 av dessa som verkar vilka erk\u00e4nna det. Av 77 bes\u00f6kare\u2026","rel":"","context":"I \u201dVardagsliv\u201d","block_context":{"text":"Vardagsliv","link":"https:\/\/blogg.fumei.se\/?cat=47"},"img":{"alt_text":"","src":"","width":0,"height":0},"classes":[]},{"id":149,"url":"https:\/\/blogg.fumei.se\/?p=149","url_meta":{"origin":311,"position":2},"title":"And the award goes to&#8230;","author":"M :)","date":"2010-12-02","format":false,"excerpt":"Jag har f\u00e5tt en bloggaward av [Nina] - TACK!!! - och med awarden f\u00f6ljer n\u00e5gra regler: Tacka den du har mottagit prisen ifr\u00e5n. Kopiera prism\u00e4rket till din blogg. Ber\u00e4tta vilka 3 f\u00f6rfattare du r\u00e4knar bland dina favoriter, och n\u00e4mn en favoritbok per f\u00f6rfattare. Skicka awarden vidare till 5 mottagare som\u2026","rel":"","context":"I \u201dVardagsliv\u201d","block_context":{"text":"Vardagsliv","link":"https:\/\/blogg.fumei.se\/?cat=47"},"img":{"alt_text":"","src":"","width":0,"height":0},"classes":[]},{"id":1646,"url":"https:\/\/blogg.fumei.se\/?p=1646","url_meta":{"origin":311,"position":3},"title":"En styck hittad lista","author":"M :)","date":"2011-10-23","format":false,"excerpt":"Hittade en lista hos Emma, med uppmaningen att kopiera och svara, och listn\u00f6rd som jag \u00e4r, s\u00e5 antar jag naturligtvis den uppmaningen! H\u00e4r g\u00e5s: Vad g\u00f6r du just nu? Vad tror du? Vad tror du att du \u00e4r\/g\u00f6r om 1 \u00e5r? Med den h\u00e4r farten; f\u00f6rmodligen samma sak som nu.\u2026","rel":"","context":"I \u201dVardagsliv\u201d","block_context":{"text":"Vardagsliv","link":"https:\/\/blogg.fumei.se\/?cat=47"},"img":{"alt_text":"","src":"","width":0,"height":0},"classes":[]},{"id":1162,"url":"https:\/\/blogg.fumei.se\/?p=1162","url_meta":{"origin":311,"position":4},"title":"Boknyheter","author":"M :)","date":"2009-10-10","format":false,"excerpt":"Jag \u00e4r inte s\u00e4rskilt intellektuell i mitt l\u00e4sande. Jag l\u00e4ser bara s\u00e5nt jag vill l\u00e4sa, inte f\u00f6r att det \u00e4r pretenti\u00f6st eller prisat eller anses finare i vissa kretsar att l\u00e4sa ditt men inte datt. D\u00e4rf\u00f6r har jag oftast inte l\u00e4st en br\u00e5kdel av det som skrivs om p\u00e5 Bokhora.\u2026","rel":"","context":"I \u201dVardagsliv\u201d","block_context":{"text":"Vardagsliv","link":"https:\/\/blogg.fumei.se\/?cat=47"},"img":{"alt_text":"","src":"","width":0,"height":0},"classes":[]},{"id":1028,"url":"https:\/\/blogg.fumei.se\/?p=1028","url_meta":{"origin":311,"position":5},"title":"Kulturfyran: sommarl\u00e4sningen och sommarlyssningen","author":"M :)","date":"2009-07-11","format":false,"excerpt":"1. Vad l\u00e4ser du just nu?Just nu l\u00e4ser jag ingenting (!) vilket \u00e4r en s\u00e4llsynt f\u00f6reteelse i mitt liv, men jag har en downperiod.2. Vilken \u00e4r n\u00e4sta bok du ska l\u00e4sa?Jag ska b\u00f6rja p\u00e5 \"Vi, de drunknade\" av Carsten Jensen. Hade t\u00e4nkt l\u00e5na \"Krig och fred\" men den finns inte\u2026","rel":"","context":"I \u201dVardagsliv\u201d","block_context":{"text":"Vardagsliv","link":"https:\/\/blogg.fumei.se\/?cat=47"},"img":{"alt_text":"","src":"","width":0,"height":0},"classes":[]}],"_links":{"self":[{"href":"https:\/\/blogg.fumei.se\/index.php?rest_route=\/wp\/v2\/posts\/311","targetHints":{"allow":["GET"]}}],"collection":[{"href":"https:\/\/blogg.fumei.se\/index.php?rest_route=\/wp\/v2\/posts"}],"about":[{"href":"https:\/\/blogg.fumei.se\/index.php?rest_route=\/wp\/v2\/types\/post"}],"author":[{"embeddable":true,"href":"https:\/\/blogg.fumei.se\/index.php?rest_route=\/wp\/v2\/users\/1"}],"replies":[{"embeddable":true,"href":"https:\/\/blogg.fumei.se\/index.php?rest_route=%2Fwp%2Fv2%2Fcomments&post=311"}],"version-history":[{"count":0,"href":"https:\/\/blogg.fumei.se\/index.php?rest_route=\/wp\/v2\/posts\/311\/revisions"}],"wp:attachment":[{"href":"https:\/\/blogg.fumei.se\/index.php?rest_route=%2Fwp%2Fv2%2Fmedia&parent=311"}],"wp:term":[{"taxonomy":"category","embeddable":true,"href":"https:\/\/blogg.fumei.se\/index.php?rest_route=%2Fwp%2Fv2%2Fcategories&post=311"},{"taxonomy":"post_tag","embeddable":true,"href":"https:\/\/blogg.fumei.se\/index.php?rest_route=%2Fwp%2Fv2%2Ftags&post=311"}],"curies":[{"name":"wp","href":"https:\/\/api.w.org\/{rel}","templated":true}]}}