{"id":3110,"date":"2013-08-13T04:54:31","date_gmt":"2013-08-13T02:54:31","guid":{"rendered":"http:\/\/blogg.fumei.se\/?p=3110"},"modified":"2013-08-13T04:54:31","modified_gmt":"2013-08-13T02:54:31","slug":"kalasandet-som-kom-av-sig","status":"publish","type":"post","link":"https:\/\/blogg.fumei.se\/?p=3110","title":{"rendered":"Kalasandet som kom av sig"},"content":{"rendered":"<div><strong>K\u00e4ra ansvariga f\u00f6r trafikplaneringen p\u00e5 V\u00e4sttrafik!<\/strong><\/div>\n<div>\u00a0<\/div>\n<div>Jag undrar lite hur man fr\u00e5n V\u00e4sttrafiks sida har t\u00e4nkt, n\u00e4r man under <strong><a href=\"http:\/\/kulturkalaset.goteborg.com\/\" target=\"_blank\">Kulturkalaset <\/a><\/strong>endast k\u00f6r ordinarie turer till orter utanf\u00f6r stor-G\u00f6teborg. Vi som bor i de yttre delarna av regionen har ingen m\u00f6jlighet att njuta av och uppleva de evenemang som sker kv\u00e4llstid, eftersom vi m\u00e5ste passa t\u00e5g eller bussar som g\u00e5r innan evenemangen slutar (ibland innan de ens b\u00f6rjar).<br \/>\nSj\u00e4lv bor jag i Floby, och dit g\u00e5r Sk\u00f6vde-t\u00e5get. Men sista t\u00e5get g\u00e5r kl 23. Detta inneb\u00e4r att jag missar b\u00e5de Roger Waters p\u00e5 tisdagen och Culture Meets Industry p\u00e5 onsdagen, f\u00f6r b\u00e5da evenemangen slutar 23, och jag ska ju hinna ta mig fr\u00e5n G\u00f6taplatsen respektive Kanaltorget till centralen innan t\u00e5get g\u00e5r.<\/div>\n<div>\u00a0<\/div>\n<div>N\u00e4r jag s\u00f6kte efter eventuell extrainsatt trafik uppt\u00e4ckte jag dessutom att t\u00e5get kl 23 \u00e4r ersatt med buss p\u00e5 str\u00e4ckan Gbg-V\u00e5rg\u00e5rda (vilket g\u00f6r att jag \u00e4r hemma ca 45 min senare \u00e4n vanligt. (Jag ska sen upp och iv\u00e4g igen till jobbet i Gbg p\u00e5 morgonen, de 45 minuterna \u00e4r sk\u00f6na att f\u00e5 sova.)<\/div>\n<div>\u00a0<\/div>\n<div>Har man t\u00e4nkt p\u00e5 hur m\u00e5nga resen\u00e4rer ni g\u00e5r miste om p\u00e5 det h\u00e4r s\u00e4ttet? Hur m\u00e5nga ungdomar kommer att driva omkring i Gbg f\u00f6r att de inte kan ta sig hem f\u00f6rr\u00e4n p\u00e5 morgonen? Hur m\u00e5nga kommer att ta bilen trots tr\u00e4ngselskatt bara f\u00f6r att de inte kan ta sig hem p\u00e5 annat s\u00e4tt? Och vi som varken har k\u00f6rkort, lift eller n\u00e5gonstans att \u00f6vernatta, vi f\u00e5r helt enkelt l\u00e5ta bli att g\u00e5 p\u00e5 Kalaset&#8230;<\/p>\n<p>PS<\/p><\/div>\n<div>Skulle det nu mot f\u00f6rmodan vara s\u00e5 att det finns m\u00f6jlighet till senare resor dessa dagar, s\u00e5 ber jag att f\u00e5 veta tiderna f\u00f6r dem. P\u00e5 V\u00e4sttrafiks hemsida st\u00e5r inte <em>en<\/em> stavelse om n\u00e5got s\u00e5nt.<\/div>\n<div>\u00a0<\/div>\n<div>PS igen<\/div>\n<div>Hela denna text, utan \u00e4ndringar, \u00e4r ocks\u00e5 postad p\u00e5 <strong><a href=\"https:\/\/www.facebook.com\/#!\/Vasttrafik\" target=\"_blank\">V\u00e4sttrafiks sida p\u00e5 Facebook<\/a><\/strong>, som \u00e4r en offentlig sida. Jag hoppas fler reagerar. Det kanske \u00e4r f\u00f6rsent att g\u00f6ra n\u00e5got \u00e5t \u00e5rets situation, men till n\u00e4sta \u00e5r kanske n\u00e5gon kan t\u00e4nka till!<\/div>\n<div>\u00a0<\/div>\n","protected":false},"excerpt":{"rendered":"<p>K\u00e4ra ansvariga f\u00f6r trafikplaneringen p\u00e5 V\u00e4sttrafik! \u00a0 Jag undrar lite hur man fr\u00e5n V\u00e4sttrafiks sida har t\u00e4nkt, n\u00e4r man under Kulturkalaset endast k\u00f6r ordinarie turer till orter utanf\u00f6r stor-G\u00f6teborg. Vi som bor i de yttre delarna av regionen har ingen m\u00f6jlighet att njuta av och uppleva de evenemang som sker kv\u00e4llstid, eftersom vi m\u00e5ste passa&#8230;<\/p>\n","protected":false},"author":1,"featured_media":0,"comment_status":"open","ping_status":"open","sticky":false,"template":"","format":"standard","meta":{"jetpack_post_was_ever_published":false,"_jetpack_newsletter_access":"","_jetpack_dont_email_post_to_subs":false,"_jetpack_newsletter_tier_id":0,"_jetpack_memberships_contains_paywalled_content":false,"_jetpack_memberships_contains_paid_content":false,"footnotes":"","jetpack_publicize_message":"","jetpack_publicize_feature_enabled":true,"jetpack_social_post_already_shared":true,"jetpack_social_options":{"image_generator_settings":{"template":"highway","default_image_id":0,"font":"","enabled":false},"version":2}},"categories":[47],"tags":[274,275,279,277,217,149,268,276,278],"class_list":["post-3110","post","type-post","status-publish","format-standard","hentry","category-vardagsliv","tag-buss","tag-bussar","tag-goteborg","tag-kollektivtrafik","tag-kulturkalas","tag-resa","tag-tag","tag-tidtabell","tag-vasttrafik"],"jetpack_publicize_connections":[],"jetpack_featured_media_url":"","jetpack_shortlink":"https:\/\/wp.me\/p3qko4-Oa","jetpack_sharing_enabled":true,"jetpack_likes_enabled":true,"jetpack-related-posts":[{"id":35,"url":"https:\/\/blogg.fumei.se\/?p=35","url_meta":{"origin":3110,"position":0},"title":"S\u00f6ndag p\u00e5 Torsdag","author":"M :)","date":"2011-06-02","format":false,"excerpt":"Ja det \u00e4r ju lite s\u00e5 det \u00e4r, n\u00e4r det \u00e4r \"r\u00f6d\" dag i almanackan och helgdag. Aff\u00e4rer, banker och andra mer eller mindre viktiga institutioner och inr\u00e4ttningar h\u00e5ller st\u00e4ngt. Dock inte sjukhus, vilket inneb\u00e4r att jag jobbar \u00e4ven s\u00e5dana dagar. Tyv\u00e4rr blir det inte av att jag g\u00f6r det,\u2026","rel":"","context":"I \u201dVardagsliv\u201d","block_context":{"text":"Vardagsliv","link":"https:\/\/blogg.fumei.se\/?cat=47"},"img":{"alt_text":"","src":"","width":0,"height":0},"classes":[]},{"id":1000,"url":"https:\/\/blogg.fumei.se\/?p=1000","url_meta":{"origin":3110,"position":1},"title":"S\u00e5 himla tr\u00f6ttsamt","author":"M :)","date":"2009-06-06","format":false,"excerpt":"att bo i den h\u00e4r h\u00e5lan. Inte bara f\u00f6r att det \u00e4r litet och tr\u00e5ngsynt och tr\u00e5kigt, utan \u00e4ven f\u00f6r att SJ och V\u00e4sttrafik har f\u00e5tt f\u00f6r sig att vi som bor h\u00e4r inte \u00e5ker varken t\u00e5g eller buss s\u00e4rskilt mycket eller ofta.Idag skulle jag ju \u00e5ka till Sylwia med\u2026","rel":"","context":"I \u201dVardagsliv\u201d","block_context":{"text":"Vardagsliv","link":"https:\/\/blogg.fumei.se\/?cat=47"},"img":{"alt_text":"","src":"","width":0,"height":0},"classes":[]},{"id":1400,"url":"https:\/\/blogg.fumei.se\/?p=1400","url_meta":{"origin":3110,"position":2},"title":"Pyjamasparty","author":"M :)","date":"2011-09-14","format":false,"excerpt":"I m\u00e5ndags efter jobbet satte jag mig som vanligt p\u00e5 t\u00e5get mot Sk\u00f6vde f\u00f6r att \u00e5ka hem. N\u00e4r vi var ett par minuter f\u00f6rsenade iv\u00e4g meddelade kondukt\u00f6ren - f\u00f6rl\u00e5t, t\u00e5gv\u00e4rden - att vi skulle bli ytterligare lite sena f\u00f6r det hade fallit ett tr\u00e4d \u00f6ver ett sp\u00e5r ovanf\u00f6r Alings\u00e5s, s\u00e5\u2026","rel":"","context":"I \u201dVardagsliv\u201d","block_context":{"text":"Vardagsliv","link":"https:\/\/blogg.fumei.se\/?cat=47"},"img":{"alt_text":"","src":"","width":0,"height":0},"classes":[]},{"id":7125,"url":"https:\/\/blogg.fumei.se\/?p=7125","url_meta":{"origin":3110,"position":3},"title":"\u00d6ppet brev till V\u00e4sttrafik","author":"M :)","date":"2023-11-01","format":false,"excerpt":"Det k\u00e4nns som att V\u00e4sttrafik har ett personligt uppdrag att g\u00f6ra livet sv\u00e5rt f\u00f6r oss resen\u00e4rer. Jag vet inte hur m\u00e5nga g\u00e5nger jag har st\u00e5tt vid en h\u00e5llplats och v\u00e4ntat p\u00e5 en buss som inte kommer i tid eller som inte dyker upp alls. Det \u00e4r frustrerande att konstant beh\u00f6va\u2026","rel":"","context":"I \u201dVardagsliv\u201d","block_context":{"text":"Vardagsliv","link":"https:\/\/blogg.fumei.se\/?cat=47"},"img":{"alt_text":"","src":"","width":0,"height":0},"classes":[]},{"id":33,"url":"https:\/\/blogg.fumei.se\/?p=33","url_meta":{"origin":3110,"position":4},"title":"Morgonmorr","author":"M :)","date":"2011-06-07","format":false,"excerpt":"Klev (som vanligt) upp 4.15 och gjorde mig i ordning f\u00f6r att \u00e5ka till jobbet. Klickade som vanligt fram [Trafikverkets sida f\u00f6r t\u00e5ginformation]. D\u00e4r stod inget s\u00e4rskilt, men ankomst- och avg\u00e5ngstider var inte heller ifyllda f\u00f6r varje station. det h\u00e4nder ibland att den som ska skriva in informationen inte hinner\u2026","rel":"","context":"I \u201dVardagsliv\u201d","block_context":{"text":"Vardagsliv","link":"https:\/\/blogg.fumei.se\/?cat=47"},"img":{"alt_text":"","src":"","width":0,"height":0},"classes":[]},{"id":1226,"url":"https:\/\/blogg.fumei.se\/?p=1226","url_meta":{"origin":3110,"position":5},"title":"Happy andra advent!","author":"M :)","date":"2009-12-06","format":false,"excerpt":"Idag \u00e4r det 17 dagar kvar till julafton. Fortsatt sn\u00f6fritt, men fortsatt bl\u00f6tt. trist. Det \u00e4r nu man vill att sn\u00f6n ska b\u00f6rja falla s\u00e5 man hinner komma i julst\u00e4mning. Jul utan sn\u00f6 k\u00e4nns inte riktigt som jul, om jag f\u00e5r s\u00e4ga vad jag tycker. Har inte t\u00e4nt andra ljuset\u2026","rel":"","context":"I \u201dVardagsliv\u201d","block_context":{"text":"Vardagsliv","link":"https:\/\/blogg.fumei.se\/?cat=47"},"img":{"alt_text":"","src":"","width":0,"height":0},"classes":[]}],"_links":{"self":[{"href":"https:\/\/blogg.fumei.se\/index.php?rest_route=\/wp\/v2\/posts\/3110","targetHints":{"allow":["GET"]}}],"collection":[{"href":"https:\/\/blogg.fumei.se\/index.php?rest_route=\/wp\/v2\/posts"}],"about":[{"href":"https:\/\/blogg.fumei.se\/index.php?rest_route=\/wp\/v2\/types\/post"}],"author":[{"embeddable":true,"href":"https:\/\/blogg.fumei.se\/index.php?rest_route=\/wp\/v2\/users\/1"}],"replies":[{"embeddable":true,"href":"https:\/\/blogg.fumei.se\/index.php?rest_route=%2Fwp%2Fv2%2Fcomments&post=3110"}],"version-history":[{"count":2,"href":"https:\/\/blogg.fumei.se\/index.php?rest_route=\/wp\/v2\/posts\/3110\/revisions"}],"predecessor-version":[{"id":3112,"href":"https:\/\/blogg.fumei.se\/index.php?rest_route=\/wp\/v2\/posts\/3110\/revisions\/3112"}],"wp:attachment":[{"href":"https:\/\/blogg.fumei.se\/index.php?rest_route=%2Fwp%2Fv2%2Fmedia&parent=3110"}],"wp:term":[{"taxonomy":"category","embeddable":true,"href":"https:\/\/blogg.fumei.se\/index.php?rest_route=%2Fwp%2Fv2%2Fcategories&post=3110"},{"taxonomy":"post_tag","embeddable":true,"href":"https:\/\/blogg.fumei.se\/index.php?rest_route=%2Fwp%2Fv2%2Ftags&post=3110"}],"curies":[{"name":"wp","href":"https:\/\/api.w.org\/{rel}","templated":true}]}}