{"id":315,"date":"2010-01-27T17:29:00","date_gmt":"2010-01-27T17:29:00","guid":{"rendered":"\/Blogg\/post\/Men-lagg-av.aspx"},"modified":"2024-03-24T16:59:50","modified_gmt":"2024-03-24T15:59:50","slug":"men-lagg-av","status":"publish","type":"post","link":"https:\/\/blogg.fumei.se\/?p=315","title":{"rendered":"Men l\u00e4gg av&#8230;"},"content":{"rendered":"\n<p>Mera sn\u00f6. Sn\u00f6 p\u00e5 tv\u00e4ren, sn\u00f6 p\u00e5 l\u00e4ngden, sn\u00f6 i stora h\u00f6gar och drivor, sn\u00f6 \u00f6verallt. Inte \u00e4r det n\u00e5gon som skottar eller plogar som de ska heller, s\u00e5 det \u00e4r sn\u00f6 \u00f6verallt d\u00e4r man m\u00e5ste g\u00e5, och stora vallar att ta sig \u00f6ver n\u00e4r man ska \u00f6ver n\u00e5n gata. Jag kan f\u00f6rst\u00e5 om man v\u00e4ljer att v\u00e4nta tills det slutar sn\u00f6a, men n\u00e4r det inte kommit n\u00e5t p\u00e5 l\u00e4nge och det fortfarande inte blivit skottat eller plogat? Han som plogar v\u00e4gen h\u00e4r utanf\u00f6r mitt hus har inte ens en plog, bara en skopa, och det blir inte s\u00e5 himla bra r\u00f6jt med en s\u00e5n. Vaktis h\u00e4r har inte visat sig med skyffeln sen strax efter jul. Jag kan nog, utan att ta i f\u00f6r mycket, s\u00e4ga att det nedtrampade sn\u00f6lagret p\u00e5 g\u00e5ngar och trottoarer utanf\u00f6r huset \u00e4r ungef\u00e4r 6-7 cm tjockt. Blir nog j\u00e4ttekul n\u00e4r det b\u00f6rjar t\u00f6a och sen fryser p\u00e5 igen. D\u00e5 f\u00e5r man v\u00e4l ha skridskor ist\u00e4llet f\u00f6r skor p\u00e5 f\u00f6tterna n\u00e4r man ska ut.<\/p>\n\n\n\n<p>Annars \u00e4r jag tr\u00f6tt. Idag ocks\u00e5, ja. Det hj\u00e4lpte bata lite, lite grann att sova 6 timmar inatt. Som tur var, s\u00e5 hade jag en helt okej dag p\u00e5 jobbet idag. Jag hade inte s\u00e5 mycket med patienterna att g\u00f6ra, trots att jag fick sl\u00e4ppa min f\u00f6rr\u00e5dsdag och vara helt i v\u00e5rden, s\u00e5 jag lade tiden p\u00e5 att r\u00f6ja, st\u00e4da och plocka i ordning p\u00e5 avdelningen ist\u00e4llet. Jag hann med lite f\u00f6rr\u00e5dsarbete ocks\u00e5, s\u00e5 man kan v\u00e4l s\u00e4ga att jag fick gjort dubbelt s\u00e5 mycket som jag borde gjort idag, fast utan stress!<\/p>\n\n\n\n<p>Ikv\u00e4ll t\u00e4nker jag l\u00e4gga mig tidigt, dvs i samma tid som n\u00e4r jag ska upp 4.15, mest f\u00f6r att jag \u00e4r s\u00e5 tr\u00f6tt, men ocks\u00e5 f\u00f6r att jag ska jobba imorgon natt, s\u00e5 jag t\u00e4nkte g\u00e5 upp med barnen imorgon bitti och sen st\u00e4da ordentligt h\u00e4r hemma, s\u00e5 att jag hinner bli lite tr\u00f6tt inf\u00f6r taktiks\u00f6mnen. Det \u00e4r annars ganska jobbigt att f\u00f6rs\u00f6ka sova n\u00e5gra timmar mitt p\u00e5 dagen om man inte \u00e4r tr\u00f6tt, och s\u00e5 blir man s\u00e5 tr\u00f6tt s\u00e5 man m\u00e5r illa p\u00e5 natten ist\u00e4llet.<\/p>\n\n\n\n<p>Nu ska jag och Robin f\u00f6rs\u00f6ka klura ut vad vi ska ha till middag. Fia \u00e4r ute och k\u00e4kar pizza med n\u00e5gra kompisar, s\u00e5 vi kan \u00e4ta n\u00e5got som hon inte gillar. <\/p>\n","protected":false},"excerpt":{"rendered":"<p>Mera sn\u00f6. Sn\u00f6 p\u00e5 tv\u00e4ren, sn\u00f6 p\u00e5 l\u00e4ngden, sn\u00f6 i stora h\u00f6gar och drivor, sn\u00f6 \u00f6verallt. Inte \u00e4r det n\u00e5gon som skottar eller plogar som de ska heller, s\u00e5 det \u00e4r sn\u00f6 \u00f6verallt d\u00e4r man m\u00e5ste g\u00e5, och stora vallar att ta sig \u00f6ver n\u00e4r man ska \u00f6ver n\u00e5n gata. Jag kan f\u00f6rst\u00e5 om man&#8230;<\/p>\n","protected":false},"author":1,"featured_media":0,"comment_status":"open","ping_status":"open","sticky":false,"template":"","format":"standard","meta":{"jetpack_post_was_ever_published":false,"_jetpack_newsletter_access":"","_jetpack_dont_email_post_to_subs":false,"_jetpack_newsletter_tier_id":0,"_jetpack_memberships_contains_paywalled_content":false,"_jetpack_memberships_contains_paid_content":false,"footnotes":"","jetpack_publicize_message":"","jetpack_publicize_feature_enabled":true,"jetpack_social_post_already_shared":false,"jetpack_social_options":{"image_generator_settings":{"template":"highway","default_image_id":0,"font":"","enabled":false},"version":2}},"categories":[47],"tags":[],"class_list":["post-315","post","type-post","status-publish","format-standard","hentry","category-vardagsliv"],"jetpack_publicize_connections":[],"jetpack_featured_media_url":"","jetpack_shortlink":"https:\/\/wp.me\/p3qko4-55","jetpack_sharing_enabled":true,"jetpack_likes_enabled":true,"jetpack-related-posts":[{"id":290,"url":"https:\/\/blogg.fumei.se\/?p=290","url_meta":{"origin":315,"position":0},"title":"Enformigt arbete","author":"EmEff","date":"2010-02-21","format":false,"excerpt":"Jag har roat mig en stund med att l\u00e4gga ut n\u00e5gra annonser p\u00e5 Tradera. Jag k\u00e4nner\u00a0att om jag nu ska g\u00f6ra mig av med en massa kl\u00e4der som bara ligger och skr\u00e4par, s\u00e5 kan jag lika g\u00e4rna f\u00f6rs\u00f6ka f\u00e5 n\u00e5gra korv\u00e4ren f\u00f6r dem, s\u00e5 jag har fotograferat och s\u00e5 har\u2026","rel":"","context":"I \u201dVardagsliv\u201d","block_context":{"text":"Vardagsliv","link":"https:\/\/blogg.fumei.se\/?cat=47"},"img":{"alt_text":"","src":"","width":0,"height":0},"classes":[]},{"id":649,"url":"https:\/\/blogg.fumei.se\/?p=649","url_meta":{"origin":315,"position":1},"title":"Nu \u00e4r det vinter&#8230;","author":"M :)","date":"2008-11-23","format":false,"excerpt":"men inga skidor. Inte \u00e4n. Och min vana trogen l\u00e4r det inte bli n\u00e5gra skidor den h\u00e4r vintern heller f\u00f6r min del. Jag gillar helt enkelt inte skid\u00e5kning. Eller n\u00e5gon vintersport, f\u00f6r den delen. Undantaget konst\u00e5kning, som jag kan sitta och titta p\u00e5 f\u00f6r att det \u00e4r vackert. Men sn\u00f6\u2026","rel":"","context":"I \u201dVardagsliv\u201d","block_context":{"text":"Vardagsliv","link":"https:\/\/blogg.fumei.se\/?cat=47"},"img":{"alt_text":"","src":"","width":0,"height":0},"classes":[]},{"id":1180,"url":"https:\/\/blogg.fumei.se\/?p=1180","url_meta":{"origin":315,"position":2},"title":"Slutet \u00e4r n\u00e4ra&#8230;","author":"M :)","date":"2009-11-30","format":false,"excerpt":"Idag \u00e4r det officiellt h\u00f6stens sista dag, och imorgon \u00e4r det 1:a December och den f\u00f6rsta vinterm\u00e5naden b\u00f6rjar. Ska bli intressant att se hur l\u00e4nge v\u00e4dret envist t\u00e4nker h\u00e5lla sig kvar i h\u00f6sten innan vi f\u00e5r sn\u00f6 och riktig vinter.Ig\u00e5r var det f\u00f6rsta Advent. Jag orkade inte blogga ig\u00e5r, f\u00f6r\u2026","rel":"","context":"I \u201dVardagsliv\u201d","block_context":{"text":"Vardagsliv","link":"https:\/\/blogg.fumei.se\/?cat=47"},"img":{"alt_text":"","src":"","width":0,"height":0},"classes":[]},{"id":283,"url":"https:\/\/blogg.fumei.se\/?p=283","url_meta":{"origin":315,"position":3},"title":"M\u00e5ndag&#8230;","author":"M :)","date":"2010-03-01","format":false,"excerpt":"bara ordet s\u00e4ger en hel del om vad f\u00f6r slags dag det har varit idag.... Det b\u00f6rjade redan ig\u00e5r, n\u00e4r jag var glad och trodde att jag skulle vara ledig idag, men d\u00e5 tittade Robin i almanackan och s\u00e5g att jag jobbar 7-16. Jaha. Upp 4.30 d\u00e5, och ut i\u2026","rel":"","context":"I \u201dVardagsliv\u201d","block_context":{"text":"Vardagsliv","link":"https:\/\/blogg.fumei.se\/?cat=47"},"img":{"alt_text":"","src":"","width":0,"height":0},"classes":[]},{"id":2027,"url":"https:\/\/blogg.fumei.se\/?p=2027","url_meta":{"origin":315,"position":4},"title":"Mera promenixande","author":"M :)","date":"2012-01-07","format":false,"excerpt":"N\u00e4r jag satt och \u00e5t min frukost b\u00f6rjade det sn\u00f6a! Fort som attan fick jag gjort det jag skulle och p\u00e5 med paltorna, och sen gick jag och Stella en l\u00e5ng runda genom skogen och bara nj\u00f6t av sn\u00f6flingorna! Det sn\u00f6ade resten av eftermiddagen, i varierande styrka, och \u00e4n s\u00e5\u2026","rel":"","context":"I \u201dPSP\u201d","block_context":{"text":"PSP","link":"https:\/\/blogg.fumei.se\/?cat=62"},"img":{"alt_text":"","src":"https:\/\/i0.wp.com\/blogg.fumei.se\/wp-content\/uploads\/2012\/01\/sn%C3%B6Januari-emeff2012.jpg?resize=350%2C200","width":350,"height":200,"srcset":"https:\/\/i0.wp.com\/blogg.fumei.se\/wp-content\/uploads\/2012\/01\/sn%C3%B6Januari-emeff2012.jpg?resize=350%2C200 1x, https:\/\/i0.wp.com\/blogg.fumei.se\/wp-content\/uploads\/2012\/01\/sn%C3%B6Januari-emeff2012.jpg?resize=525%2C300 1.5x"},"classes":[]},{"id":310,"url":"https:\/\/blogg.fumei.se\/?p=310","url_meta":{"origin":315,"position":5},"title":"M\u00e5ndag. Igen.","author":"M :)","date":"2010-02-01","format":false,"excerpt":"Var p\u00e5 vippen att skriva \"hur m\u00e5nga m\u00e5ndagar finns det egentligen?\", men kom p\u00e5 att det kunde nog uppfattas lite blont haha. Men ibland k\u00e4nns det som om det nyss var b\u00f6rjan p\u00e5 veckan, och s\u00e5 \u00e4r det pl\u00f6tsligt det igen! Jag \u00e4r i alla fall ledig idag, och har\u2026","rel":"","context":"I \u201dVardagsliv\u201d","block_context":{"text":"Vardagsliv","link":"https:\/\/blogg.fumei.se\/?cat=47"},"img":{"alt_text":"","src":"","width":0,"height":0},"classes":[]}],"_links":{"self":[{"href":"https:\/\/blogg.fumei.se\/index.php?rest_route=\/wp\/v2\/posts\/315","targetHints":{"allow":["GET"]}}],"collection":[{"href":"https:\/\/blogg.fumei.se\/index.php?rest_route=\/wp\/v2\/posts"}],"about":[{"href":"https:\/\/blogg.fumei.se\/index.php?rest_route=\/wp\/v2\/types\/post"}],"author":[{"embeddable":true,"href":"https:\/\/blogg.fumei.se\/index.php?rest_route=\/wp\/v2\/users\/1"}],"replies":[{"embeddable":true,"href":"https:\/\/blogg.fumei.se\/index.php?rest_route=%2Fwp%2Fv2%2Fcomments&post=315"}],"version-history":[{"count":1,"href":"https:\/\/blogg.fumei.se\/index.php?rest_route=\/wp\/v2\/posts\/315\/revisions"}],"predecessor-version":[{"id":6681,"href":"https:\/\/blogg.fumei.se\/index.php?rest_route=\/wp\/v2\/posts\/315\/revisions\/6681"}],"wp:attachment":[{"href":"https:\/\/blogg.fumei.se\/index.php?rest_route=%2Fwp%2Fv2%2Fmedia&parent=315"}],"wp:term":[{"taxonomy":"category","embeddable":true,"href":"https:\/\/blogg.fumei.se\/index.php?rest_route=%2Fwp%2Fv2%2Fcategories&post=315"},{"taxonomy":"post_tag","embeddable":true,"href":"https:\/\/blogg.fumei.se\/index.php?rest_route=%2Fwp%2Fv2%2Ftags&post=315"}],"curies":[{"name":"wp","href":"https:\/\/api.w.org\/{rel}","templated":true}]}}